{"id":19018,"date":"2024-04-09T15:34:43","date_gmt":"2024-04-09T18:34:43","guid":{"rendered":"https:\/\/pc.sc.gov.br\/?p=19018"},"modified":"2024-04-09T15:35:34","modified_gmt":"2024-04-09T18:35:34","slug":"policia-civil-prende-homem-por-descumprimento-de-medida-protetiva-de-forma-reiterada-em-canoinhas","status":"publish","type":"post","link":"https:\/\/pc.sc.gov.br\/?p=19018","title":{"rendered":"Pol\u00edcia Civil prende homem por descumprimento de medida protetiva de forma reiterada em Canoinhas"},"content":{"rendered":"\t\t<div data-elementor-type=\"wp-post\" data-elementor-id=\"19018\" class=\"elementor elementor-19018\" data-elementor-post-type=\"post\">\n\t\t\t\t\t\t<section class=\"elementor-section elementor-top-section elementor-element elementor-element-ed9f531 elementor-section-boxed elementor-section-height-default elementor-section-height-default\" data-id=\"ed9f531\" data-element_type=\"section\">\n\t\t\t\t\t\t<div class=\"elementor-container elementor-column-gap-default\">\n\t\t\t\t\t<div class=\"elementor-column elementor-col-100 elementor-top-column elementor-element elementor-element-f23d2a3\" data-id=\"f23d2a3\" data-element_type=\"column\">\n\t\t\t<div class=\"elementor-widget-wrap elementor-element-populated\">\n\t\t\t\t\t\t<div class=\"elementor-element elementor-element-453aecd elementor-widget elementor-widget-heading\" data-id=\"453aecd\" data-element_type=\"widget\" data-widget_type=\"heading.default\">\n\t\t\t\t<div class=\"elementor-widget-container\">\n\t\t\t\t\t<h2 class=\"elementor-heading-title elementor-size-default\">Pol\u00edcia Civil prende homem por descumprimento de medida protetiva de forma reiterada em Canoinhas <\/h2>\t\t\t\t<\/div>\n\t\t\t\t<\/div>\n\t\t\t\t\t<\/div>\n\t\t<\/div>\n\t\t\t\t\t<\/div>\n\t\t<\/section>\n\t\t\t\t<section class=\"elementor-section elementor-top-section elementor-element elementor-element-5e37351 elementor-section-boxed elementor-section-height-default elementor-section-height-default\" data-id=\"5e37351\" data-element_type=\"section\">\n\t\t\t\t\t\t<div class=\"elementor-container elementor-column-gap-default\">\n\t\t\t\t\t<div class=\"elementor-column elementor-col-100 elementor-top-column elementor-element elementor-element-59649d2\" data-id=\"59649d2\" data-element_type=\"column\">\n\t\t\t<div class=\"elementor-widget-wrap elementor-element-populated\">\n\t\t\t\t\t\t<div class=\"elementor-element elementor-element-6c302bc elementor-widget elementor-widget-image\" data-id=\"6c302bc\" data-element_type=\"widget\" data-widget_type=\"image.default\">\n\t\t\t\t<div class=\"elementor-widget-container\">\n\t\t\t\t\t\t\t\t\t\t\t\t\t\t\t<img fetchpriority=\"high\" decoding=\"async\" width=\"696\" height=\"318\" src=\"https:\/\/pc.sc.gov.br\/\/wp-content\/uploads\/2023\/06\/VIATURA_DPCAMI1-e1758915309751-1024x468.jpg\" class=\"attachment-large size-large wp-image-10063\" alt=\"\" srcset=\"https:\/\/pc.sc.gov.br\/\/wp-content\/uploads\/2023\/06\/VIATURA_DPCAMI1-e1758915309751-1024x468.jpg 1024w, https:\/\/pc.sc.gov.br\/\/wp-content\/uploads\/2023\/06\/VIATURA_DPCAMI1-e1758915309751-300x137.jpg 300w, https:\/\/pc.sc.gov.br\/\/wp-content\/uploads\/2023\/06\/VIATURA_DPCAMI1-e1758915309751-768x351.jpg 768w, https:\/\/pc.sc.gov.br\/\/wp-content\/uploads\/2023\/06\/VIATURA_DPCAMI1-e1758915309751.jpg 1195w\" sizes=\"(max-width: 696px) 100vw, 696px\" \/>\t\t\t\t\t\t\t\t\t\t\t\t\t\t\t<\/div>\n\t\t\t\t<\/div>\n\t\t\t\t\t<\/div>\n\t\t<\/div>\n\t\t\t\t\t<\/div>\n\t\t<\/section>\n\t\t\t\t<section class=\"elementor-section elementor-top-section elementor-element elementor-element-21d5881 elementor-section-boxed elementor-section-height-default elementor-section-height-default\" data-id=\"21d5881\" data-element_type=\"section\">\n\t\t\t\t\t\t<div class=\"elementor-container elementor-column-gap-default\">\n\t\t\t\t\t<div class=\"elementor-column elementor-col-100 elementor-top-column elementor-element elementor-element-8207296\" data-id=\"8207296\" data-element_type=\"column\">\n\t\t\t<div class=\"elementor-widget-wrap elementor-element-populated\">\n\t\t\t\t\t\t<div class=\"elementor-element elementor-element-8a27305 elementor-widget elementor-widget-text-editor\" data-id=\"8a27305\" data-element_type=\"widget\" data-widget_type=\"text-editor.default\">\n\t\t\t\t<div class=\"elementor-widget-container\">\n\t\t\t\t\t\t\t\t\t<p>A Pol\u00edcia Civil de Santa Catarina, por meio da Delegacia de Prote\u00e7\u00e3o \u00e0 Crian\u00e7a, ao Adolescente, \u00e0 Mulher e ao Idoso de Canoinhas, localizou e prendeu um homem ap\u00f3s, por reiteradas vezes, tentar desafiar a ordem judicial e n\u00e3o cumprir integralmente as medidas protetivas de urg\u00eancia vigentes em seu desfavor.<br \/><br \/>\u00a0Em uma oportunidade, o homem, proibido de manter contato e de se aproximar da v\u00edtima, invadiu sua resid\u00eancia durante a noite arrombando a porta de entrada. Em outra, ap\u00f3s proferir amea\u00e7as de morte, conseguiu fugir da Pol\u00edcia Militar.<br \/><br \/>\u00a0Ap\u00f3s a ci\u00eancia dos fatos, o Delegado Respons\u00e1vel pela DPCAMI de Canoinhas representou pela pris\u00e3o do acusado ao Poder Judici\u00e1rio, e, com manifesta\u00e7\u00e3o favor\u00e1vel do MPSC, o agressor foi detido e conduzido ao Pres\u00eddio Regional de Canoinhas, encerrando por completo a escalada de viol\u00eancia dom\u00e9stica e familiar contra a mulher.<\/p>\t\t\t\t\t\t\t\t<\/div>\n\t\t\t\t<\/div>\n\t\t\t\t\t<\/div>\n\t\t<\/div>\n\t\t\t\t\t<\/div>\n\t\t<\/section>\n\t\t\t\t<\/div>\n\t\t","protected":false},"excerpt":{"rendered":"<p>Pol\u00edcia Civil prende homem por descumprimento de medida protetiva de forma reiterada em Canoinhas A Pol\u00edcia Civil de Santa Catarina, por meio da Delegacia de Prote\u00e7\u00e3o \u00e0 Crian\u00e7a, ao Adolescente, \u00e0 Mulher e ao Idoso de Canoinhas, localizou e prendeu um homem ap\u00f3s, por reiteradas vezes, tentar desafiar a ordem judicial e n\u00e3o cumprir integralmente [&hellip;]<\/p>\n","protected":false},"author":5,"featured_media":10063,"comment_status":"closed","ping_status":"open","sticky":false,"template":"","format":"standard","meta":{"_monsterinsights_skip_tracking":false,"_monsterinsights_sitenote_active":false,"_monsterinsights_sitenote_note":"","_monsterinsights_sitenote_category":0,"footnotes":""},"categories":[1],"tags":[],"class_list":["post-19018","post","type-post","status-publish","format-standard","has-post-thumbnail","hentry","category-sem-categoria"],"_links":{"self":[{"href":"https:\/\/pc.sc.gov.br\/index.php?rest_route=\/wp\/v2\/posts\/19018","targetHints":{"allow":["GET"]}}],"collection":[{"href":"https:\/\/pc.sc.gov.br\/index.php?rest_route=\/wp\/v2\/posts"}],"about":[{"href":"https:\/\/pc.sc.gov.br\/index.php?rest_route=\/wp\/v2\/types\/post"}],"author":[{"embeddable":true,"href":"https:\/\/pc.sc.gov.br\/index.php?rest_route=\/wp\/v2\/users\/5"}],"replies":[{"embeddable":true,"href":"https:\/\/pc.sc.gov.br\/index.php?rest_route=%2Fwp%2Fv2%2Fcomments&post=19018"}],"version-history":[{"count":4,"href":"https:\/\/pc.sc.gov.br\/index.php?rest_route=\/wp\/v2\/posts\/19018\/revisions"}],"predecessor-version":[{"id":19022,"href":"https:\/\/pc.sc.gov.br\/index.php?rest_route=\/wp\/v2\/posts\/19018\/revisions\/19022"}],"wp:featuredmedia":[{"embeddable":true,"href":"https:\/\/pc.sc.gov.br\/index.php?rest_route=\/wp\/v2\/media\/10063"}],"wp:attachment":[{"href":"https:\/\/pc.sc.gov.br\/index.php?rest_route=%2Fwp%2Fv2%2Fmedia&parent=19018"}],"wp:term":[{"taxonomy":"category","embeddable":true,"href":"https:\/\/pc.sc.gov.br\/index.php?rest_route=%2Fwp%2Fv2%2Fcategories&post=19018"},{"taxonomy":"post_tag","embeddable":true,"href":"https:\/\/pc.sc.gov.br\/index.php?rest_route=%2Fwp%2Fv2%2Ftags&post=19018"}],"curies":[{"name":"wp","href":"https:\/\/api.w.org\/{rel}","templated":true}]}}