{"id":19029,"date":"2024-04-10T13:25:37","date_gmt":"2024-04-10T16:25:37","guid":{"rendered":"https:\/\/pc.sc.gov.br\/?p=19029"},"modified":"2024-04-10T13:27:29","modified_gmt":"2024-04-10T16:27:29","slug":"policia-civil-deflagra-operacao-familia-primum-em-combate-a-irregularidades-pregao-eletronico-para-compras-de-notebooks","status":"publish","type":"post","link":"https:\/\/pc.sc.gov.br\/?p=19029","title":{"rendered":"Pol\u00edcia Civil deflagra opera\u00e7\u00e3o \u201cFam\u00edlia Primum\u201d em combate a irregularidades em preg\u00e3o eletr\u00f4nico para compras de notebooks"},"content":{"rendered":"\t\t<div data-elementor-type=\"wp-post\" data-elementor-id=\"19029\" class=\"elementor elementor-19029\" data-elementor-post-type=\"post\">\n\t\t\t\t\t\t<section class=\"elementor-section elementor-top-section elementor-element elementor-element-422c29e elementor-section-boxed elementor-section-height-default elementor-section-height-default\" data-id=\"422c29e\" data-element_type=\"section\">\n\t\t\t\t\t\t<div class=\"elementor-container elementor-column-gap-default\">\n\t\t\t\t\t<div class=\"elementor-column elementor-col-100 elementor-top-column elementor-element elementor-element-ebe75a8\" data-id=\"ebe75a8\" data-element_type=\"column\">\n\t\t\t<div class=\"elementor-widget-wrap elementor-element-populated\">\n\t\t\t\t\t\t<div class=\"elementor-element elementor-element-cb13a4e elementor-widget elementor-widget-heading\" data-id=\"cb13a4e\" data-element_type=\"widget\" data-widget_type=\"heading.default\">\n\t\t\t\t<div class=\"elementor-widget-container\">\n\t\t\t\t\t<h2 class=\"elementor-heading-title elementor-size-default\">Pol\u00edcia Civil deflagra opera\u00e7\u00e3o \u201cFam\u00edlia Primum\u201d em combate a irregularidades em preg\u00e3o eletr\u00f4nico para compras de notebooks <\/h2>\t\t\t\t<\/div>\n\t\t\t\t<\/div>\n\t\t\t\t\t<\/div>\n\t\t<\/div>\n\t\t\t\t\t<\/div>\n\t\t<\/section>\n\t\t\t\t<section class=\"elementor-section elementor-top-section elementor-element elementor-element-23ec785 elementor-section-boxed elementor-section-height-default elementor-section-height-default\" data-id=\"23ec785\" data-element_type=\"section\">\n\t\t\t\t\t\t<div class=\"elementor-container elementor-column-gap-default\">\n\t\t\t\t\t<div class=\"elementor-column elementor-col-100 elementor-top-column elementor-element elementor-element-ed09ec1\" data-id=\"ed09ec1\" data-element_type=\"column\">\n\t\t\t<div class=\"elementor-widget-wrap elementor-element-populated\">\n\t\t\t\t\t\t<div class=\"elementor-element elementor-element-51326db elementor-widget elementor-widget-image\" data-id=\"51326db\" data-element_type=\"widget\" data-widget_type=\"image.default\">\n\t\t\t\t<div class=\"elementor-widget-container\">\n\t\t\t\t\t\t\t\t\t\t\t\t\t\t\t<img fetchpriority=\"high\" decoding=\"async\" width=\"696\" height=\"522\" src=\"https:\/\/pc.sc.gov.br\/\/wp-content\/uploads\/2024\/04\/WhatsApp-Image-2024-04-10-at-08.39.46-1024x768.jpeg\" class=\"attachment-large size-large wp-image-19032\" alt=\"\" srcset=\"https:\/\/pc.sc.gov.br\/\/wp-content\/uploads\/2024\/04\/WhatsApp-Image-2024-04-10-at-08.39.46-1024x768.jpeg 1024w, https:\/\/pc.sc.gov.br\/\/wp-content\/uploads\/2024\/04\/WhatsApp-Image-2024-04-10-at-08.39.46-300x225.jpeg 300w, https:\/\/pc.sc.gov.br\/\/wp-content\/uploads\/2024\/04\/WhatsApp-Image-2024-04-10-at-08.39.46-768x576.jpeg 768w, https:\/\/pc.sc.gov.br\/\/wp-content\/uploads\/2024\/04\/WhatsApp-Image-2024-04-10-at-08.39.46.jpeg 1280w\" sizes=\"(max-width: 696px) 100vw, 696px\" \/>\t\t\t\t\t\t\t\t\t\t\t\t\t\t\t<\/div>\n\t\t\t\t<\/div>\n\t\t\t\t\t<\/div>\n\t\t<\/div>\n\t\t\t\t\t<\/div>\n\t\t<\/section>\n\t\t\t\t<section class=\"elementor-section elementor-top-section elementor-element elementor-element-c651c31 elementor-section-boxed elementor-section-height-default elementor-section-height-default\" data-id=\"c651c31\" data-element_type=\"section\">\n\t\t\t\t\t\t<div class=\"elementor-container elementor-column-gap-default\">\n\t\t\t\t\t<div class=\"elementor-column elementor-col-100 elementor-top-column elementor-element elementor-element-8d7f86e\" data-id=\"8d7f86e\" data-element_type=\"column\">\n\t\t\t<div class=\"elementor-widget-wrap elementor-element-populated\">\n\t\t\t\t\t\t<div class=\"elementor-element elementor-element-a1e4683 elementor-widget elementor-widget-text-editor\" data-id=\"a1e4683\" data-element_type=\"widget\" data-widget_type=\"text-editor.default\">\n\t\t\t\t<div class=\"elementor-widget-container\">\n\t\t\t\t\t\t\t\t\t<p>Nesta quarta-feira (10), a Pol\u00edcia Civil de Santa Catarina, por meio da Delegacia Especializada no Combate \u00e0 Corrup\u00e7\u00e3o e Crimes contra o Patrim\u00f4nio P\u00fablico da Diretoria Estadual de Investiga\u00e7\u00f5es Criminais (DECOR\/DEIC), cumpriu dez mandados de busca e apreens\u00e3o nos munic\u00edpios de Joinville, Barra Velha e Itapo\u00e1.<\/p><p>A opera\u00e7\u00e3o foi deflagrada com vistas a apurar a pr\u00e1tica dos delitos de falsidade ideol\u00f3gica, frustra\u00e7\u00e3o do car\u00e1ter competitivo de licita\u00e7\u00e3o e associa\u00e7\u00e3o criminosa, em tese, perpetrados por membros de uma mesma fam\u00edlia de empres\u00e1rios.<\/p><p>A investiga\u00e7\u00e3o apontou irregularidades praticadas no \u00e2mbito de um preg\u00e3o eletr\u00f4nico, promovido pela Secretaria de Estado da Educa\u00e7\u00e3o, em 2021, destinado \u00e0 aquisi\u00e7\u00e3o de 40 mil notebooks. O mencionado certame foi dividido em dois lotes, a cota principal previu o registro de pre\u00e7os de 30 mil equipamentos, enquanto que a cota reservada, relativa \u00e0 microempresas e empresas de pequeno porte, era de 10 mil notebooks.<\/p><p>No tocante ao lote geral, os 30 mil notebooks foram adquiridos pelo pre\u00e7o unit\u00e1rio de R$ 4.091,00, enquanto que no lote reservado \u00e0s MEs e EPPs, o equipamento custou R$ 4.600,00 a unidade, perfazendo um total de R$ 46 milh\u00f5es pelos 10 mil aparelhos. Desse modo, estima-se que o dano aos cofres p\u00fablicos tenha atingido o montante de R$ 5.090.000,00, valor consistente na diferen\u00e7a de pre\u00e7os registrada entre a cota principal e a reservada. \u00a0<\/p><p>A empresa vencedora do certame foi criada por jovem de apenas 18 anos de idade, em maio de 2021, com capital social de somente R$ 15.000,00 (quinze mil reais) e sem nenhum empregado registrado, quando j\u00e1 havia sido iniciada a fase interna da licita\u00e7\u00e3o no \u00e2mbito da Secretaria de Estado da Educa\u00e7\u00e3o.<\/p><p>H\u00e1 fortes ind\u00edcios de que os membros da fam\u00edlia investigada associaram-se, de forma ordenada e com divis\u00e3o de tarefas, com o fim frustrar o car\u00e1ter competitivo de diversos processos licitat\u00f3rios. A estrat\u00e9gia, capitaneada pelo patriarca, empres\u00e1rio do ramo de tecnologia, baseava-se na constitui\u00e7\u00e3o de pequenas empresas por interpostas pessoas, com a utiliza\u00e7\u00e3o da expertise, estrutura, equipamentos e conhecimento t\u00e9cnico de uma grande empresa, para impossibilitar que verdadeiras EPPs ou MEs tivessem qualquer condi\u00e7\u00e3o de concorrer.<\/p><p>Diante dos robustos ind\u00edcios da pr\u00e1tica dos mencionados delitos, a Pol\u00edcia Civil instaurou inqu\u00e9rito policial e representou pela expedi\u00e7\u00e3o dos mandados de busca e apreens\u00e3o, bloqueio de bens, no montante do preju\u00edzo ao er\u00e1rio (R$ 5.090.000,000), e para que as pessoas f\u00edsicas e jur\u00eddicas sejam proibidas de contratar com o Poder P\u00fablico.<\/p><p>Durante as dilig\u00eancias, foram apreendidos tr\u00eas ve\u00edculos de luxo, documentos e equipamentos eletr\u00f4nicos, que ser\u00e3o devidamente periciados e analisados, com a finalidade de elucidar totalmente o caso e identificar eventual participa\u00e7\u00e3o de outros envolvidos.<\/p><p>Participaram da Opera\u00e7\u00e3o a Diretoria da DEIC, a Coordenadoria Estadual de Combate \u00e0 Corrup\u00e7\u00e3o, a 2\u00aa DECOR e a 3\u00aa DECOR, coordenados pela equipe de investiga\u00e7\u00e3o da DECOR\/DEIC.<\/p>\t\t\t\t\t\t\t\t<\/div>\n\t\t\t\t<\/div>\n\t\t\t\t\t<\/div>\n\t\t<\/div>\n\t\t\t\t\t<\/div>\n\t\t<\/section>\n\t\t\t\t<section class=\"elementor-section elementor-top-section elementor-element elementor-element-db8ca4b elementor-section-boxed elementor-section-height-default elementor-section-height-default\" data-id=\"db8ca4b\" data-element_type=\"section\">\n\t\t\t\t\t\t<div class=\"elementor-container elementor-column-gap-default\">\n\t\t\t\t\t<div class=\"elementor-column elementor-col-100 elementor-top-column elementor-element elementor-element-13444a4\" data-id=\"13444a4\" data-element_type=\"column\">\n\t\t\t<div class=\"elementor-widget-wrap elementor-element-populated\">\n\t\t\t\t\t\t<div class=\"elementor-element elementor-element-6771915 elementor-widget elementor-widget-image\" data-id=\"6771915\" data-element_type=\"widget\" data-widget_type=\"image.default\">\n\t\t\t\t<div class=\"elementor-widget-container\">\n\t\t\t\t\t\t\t\t\t\t\t\t\t\t\t<img decoding=\"async\" width=\"696\" height=\"522\" src=\"https:\/\/pc.sc.gov.br\/\/wp-content\/uploads\/2024\/04\/WhatsApp-Image-2024-04-10-at-08.39.47-1024x768.jpeg\" class=\"attachment-large size-large wp-image-19031\" alt=\"\" srcset=\"https:\/\/pc.sc.gov.br\/\/wp-content\/uploads\/2024\/04\/WhatsApp-Image-2024-04-10-at-08.39.47-1024x768.jpeg 1024w, https:\/\/pc.sc.gov.br\/\/wp-content\/uploads\/2024\/04\/WhatsApp-Image-2024-04-10-at-08.39.47-300x225.jpeg 300w, https:\/\/pc.sc.gov.br\/\/wp-content\/uploads\/2024\/04\/WhatsApp-Image-2024-04-10-at-08.39.47-768x576.jpeg 768w, https:\/\/pc.sc.gov.br\/\/wp-content\/uploads\/2024\/04\/WhatsApp-Image-2024-04-10-at-08.39.47.jpeg 1280w\" sizes=\"(max-width: 696px) 100vw, 696px\" \/>\t\t\t\t\t\t\t\t\t\t\t\t\t\t\t<\/div>\n\t\t\t\t<\/div>\n\t\t\t\t\t<\/div>\n\t\t<\/div>\n\t\t\t\t\t<\/div>\n\t\t<\/section>\n\t\t\t\t<\/div>\n\t\t","protected":false},"excerpt":{"rendered":"<p>Pol\u00edcia Civil deflagra opera\u00e7\u00e3o \u201cFam\u00edlia Primum\u201d em combate a irregularidades em preg\u00e3o eletr\u00f4nico para compras de notebooks Nesta quarta-feira (10), a Pol\u00edcia Civil de Santa Catarina, por meio da Delegacia Especializada no Combate \u00e0 Corrup\u00e7\u00e3o e Crimes contra o Patrim\u00f4nio P\u00fablico da Diretoria Estadual de Investiga\u00e7\u00f5es Criminais (DECOR\/DEIC), cumpriu dez mandados de busca e apreens\u00e3o [&hellip;]<\/p>\n","protected":false},"author":5,"featured_media":19032,"comment_status":"closed","ping_status":"open","sticky":false,"template":"","format":"standard","meta":{"_monsterinsights_skip_tracking":false,"_monsterinsights_sitenote_active":false,"_monsterinsights_sitenote_note":"","_monsterinsights_sitenote_category":0,"footnotes":""},"categories":[1],"tags":[],"class_list":["post-19029","post","type-post","status-publish","format-standard","has-post-thumbnail","hentry","category-sem-categoria"],"_links":{"self":[{"href":"https:\/\/pc.sc.gov.br\/index.php?rest_route=\/wp\/v2\/posts\/19029","targetHints":{"allow":["GET"]}}],"collection":[{"href":"https:\/\/pc.sc.gov.br\/index.php?rest_route=\/wp\/v2\/posts"}],"about":[{"href":"https:\/\/pc.sc.gov.br\/index.php?rest_route=\/wp\/v2\/types\/post"}],"author":[{"embeddable":true,"href":"https:\/\/pc.sc.gov.br\/index.php?rest_route=\/wp\/v2\/users\/5"}],"replies":[{"embeddable":true,"href":"https:\/\/pc.sc.gov.br\/index.php?rest_route=%2Fwp%2Fv2%2Fcomments&post=19029"}],"version-history":[{"count":8,"href":"https:\/\/pc.sc.gov.br\/index.php?rest_route=\/wp\/v2\/posts\/19029\/revisions"}],"predecessor-version":[{"id":19040,"href":"https:\/\/pc.sc.gov.br\/index.php?rest_route=\/wp\/v2\/posts\/19029\/revisions\/19040"}],"wp:featuredmedia":[{"embeddable":true,"href":"https:\/\/pc.sc.gov.br\/index.php?rest_route=\/wp\/v2\/media\/19032"}],"wp:attachment":[{"href":"https:\/\/pc.sc.gov.br\/index.php?rest_route=%2Fwp%2Fv2%2Fmedia&parent=19029"}],"wp:term":[{"taxonomy":"category","embeddable":true,"href":"https:\/\/pc.sc.gov.br\/index.php?rest_route=%2Fwp%2Fv2%2Fcategories&post=19029"},{"taxonomy":"post_tag","embeddable":true,"href":"https:\/\/pc.sc.gov.br\/index.php?rest_route=%2Fwp%2Fv2%2Ftags&post=19029"}],"curies":[{"name":"wp","href":"https:\/\/api.w.org\/{rel}","templated":true}]}}