{"id":19041,"date":"2024-04-10T14:51:19","date_gmt":"2024-04-10T17:51:19","guid":{"rendered":"https:\/\/pc.sc.gov.br\/?p=19041"},"modified":"2024-04-10T14:53:37","modified_gmt":"2024-04-10T17:53:37","slug":"policia-civil-de-santa-catarina-participa-da-operacao-squadrone-da-policia-civil-do-rio-grande-do-sul-contra-o-narcotrafico","status":"publish","type":"post","link":"https:\/\/pc.sc.gov.br\/?p=19041","title":{"rendered":"Pol\u00edcia Civil de Santa Catarina participa da opera\u00e7\u00e3o \u201cSquadrone\u201d da Pol\u00edcia Civil do Rio Grande do Sul contra o narcotr\u00e1fico"},"content":{"rendered":"\t\t<div data-elementor-type=\"wp-post\" data-elementor-id=\"19041\" class=\"elementor elementor-19041\" data-elementor-post-type=\"post\">\n\t\t\t\t\t\t<section class=\"elementor-section elementor-top-section elementor-element elementor-element-2652a48 elementor-section-boxed elementor-section-height-default elementor-section-height-default\" data-id=\"2652a48\" data-element_type=\"section\">\n\t\t\t\t\t\t<div class=\"elementor-container elementor-column-gap-default\">\n\t\t\t\t\t<div class=\"elementor-column elementor-col-100 elementor-top-column elementor-element elementor-element-23d56bf\" data-id=\"23d56bf\" data-element_type=\"column\">\n\t\t\t<div class=\"elementor-widget-wrap elementor-element-populated\">\n\t\t\t\t\t\t<div class=\"elementor-element elementor-element-43dde1b elementor-widget elementor-widget-heading\" data-id=\"43dde1b\" data-element_type=\"widget\" data-widget_type=\"heading.default\">\n\t\t\t\t<div class=\"elementor-widget-container\">\n\t\t\t\t\t<h2 class=\"elementor-heading-title elementor-size-default\">Pol\u00edcia Civil de Santa Catarina participa da opera\u00e7\u00e3o \u201cSquadrone\u201d da Pol\u00edcia Civil do Rio Grande do Sul contra o narcotr\u00e1fico <\/h2>\t\t\t\t<\/div>\n\t\t\t\t<\/div>\n\t\t\t\t\t<\/div>\n\t\t<\/div>\n\t\t\t\t\t<\/div>\n\t\t<\/section>\n\t\t\t\t<section class=\"elementor-section elementor-top-section elementor-element elementor-element-3a708a5 elementor-section-boxed elementor-section-height-default elementor-section-height-default\" data-id=\"3a708a5\" data-element_type=\"section\">\n\t\t\t\t\t\t<div class=\"elementor-container elementor-column-gap-default\">\n\t\t\t\t\t<div class=\"elementor-column elementor-col-100 elementor-top-column elementor-element elementor-element-140716f\" data-id=\"140716f\" data-element_type=\"column\">\n\t\t\t<div class=\"elementor-widget-wrap elementor-element-populated\">\n\t\t\t\t\t\t<div class=\"elementor-element elementor-element-7570180 elementor-widget elementor-widget-image\" data-id=\"7570180\" data-element_type=\"widget\" data-widget_type=\"image.default\">\n\t\t\t\t<div class=\"elementor-widget-container\">\n\t\t\t\t\t\t\t\t\t\t\t\t\t\t\t<img fetchpriority=\"high\" decoding=\"async\" width=\"696\" height=\"928\" src=\"https:\/\/pc.sc.gov.br\/\/wp-content\/uploads\/2024\/04\/WhatsApp-Image-2024-04-10-at-06.58.01-768x1024.jpeg\" class=\"attachment-large size-large wp-image-19045\" alt=\"\" srcset=\"https:\/\/pc.sc.gov.br\/\/wp-content\/uploads\/2024\/04\/WhatsApp-Image-2024-04-10-at-06.58.01-768x1024.jpeg 768w, https:\/\/pc.sc.gov.br\/\/wp-content\/uploads\/2024\/04\/WhatsApp-Image-2024-04-10-at-06.58.01-225x300.jpeg 225w, https:\/\/pc.sc.gov.br\/\/wp-content\/uploads\/2024\/04\/WhatsApp-Image-2024-04-10-at-06.58.01.jpeg 960w\" sizes=\"(max-width: 696px) 100vw, 696px\" \/>\t\t\t\t\t\t\t\t\t\t\t\t\t\t\t<\/div>\n\t\t\t\t<\/div>\n\t\t\t\t\t<\/div>\n\t\t<\/div>\n\t\t\t\t\t<\/div>\n\t\t<\/section>\n\t\t\t\t<section class=\"elementor-section elementor-top-section elementor-element elementor-element-589e1fd elementor-section-boxed elementor-section-height-default elementor-section-height-default\" data-id=\"589e1fd\" data-element_type=\"section\">\n\t\t\t\t\t\t<div class=\"elementor-container elementor-column-gap-default\">\n\t\t\t\t\t<div class=\"elementor-column elementor-col-100 elementor-top-column elementor-element elementor-element-77018d6\" data-id=\"77018d6\" data-element_type=\"column\">\n\t\t\t<div class=\"elementor-widget-wrap elementor-element-populated\">\n\t\t\t\t\t\t<div class=\"elementor-element elementor-element-5ec7fdc elementor-widget elementor-widget-text-editor\" data-id=\"5ec7fdc\" data-element_type=\"widget\" data-widget_type=\"text-editor.default\">\n\t\t\t\t<div class=\"elementor-widget-container\">\n\t\t\t\t\t\t\t\t\t<p>Nesta quarta-feira (10), a Pol\u00edcia Civil de Santa Catarina prestou apoio \u00e0 opera\u00e7\u00e3o \u201cSquadrone\u201d, deflagrada pela 2\u00aa Delegacia de Repress\u00e3o ao Narcotr\u00e1fico da Pol\u00edcia Civil do Rio Grande do Sul, em combate aos delitos de tr\u00e1fico de drogas, associa\u00e7\u00e3o para o tr\u00e1fico, porte ilegal de armas de fogo e com\u00e9rcio irregular de muni\u00e7\u00f5es e armas de fogo.<\/p><p>A a\u00e7\u00e3o teve suporte do projeto I.M.P.U.L.S.E. da Diretoria de Opera\u00e7\u00f5es Integradas e de Intelig\u00eancia do Minist\u00e9rio da Justi\u00e7a (DIOPI), e foi deflagrada em conjunto com as Pol\u00edcias Civis dos Estados do Paran\u00e1 e de S\u00e3o Paulo. No total, foram cumpridos 31 mandados de pris\u00e3o, 43 de busca e apreens\u00e3o, 26 bloqueios de contas banc\u00e1rias e 4 ordens de restri\u00e7\u00f5es veiculares em quatro estado e vinte munic\u00edpios.<\/p>\t\t\t\t\t\t\t\t<\/div>\n\t\t\t\t<\/div>\n\t\t\t\t\t<\/div>\n\t\t<\/div>\n\t\t\t\t\t<\/div>\n\t\t<\/section>\n\t\t\t\t<section class=\"elementor-section elementor-top-section elementor-element elementor-element-b4227aa elementor-section-boxed elementor-section-height-default elementor-section-height-default\" data-id=\"b4227aa\" data-element_type=\"section\">\n\t\t\t\t\t\t<div class=\"elementor-container elementor-column-gap-default\">\n\t\t\t\t\t<div class=\"elementor-column elementor-col-100 elementor-top-column elementor-element elementor-element-748962f\" data-id=\"748962f\" data-element_type=\"column\">\n\t\t\t<div class=\"elementor-widget-wrap elementor-element-populated\">\n\t\t\t\t\t\t<div class=\"elementor-element elementor-element-1a006c5 elementor-widget elementor-widget-image\" data-id=\"1a006c5\" data-element_type=\"widget\" data-widget_type=\"image.default\">\n\t\t\t\t<div class=\"elementor-widget-container\">\n\t\t\t\t\t\t\t\t\t\t\t\t\t\t\t<img decoding=\"async\" width=\"696\" height=\"522\" src=\"https:\/\/pc.sc.gov.br\/\/wp-content\/uploads\/2024\/04\/WhatsApp-Image-2024-04-10-at-06.58.02-1024x768.jpeg\" class=\"attachment-large size-large wp-image-19044\" alt=\"\" srcset=\"https:\/\/pc.sc.gov.br\/\/wp-content\/uploads\/2024\/04\/WhatsApp-Image-2024-04-10-at-06.58.02-1024x768.jpeg 1024w, https:\/\/pc.sc.gov.br\/\/wp-content\/uploads\/2024\/04\/WhatsApp-Image-2024-04-10-at-06.58.02-300x225.jpeg 300w, https:\/\/pc.sc.gov.br\/\/wp-content\/uploads\/2024\/04\/WhatsApp-Image-2024-04-10-at-06.58.02-768x576.jpeg 768w, https:\/\/pc.sc.gov.br\/\/wp-content\/uploads\/2024\/04\/WhatsApp-Image-2024-04-10-at-06.58.02.jpeg 1280w\" sizes=\"(max-width: 696px) 100vw, 696px\" \/>\t\t\t\t\t\t\t\t\t\t\t\t\t\t\t<\/div>\n\t\t\t\t<\/div>\n\t\t\t\t\t<\/div>\n\t\t<\/div>\n\t\t\t\t\t<\/div>\n\t\t<\/section>\n\t\t\t\t<section class=\"elementor-section elementor-top-section elementor-element elementor-element-f4aa926 elementor-section-boxed elementor-section-height-default elementor-section-height-default\" data-id=\"f4aa926\" data-element_type=\"section\">\n\t\t\t\t\t\t<div class=\"elementor-container elementor-column-gap-default\">\n\t\t\t\t\t<div class=\"elementor-column elementor-col-100 elementor-top-column elementor-element elementor-element-97f217e\" data-id=\"97f217e\" data-element_type=\"column\">\n\t\t\t<div class=\"elementor-widget-wrap elementor-element-populated\">\n\t\t\t\t\t\t<div class=\"elementor-element elementor-element-f2a1cb2 elementor-widget elementor-widget-text-editor\" data-id=\"f2a1cb2\" data-element_type=\"widget\" data-widget_type=\"text-editor.default\">\n\t\t\t\t<div class=\"elementor-widget-container\">\n\t\t\t\t\t\t\t\t\t<p><b>Santa Catarina<\/b><\/p>\n<p>Segundo o diretor da DEIC\/PCSC, delegado Daniel R\u00e9gis, a Pol\u00edcia Civil de Santa Catarina prioriza esse tipo de a\u00e7\u00e3o integrada com outras pol\u00edcias civis do Brasil. Ele destacou tamb\u00e9m o importante apoio log\u00edstico fornecido pelo Minist\u00e9rio da Justi\u00e7a e Seguran\u00e7a P\u00fablica, atrav\u00e9s da DIOPI, que permite que as investiga\u00e7\u00f5es possam abranger todos os estados da Federa\u00e7\u00e3o.<\/p>\n<p>Em Santa Catarina, a a\u00e7\u00e3o ocorreu em Balne\u00e1rio Arroio do Silva, Balne\u00e1rio Rinc\u00e3o, Balne\u00e1rio Cambori\u00fa, Crici\u00fama, I\u00e7ara, Itaja\u00ed, Itapema, Joinville, Navegantes, Penha e Tubar\u00e3o. Participaram da a\u00e7\u00e3o cerca de 190 policiais das institui\u00e7\u00f5es envolvidas. No estado, foram cumpridos 23 mandados de busca e apreens\u00e3o e 17 de pris\u00f5es (um dos alvos n\u00e3o foi localizado).<\/p>\t\t\t\t\t\t\t\t<\/div>\n\t\t\t\t<\/div>\n\t\t\t\t\t<\/div>\n\t\t<\/div>\n\t\t\t\t\t<\/div>\n\t\t<\/section>\n\t\t\t\t<section class=\"elementor-section elementor-top-section elementor-element elementor-element-c403f77 elementor-section-boxed elementor-section-height-default elementor-section-height-default\" data-id=\"c403f77\" data-element_type=\"section\">\n\t\t\t\t\t\t<div class=\"elementor-container elementor-column-gap-default\">\n\t\t\t\t\t<div class=\"elementor-column elementor-col-100 elementor-top-column elementor-element elementor-element-7e3f946\" data-id=\"7e3f946\" data-element_type=\"column\">\n\t\t\t<div class=\"elementor-widget-wrap elementor-element-populated\">\n\t\t\t\t\t\t<div class=\"elementor-element elementor-element-0d730d2 elementor-widget elementor-widget-image\" data-id=\"0d730d2\" data-element_type=\"widget\" data-widget_type=\"image.default\">\n\t\t\t\t<div class=\"elementor-widget-container\">\n\t\t\t\t\t\t\t\t\t\t\t\t\t\t\t<img decoding=\"async\" width=\"576\" height=\"1024\" src=\"https:\/\/pc.sc.gov.br\/\/wp-content\/uploads\/2024\/04\/WhatsApp-Image-2024-04-10-at-06.58.54-576x1024.jpeg\" class=\"attachment-large size-large wp-image-19043\" alt=\"\" srcset=\"https:\/\/pc.sc.gov.br\/\/wp-content\/uploads\/2024\/04\/WhatsApp-Image-2024-04-10-at-06.58.54-576x1024.jpeg 576w, https:\/\/pc.sc.gov.br\/\/wp-content\/uploads\/2024\/04\/WhatsApp-Image-2024-04-10-at-06.58.54-169x300.jpeg 169w, https:\/\/pc.sc.gov.br\/\/wp-content\/uploads\/2024\/04\/WhatsApp-Image-2024-04-10-at-06.58.54.jpeg 720w\" sizes=\"(max-width: 576px) 100vw, 576px\" \/>\t\t\t\t\t\t\t\t\t\t\t\t\t\t\t<\/div>\n\t\t\t\t<\/div>\n\t\t\t\t\t<\/div>\n\t\t<\/div>\n\t\t\t\t\t<\/div>\n\t\t<\/section>\n\t\t\t\t<section class=\"elementor-section elementor-top-section elementor-element elementor-element-7b73e3c elementor-section-boxed elementor-section-height-default elementor-section-height-default\" data-id=\"7b73e3c\" data-element_type=\"section\">\n\t\t\t\t\t\t<div class=\"elementor-container elementor-column-gap-default\">\n\t\t\t\t\t<div class=\"elementor-column elementor-col-100 elementor-top-column elementor-element elementor-element-9637ad7\" data-id=\"9637ad7\" data-element_type=\"column\">\n\t\t\t<div class=\"elementor-widget-wrap elementor-element-populated\">\n\t\t\t\t\t\t<div class=\"elementor-element elementor-element-f200210 elementor-widget elementor-widget-text-editor\" data-id=\"f200210\" data-element_type=\"widget\" data-widget_type=\"text-editor.default\">\n\t\t\t\t<div class=\"elementor-widget-container\">\n\t\t\t\t\t\t\t\t\t<p><b>Entenda o caso<\/b><\/p>\n<p>As investiga\u00e7\u00f5es iniciaram h\u00e1 mais de quinze meses, oportunidade em que os policiais civis do Rio Grande do Sul efetuaram a pris\u00e3o em flagrante de um casal (um homem com antecedentes policiais no estado de Santa Catarina e uma mulher paranaense menor de idade) comercializando tijolos de crack no Bairro Intercap, em Porto Alegre.<\/p>\n<p>A partir dessa dilig\u00eancia, ap\u00f3s autoriza\u00e7\u00e3o judicial em cautelar representada pela Autoridade Policial ga\u00facha, as dilig\u00eancias investigativas que se seguiram demonstraram a exist\u00eancia de uma esp\u00e9cie de cons\u00f3rcio e \u201calian\u00e7a\u201d envolvendo dois dos principais grupos de narcotr\u00e1fico do Rio Grande do Sul (com origem no Vale dos Sinos) e de Santa Catarina (com origem na Capital Catarinense), visando \u00e0 transa\u00e7\u00e3o e com\u00e9rcio de subst\u00e2ncias entorpecentes.<\/p>\n<p>Apurou-se que um dos indiv\u00edduos, alvo da Opera\u00e7\u00e3o, era respons\u00e1vel pela conex\u00e3o entre as duas fac\u00e7\u00f5es que realizavam vultosas negocia\u00e7\u00f5es de entorpecentes, principalmente coca\u00edna e crack. Um dos l\u00edderes da fac\u00e7\u00e3o criminosa de Santa Catarina acabou sendo executado por desafetos de fac\u00e7\u00e3o rival em setembro de 2023 na cidade de Crici\u00fama.<\/p>\n<p>Segundo as investiga\u00e7\u00f5es, no intervalo de 15 dias, os criminosos movimentaram mais de R$ 5 milh\u00f5es de reais com a venda de coca\u00edna e crack intermediada entre as c\u00e9lulas das fac\u00e7\u00f5es de SC e RS. O dinheiro recebido em esp\u00e9cie era destinado para contas de empresas de fachada para os estados do Paran\u00e1 e S\u00e3o Paulo, e tamb\u00e9m para uma casa de c\u00e2mbio no estado de SC, alvo de execu\u00e7\u00e3o de mandado de busca na manh\u00e3 do dia de hoje pelos Policiais Civis ga\u00fachos e catarinenses.<\/p>\n<p>De acordo com o que se pode apurar no decorrer das dilig\u00eancias investigativas, um dos principais alvos da ofensiva policial deflagrada hoje (um traficante portugu\u00eas naturalizado brasileiro), fazia a comercializa\u00e7\u00e3o de drogas em seu perfil nas redes sociais, e com os lucros obtidos com a mercancia das drogas sustentava verdadeira vida de luxo.<\/p>\n<p>Alguns dos integrantes da associa\u00e7\u00e3o criminosa que enriqueciam com o tr\u00e1fico de drogas j\u00e1 se encontravam presos no sistema penitenci\u00e1rio, utilizando os lucros para obterem regalias nos estabelecimentos prisionais.<\/p>\n<p>As medidas cautelares executadas pelos policiais civis hoje foram expedidas pelo Poder Judici\u00e1rio Ga\u00facho (Foro Central de Porto Alegre), ap\u00f3s parecer favor\u00e1vel exarado pelo Promotor de Justi\u00e7a do Minist\u00e9rio P\u00fablico Estadual do RS, oficiante perante aquele Ju\u00edzo e com atribui\u00e7\u00e3o para o Feito.<\/p>\t\t\t\t\t\t\t\t<\/div>\n\t\t\t\t<\/div>\n\t\t\t\t\t<\/div>\n\t\t<\/div>\n\t\t\t\t\t<\/div>\n\t\t<\/section>\n\t\t\t\t<section class=\"elementor-section elementor-top-section elementor-element elementor-element-7913bad elementor-section-boxed elementor-section-height-default elementor-section-height-default\" data-id=\"7913bad\" data-element_type=\"section\">\n\t\t\t\t\t\t<div class=\"elementor-container elementor-column-gap-default\">\n\t\t\t\t\t<div class=\"elementor-column elementor-col-100 elementor-top-column elementor-element elementor-element-62a459f\" data-id=\"62a459f\" data-element_type=\"column\">\n\t\t\t<div class=\"elementor-widget-wrap elementor-element-populated\">\n\t\t\t\t\t\t<div class=\"elementor-element elementor-element-fae20b0 elementor-widget elementor-widget-image\" data-id=\"fae20b0\" data-element_type=\"widget\" data-widget_type=\"image.default\">\n\t\t\t\t<div class=\"elementor-widget-container\">\n\t\t\t\t\t\t\t\t\t\t\t\t\t\t\t<img loading=\"lazy\" decoding=\"async\" width=\"576\" height=\"1024\" src=\"https:\/\/pc.sc.gov.br\/\/wp-content\/uploads\/2024\/04\/WhatsApp-Image-2024-04-10-at-11.28.42-576x1024.jpeg\" class=\"attachment-large size-large wp-image-19042\" alt=\"\" srcset=\"https:\/\/pc.sc.gov.br\/\/wp-content\/uploads\/2024\/04\/WhatsApp-Image-2024-04-10-at-11.28.42-576x1024.jpeg 576w, https:\/\/pc.sc.gov.br\/\/wp-content\/uploads\/2024\/04\/WhatsApp-Image-2024-04-10-at-11.28.42-169x300.jpeg 169w, https:\/\/pc.sc.gov.br\/\/wp-content\/uploads\/2024\/04\/WhatsApp-Image-2024-04-10-at-11.28.42-768x1366.jpeg 768w, https:\/\/pc.sc.gov.br\/\/wp-content\/uploads\/2024\/04\/WhatsApp-Image-2024-04-10-at-11.28.42-864x1536.jpeg 864w, https:\/\/pc.sc.gov.br\/\/wp-content\/uploads\/2024\/04\/WhatsApp-Image-2024-04-10-at-11.28.42.jpeg 899w\" sizes=\"(max-width: 576px) 100vw, 576px\" \/>\t\t\t\t\t\t\t\t\t\t\t\t\t\t\t<\/div>\n\t\t\t\t<\/div>\n\t\t\t\t\t<\/div>\n\t\t<\/div>\n\t\t\t\t\t<\/div>\n\t\t<\/section>\n\t\t\t\t<\/div>\n\t\t","protected":false},"excerpt":{"rendered":"<p>Pol\u00edcia Civil de Santa Catarina participa da opera\u00e7\u00e3o \u201cSquadrone\u201d da Pol\u00edcia Civil do Rio Grande do Sul contra o narcotr\u00e1fico Nesta quarta-feira (10), a Pol\u00edcia Civil de Santa Catarina prestou apoio \u00e0 opera\u00e7\u00e3o \u201cSquadrone\u201d, deflagrada pela 2\u00aa Delegacia de Repress\u00e3o ao Narcotr\u00e1fico da Pol\u00edcia Civil do Rio Grande do Sul, em combate aos delitos de [&hellip;]<\/p>\n","protected":false},"author":5,"featured_media":19045,"comment_status":"closed","ping_status":"open","sticky":false,"template":"","format":"standard","meta":{"_monsterinsights_skip_tracking":false,"_monsterinsights_sitenote_active":false,"_monsterinsights_sitenote_note":"","_monsterinsights_sitenote_category":0,"footnotes":""},"categories":[1],"tags":[],"class_list":["post-19041","post","type-post","status-publish","format-standard","has-post-thumbnail","hentry","category-sem-categoria"],"_links":{"self":[{"href":"https:\/\/pc.sc.gov.br\/index.php?rest_route=\/wp\/v2\/posts\/19041","targetHints":{"allow":["GET"]}}],"collection":[{"href":"https:\/\/pc.sc.gov.br\/index.php?rest_route=\/wp\/v2\/posts"}],"about":[{"href":"https:\/\/pc.sc.gov.br\/index.php?rest_route=\/wp\/v2\/types\/post"}],"author":[{"embeddable":true,"href":"https:\/\/pc.sc.gov.br\/index.php?rest_route=\/wp\/v2\/users\/5"}],"replies":[{"embeddable":true,"href":"https:\/\/pc.sc.gov.br\/index.php?rest_route=%2Fwp%2Fv2%2Fcomments&post=19041"}],"version-history":[{"count":4,"href":"https:\/\/pc.sc.gov.br\/index.php?rest_route=\/wp\/v2\/posts\/19041\/revisions"}],"predecessor-version":[{"id":19049,"href":"https:\/\/pc.sc.gov.br\/index.php?rest_route=\/wp\/v2\/posts\/19041\/revisions\/19049"}],"wp:featuredmedia":[{"embeddable":true,"href":"https:\/\/pc.sc.gov.br\/index.php?rest_route=\/wp\/v2\/media\/19045"}],"wp:attachment":[{"href":"https:\/\/pc.sc.gov.br\/index.php?rest_route=%2Fwp%2Fv2%2Fmedia&parent=19041"}],"wp:term":[{"taxonomy":"category","embeddable":true,"href":"https:\/\/pc.sc.gov.br\/index.php?rest_route=%2Fwp%2Fv2%2Fcategories&post=19041"},{"taxonomy":"post_tag","embeddable":true,"href":"https:\/\/pc.sc.gov.br\/index.php?rest_route=%2Fwp%2Fv2%2Ftags&post=19041"}],"curies":[{"name":"wp","href":"https:\/\/api.w.org\/{rel}","templated":true}]}}