{"id":19107,"date":"2024-04-12T13:09:02","date_gmt":"2024-04-12T16:09:02","guid":{"rendered":"https:\/\/pc.sc.gov.br\/?p=19107"},"modified":"2024-04-12T13:09:50","modified_gmt":"2024-04-12T16:09:50","slug":"policias-civil-e-militar-deflagram-operacao-em-otacilio-costa-e-prendem-dois-homens-em-flagrante","status":"publish","type":"post","link":"https:\/\/pc.sc.gov.br\/?p=19107","title":{"rendered":"Pol\u00edcias Civil e Militar deflagram opera\u00e7\u00e3o em Otac\u00edlio Costa e prendem dois homens em flagrante"},"content":{"rendered":"\t\t<div data-elementor-type=\"wp-post\" data-elementor-id=\"19107\" class=\"elementor elementor-19107\" data-elementor-post-type=\"post\">\n\t\t\t\t\t\t<section class=\"elementor-section elementor-top-section elementor-element elementor-element-75261f4 elementor-section-boxed elementor-section-height-default elementor-section-height-default\" data-id=\"75261f4\" data-element_type=\"section\">\n\t\t\t\t\t\t<div class=\"elementor-container elementor-column-gap-default\">\n\t\t\t\t\t<div class=\"elementor-column elementor-col-100 elementor-top-column elementor-element elementor-element-c7af846\" data-id=\"c7af846\" data-element_type=\"column\">\n\t\t\t<div class=\"elementor-widget-wrap elementor-element-populated\">\n\t\t\t\t\t\t<div class=\"elementor-element elementor-element-d83d65b elementor-widget elementor-widget-heading\" data-id=\"d83d65b\" data-element_type=\"widget\" data-widget_type=\"heading.default\">\n\t\t\t\t<div class=\"elementor-widget-container\">\n\t\t\t\t\t<h2 class=\"elementor-heading-title elementor-size-default\">Pol\u00edcias Civil e Militar deflagram opera\u00e7\u00e3o em Otac\u00edlio Costa e prendem dois homens em flagrante<\/h2>\t\t\t\t<\/div>\n\t\t\t\t<\/div>\n\t\t\t\t\t<\/div>\n\t\t<\/div>\n\t\t\t\t\t<\/div>\n\t\t<\/section>\n\t\t\t\t<section class=\"elementor-section elementor-top-section elementor-element elementor-element-69ef137 elementor-section-boxed elementor-section-height-default elementor-section-height-default\" data-id=\"69ef137\" data-element_type=\"section\">\n\t\t\t\t\t\t<div class=\"elementor-container elementor-column-gap-default\">\n\t\t\t\t\t<div class=\"elementor-column elementor-col-100 elementor-top-column elementor-element elementor-element-8ec11bd\" data-id=\"8ec11bd\" data-element_type=\"column\">\n\t\t\t<div class=\"elementor-widget-wrap elementor-element-populated\">\n\t\t\t\t\t\t<div class=\"elementor-element elementor-element-d8dd41c elementor-widget elementor-widget-image\" data-id=\"d8dd41c\" data-element_type=\"widget\" data-widget_type=\"image.default\">\n\t\t\t\t<div class=\"elementor-widget-container\">\n\t\t\t\t\t\t\t\t\t\t\t\t\t\t\t<img fetchpriority=\"high\" decoding=\"async\" width=\"696\" height=\"524\" src=\"https:\/\/pc.sc.gov.br\/\/wp-content\/uploads\/2024\/04\/WhatsApp-Image-2024-04-12-at-09.41.05-1024x771.jpeg\" class=\"attachment-large size-large wp-image-19108\" alt=\"\" srcset=\"https:\/\/pc.sc.gov.br\/\/wp-content\/uploads\/2024\/04\/WhatsApp-Image-2024-04-12-at-09.41.05-1024x771.jpeg 1024w, https:\/\/pc.sc.gov.br\/\/wp-content\/uploads\/2024\/04\/WhatsApp-Image-2024-04-12-at-09.41.05-300x226.jpeg 300w, https:\/\/pc.sc.gov.br\/\/wp-content\/uploads\/2024\/04\/WhatsApp-Image-2024-04-12-at-09.41.05-768x578.jpeg 768w, https:\/\/pc.sc.gov.br\/\/wp-content\/uploads\/2024\/04\/WhatsApp-Image-2024-04-12-at-09.41.05-1536x1156.jpeg 1536w, https:\/\/pc.sc.gov.br\/\/wp-content\/uploads\/2024\/04\/WhatsApp-Image-2024-04-12-at-09.41.05.jpeg 1600w\" sizes=\"(max-width: 696px) 100vw, 696px\" \/>\t\t\t\t\t\t\t\t\t\t\t\t\t\t\t<\/div>\n\t\t\t\t<\/div>\n\t\t\t\t\t<\/div>\n\t\t<\/div>\n\t\t\t\t\t<\/div>\n\t\t<\/section>\n\t\t\t\t<section class=\"elementor-section elementor-top-section elementor-element elementor-element-e59b160 elementor-section-boxed elementor-section-height-default elementor-section-height-default\" data-id=\"e59b160\" data-element_type=\"section\">\n\t\t\t\t\t\t<div class=\"elementor-container elementor-column-gap-default\">\n\t\t\t\t\t<div class=\"elementor-column elementor-col-100 elementor-top-column elementor-element elementor-element-cf91888\" data-id=\"cf91888\" data-element_type=\"column\">\n\t\t\t<div class=\"elementor-widget-wrap elementor-element-populated\">\n\t\t\t\t\t\t<div class=\"elementor-element elementor-element-708b0b8 elementor-widget elementor-widget-text-editor\" data-id=\"708b0b8\" data-element_type=\"widget\" data-widget_type=\"text-editor.default\">\n\t\t\t\t<div class=\"elementor-widget-container\">\n\t\t\t\t\t\t\t\t\t<p>Na quinta-feira (11), a Pol\u00edcia Civil de Santa Catarina, por meio da Delegacia de Pol\u00edcia de Otac\u00edlio Costa, em opera\u00e7\u00e3o conjunta com a Pol\u00edcia Militar de Santa Catarina, realizou opera\u00e7\u00e3o de cumprimento de mandados de buscas e apreens\u00f5es em dois endere\u00e7os de Otac\u00edlio Costa.<\/p><p>Durante o cumprimento foi encontrada grande quantidade de entorpecentes e expressiva quantia em dinheiro. Tamb\u00e9m foram recuperados objetos oriundos da pr\u00e1tica de furto. Tamb\u00e9m foi encontrada arma de fogo adulterada e muni\u00e7\u00e3o, os quais foram encaminhados para exame pericial.<\/p><p>Dois homens foram presos em flagrante e encaminhados ao Pres\u00eddio de Lages. Ap\u00f3s cumprimento das formalidades legais, as investiga\u00e7\u00f5es prosseguem para identificar outras pessoas envolvidas na empreitada criminosa.<\/p>\t\t\t\t\t\t\t\t<\/div>\n\t\t\t\t<\/div>\n\t\t\t\t\t<\/div>\n\t\t<\/div>\n\t\t\t\t\t<\/div>\n\t\t<\/section>\n\t\t\t\t<\/div>\n\t\t","protected":false},"excerpt":{"rendered":"<p>Pol\u00edcias Civil e Militar deflagram opera\u00e7\u00e3o em Otac\u00edlio Costa e prendem dois homens em flagrante Na quinta-feira (11), a Pol\u00edcia Civil de Santa Catarina, por meio da Delegacia de Pol\u00edcia de Otac\u00edlio Costa, em opera\u00e7\u00e3o conjunta com a Pol\u00edcia Militar de Santa Catarina, realizou opera\u00e7\u00e3o de cumprimento de mandados de buscas e apreens\u00f5es em dois [&hellip;]<\/p>\n","protected":false},"author":5,"featured_media":19108,"comment_status":"closed","ping_status":"open","sticky":false,"template":"","format":"standard","meta":{"_monsterinsights_skip_tracking":false,"_monsterinsights_sitenote_active":false,"_monsterinsights_sitenote_note":"","_monsterinsights_sitenote_category":0,"footnotes":""},"categories":[1],"tags":[],"class_list":["post-19107","post","type-post","status-publish","format-standard","has-post-thumbnail","hentry","category-sem-categoria"],"_links":{"self":[{"href":"https:\/\/pc.sc.gov.br\/index.php?rest_route=\/wp\/v2\/posts\/19107","targetHints":{"allow":["GET"]}}],"collection":[{"href":"https:\/\/pc.sc.gov.br\/index.php?rest_route=\/wp\/v2\/posts"}],"about":[{"href":"https:\/\/pc.sc.gov.br\/index.php?rest_route=\/wp\/v2\/types\/post"}],"author":[{"embeddable":true,"href":"https:\/\/pc.sc.gov.br\/index.php?rest_route=\/wp\/v2\/users\/5"}],"replies":[{"embeddable":true,"href":"https:\/\/pc.sc.gov.br\/index.php?rest_route=%2Fwp%2Fv2%2Fcomments&post=19107"}],"version-history":[{"count":4,"href":"https:\/\/pc.sc.gov.br\/index.php?rest_route=\/wp\/v2\/posts\/19107\/revisions"}],"predecessor-version":[{"id":19112,"href":"https:\/\/pc.sc.gov.br\/index.php?rest_route=\/wp\/v2\/posts\/19107\/revisions\/19112"}],"wp:featuredmedia":[{"embeddable":true,"href":"https:\/\/pc.sc.gov.br\/index.php?rest_route=\/wp\/v2\/media\/19108"}],"wp:attachment":[{"href":"https:\/\/pc.sc.gov.br\/index.php?rest_route=%2Fwp%2Fv2%2Fmedia&parent=19107"}],"wp:term":[{"taxonomy":"category","embeddable":true,"href":"https:\/\/pc.sc.gov.br\/index.php?rest_route=%2Fwp%2Fv2%2Fcategories&post=19107"},{"taxonomy":"post_tag","embeddable":true,"href":"https:\/\/pc.sc.gov.br\/index.php?rest_route=%2Fwp%2Fv2%2Ftags&post=19107"}],"curies":[{"name":"wp","href":"https:\/\/api.w.org\/{rel}","templated":true}]}}