{"id":19126,"date":"2024-04-15T14:01:49","date_gmt":"2024-04-15T17:01:49","guid":{"rendered":"https:\/\/pc.sc.gov.br\/?p=19126"},"modified":"2024-04-15T14:06:32","modified_gmt":"2024-04-15T17:06:32","slug":"policia-civil-conclui-inqueritos-policiais-que-envolvem-ex-diretor-do-procon-sc","status":"publish","type":"post","link":"https:\/\/pc.sc.gov.br\/?p=19126","title":{"rendered":"Pol\u00edcia Civil conclui inqu\u00e9ritos policiais que envolvem ex-diretor do Procon\/SC"},"content":{"rendered":"\t\t<div data-elementor-type=\"wp-post\" data-elementor-id=\"19126\" class=\"elementor elementor-19126\" data-elementor-post-type=\"post\">\n\t\t\t\t\t\t<section class=\"elementor-section elementor-top-section elementor-element elementor-element-553835c elementor-section-boxed elementor-section-height-default elementor-section-height-default\" data-id=\"553835c\" data-element_type=\"section\">\n\t\t\t\t\t\t<div class=\"elementor-container elementor-column-gap-default\">\n\t\t\t\t\t<div class=\"elementor-column elementor-col-100 elementor-top-column elementor-element elementor-element-cdfbede\" data-id=\"cdfbede\" data-element_type=\"column\">\n\t\t\t<div class=\"elementor-widget-wrap elementor-element-populated\">\n\t\t\t\t\t\t<div class=\"elementor-element elementor-element-300cb12 elementor-widget elementor-widget-heading\" data-id=\"300cb12\" data-element_type=\"widget\" data-widget_type=\"heading.default\">\n\t\t\t\t<div class=\"elementor-widget-container\">\n\t\t\t\t\t<h2 class=\"elementor-heading-title elementor-size-default\">Pol\u00edcia Civil conclui inqu\u00e9ritos policiais que envolvem ex-diretor do Procon\/SC<\/h2>\t\t\t\t<\/div>\n\t\t\t\t<\/div>\n\t\t\t\t\t<\/div>\n\t\t<\/div>\n\t\t\t\t\t<\/div>\n\t\t<\/section>\n\t\t\t\t<section class=\"elementor-section elementor-top-section elementor-element elementor-element-a22aafc elementor-section-boxed elementor-section-height-default elementor-section-height-default\" data-id=\"a22aafc\" data-element_type=\"section\">\n\t\t\t\t\t\t<div class=\"elementor-container elementor-column-gap-default\">\n\t\t\t\t\t<div class=\"elementor-column elementor-col-100 elementor-top-column elementor-element elementor-element-4c6e542\" data-id=\"4c6e542\" data-element_type=\"column\">\n\t\t\t<div class=\"elementor-widget-wrap elementor-element-populated\">\n\t\t\t\t\t\t<div class=\"elementor-element elementor-element-db9dd27 elementor-widget elementor-widget-image\" data-id=\"db9dd27\" data-element_type=\"widget\" data-widget_type=\"image.default\">\n\t\t\t\t<div class=\"elementor-widget-container\">\n\t\t\t\t\t\t\t\t\t\t\t\t\t\t\t<img fetchpriority=\"high\" decoding=\"async\" width=\"696\" height=\"464\" src=\"https:\/\/pc.sc.gov.br\/\/wp-content\/uploads\/2023\/10\/PCSC-VTR-1024x683.jpg\" class=\"attachment-large size-large wp-image-14700\" alt=\"\" srcset=\"https:\/\/pc.sc.gov.br\/\/wp-content\/uploads\/2023\/10\/PCSC-VTR-1024x683.jpg 1024w, https:\/\/pc.sc.gov.br\/\/wp-content\/uploads\/2023\/10\/PCSC-VTR-300x200.jpg 300w, https:\/\/pc.sc.gov.br\/\/wp-content\/uploads\/2023\/10\/PCSC-VTR-768x512.jpg 768w, https:\/\/pc.sc.gov.br\/\/wp-content\/uploads\/2023\/10\/PCSC-VTR-1536x1024.jpg 1536w, https:\/\/pc.sc.gov.br\/\/wp-content\/uploads\/2023\/10\/PCSC-VTR-2048x1365.jpg 2048w\" sizes=\"(max-width: 696px) 100vw, 696px\" \/>\t\t\t\t\t\t\t\t\t\t\t\t\t\t\t<\/div>\n\t\t\t\t<\/div>\n\t\t\t\t\t<\/div>\n\t\t<\/div>\n\t\t\t\t\t<\/div>\n\t\t<\/section>\n\t\t\t\t<section class=\"elementor-section elementor-top-section elementor-element elementor-element-a644d69 elementor-section-boxed elementor-section-height-default elementor-section-height-default\" data-id=\"a644d69\" data-element_type=\"section\">\n\t\t\t\t\t\t<div class=\"elementor-container elementor-column-gap-default\">\n\t\t\t\t\t<div class=\"elementor-column elementor-col-100 elementor-top-column elementor-element elementor-element-0d74996\" data-id=\"0d74996\" data-element_type=\"column\">\n\t\t\t<div class=\"elementor-widget-wrap elementor-element-populated\">\n\t\t\t\t\t\t<div class=\"elementor-element elementor-element-091552e elementor-widget elementor-widget-text-editor\" data-id=\"091552e\" data-element_type=\"widget\" data-widget_type=\"text-editor.default\">\n\t\t\t\t<div class=\"elementor-widget-container\">\n\t\t\t\t\t\t\t\t\t<p>A Pol\u00edcia Civil de Santa Catarina concluiu os dois inqu\u00e9ritos policiais que investigavam den\u00fancias sobre o ex-diretor do Procon\/SC e indiciou o investigado em ambas os procedimentos policiais.<\/p><p>Com rela\u00e7\u00e3o ao inqu\u00e9rito instaurado na Delegacia de Prote\u00e7\u00e3o \u00e0 Crian\u00e7a, ao Adolescente, \u00e0 Mulher e ao Idoso da Capital, que apurava den\u00fancia que uma v\u00edtima, que foi contratada recentemente, fez ao ex-diretor por ass\u00e9dio sexual, importuna\u00e7\u00e3o sexual e porte ilegal de arma de fogo, o investigado foi indiciado pelos crimes, previstos nos artigos 215-A (Ass\u00e9dio Sexual) e 216-A (Importuna\u00e7\u00e3o Ofensiva do Pudor), ambos do C\u00f3digo Penal, e artigo 16 da Lei n. 10.826\/03. (Porte Ilegal de arma de calibre restrito).<\/p><p>A Pol\u00edcia Civil ouviu doze pessoas e efetuou diversas dilig\u00eancias investigativas, com elabora\u00e7\u00e3o de relat\u00f3rios t\u00e9cnicos de investiga\u00e7\u00e3o.<\/p><p>J\u00e1 com rela\u00e7\u00e3o ao inqu\u00e9rito policial que foi instaurado na 1\u00aa Delegacia de Pol\u00edcia da Capital, que apurou a pr\u00e1tica de crimes contra a honra (artigo 138, 139 e 140 do C\u00f3digo Penal) e de intimida\u00e7\u00e3o sistem\u00e1tica previsto no artigo 146-A do CP, praticados pelo referido ex-diretor do PROCON, tamb\u00e9m foram realizadas diversas oitivas, juntadas 16 (dezesseis) den\u00fancias e reclama\u00e7\u00f5es registradas no Sistema de Ouvidoria do Estado de Santa Catarina, as quais, em s\u00edntese, noticiam a pr\u00e1tica reiterada de atos de intimida\u00e7\u00e3o e press\u00e3o psicol\u00f3gicas em desfavor dos servidores do PROCON.<\/p><p>Nas aludidas apura\u00e7\u00f5es, ocorreram trocas de informa\u00e7\u00f5es e compartilhamento das oitivas procedidas pela 1\u00aa DPCAP, com a DPCAMI, uma vez que, nas oitivas realizadas, restou claro que, o investigado estava armado por diversas vezes, de forma velada e em outras de forma ostensiva, sem a devida autoriza\u00e7\u00e3o para o porte.<\/p>\t\t\t\t\t\t\t\t<\/div>\n\t\t\t\t<\/div>\n\t\t\t\t\t<\/div>\n\t\t<\/div>\n\t\t\t\t\t<\/div>\n\t\t<\/section>\n\t\t\t\t<\/div>\n\t\t","protected":false},"excerpt":{"rendered":"<p>Pol\u00edcia Civil conclui inqu\u00e9ritos policiais que envolvem ex-diretor do Procon\/SC A Pol\u00edcia Civil de Santa Catarina concluiu os dois inqu\u00e9ritos policiais que investigavam den\u00fancias sobre o ex-diretor do Procon\/SC e indiciou o investigado em ambas os procedimentos policiais. Com rela\u00e7\u00e3o ao inqu\u00e9rito instaurado na Delegacia de Prote\u00e7\u00e3o \u00e0 Crian\u00e7a, ao Adolescente, \u00e0 Mulher e ao [&hellip;]<\/p>\n","protected":false},"author":5,"featured_media":11798,"comment_status":"closed","ping_status":"open","sticky":false,"template":"","format":"standard","meta":{"_monsterinsights_skip_tracking":false,"_monsterinsights_sitenote_active":false,"_monsterinsights_sitenote_note":"","_monsterinsights_sitenote_category":0,"footnotes":""},"categories":[1],"tags":[],"class_list":["post-19126","post","type-post","status-publish","format-standard","has-post-thumbnail","hentry","category-sem-categoria"],"_links":{"self":[{"href":"https:\/\/pc.sc.gov.br\/index.php?rest_route=\/wp\/v2\/posts\/19126","targetHints":{"allow":["GET"]}}],"collection":[{"href":"https:\/\/pc.sc.gov.br\/index.php?rest_route=\/wp\/v2\/posts"}],"about":[{"href":"https:\/\/pc.sc.gov.br\/index.php?rest_route=\/wp\/v2\/types\/post"}],"author":[{"embeddable":true,"href":"https:\/\/pc.sc.gov.br\/index.php?rest_route=\/wp\/v2\/users\/5"}],"replies":[{"embeddable":true,"href":"https:\/\/pc.sc.gov.br\/index.php?rest_route=%2Fwp%2Fv2%2Fcomments&post=19126"}],"version-history":[{"count":4,"href":"https:\/\/pc.sc.gov.br\/index.php?rest_route=\/wp\/v2\/posts\/19126\/revisions"}],"predecessor-version":[{"id":19130,"href":"https:\/\/pc.sc.gov.br\/index.php?rest_route=\/wp\/v2\/posts\/19126\/revisions\/19130"}],"wp:featuredmedia":[{"embeddable":true,"href":"https:\/\/pc.sc.gov.br\/index.php?rest_route=\/wp\/v2\/media\/11798"}],"wp:attachment":[{"href":"https:\/\/pc.sc.gov.br\/index.php?rest_route=%2Fwp%2Fv2%2Fmedia&parent=19126"}],"wp:term":[{"taxonomy":"category","embeddable":true,"href":"https:\/\/pc.sc.gov.br\/index.php?rest_route=%2Fwp%2Fv2%2Fcategories&post=19126"},{"taxonomy":"post_tag","embeddable":true,"href":"https:\/\/pc.sc.gov.br\/index.php?rest_route=%2Fwp%2Fv2%2Ftags&post=19126"}],"curies":[{"name":"wp","href":"https:\/\/api.w.org\/{rel}","templated":true}]}}