{"id":19131,"date":"2024-04-15T14:31:45","date_gmt":"2024-04-15T17:31:45","guid":{"rendered":"https:\/\/pc.sc.gov.br\/?p=19131"},"modified":"2024-04-15T14:32:55","modified_gmt":"2024-04-15T17:32:55","slug":"policia-civil-estoura-desmanche-de-caminhoes-em-icara","status":"publish","type":"post","link":"https:\/\/pc.sc.gov.br\/?p=19131","title":{"rendered":"Pol\u00edcia Civil estoura desmanche de caminh\u00f5es em I\u00e7ara"},"content":{"rendered":"\t\t<div data-elementor-type=\"wp-post\" data-elementor-id=\"19131\" class=\"elementor elementor-19131\" data-elementor-post-type=\"post\">\n\t\t\t\t\t\t<section class=\"elementor-section elementor-top-section elementor-element elementor-element-013e9e6 elementor-section-boxed elementor-section-height-default elementor-section-height-default\" data-id=\"013e9e6\" data-element_type=\"section\">\n\t\t\t\t\t\t<div class=\"elementor-container elementor-column-gap-default\">\n\t\t\t\t\t<div class=\"elementor-column elementor-col-100 elementor-top-column elementor-element elementor-element-eb726a9\" data-id=\"eb726a9\" data-element_type=\"column\">\n\t\t\t<div class=\"elementor-widget-wrap elementor-element-populated\">\n\t\t\t\t\t\t<div class=\"elementor-element elementor-element-8f1b7b5 elementor-widget elementor-widget-heading\" data-id=\"8f1b7b5\" data-element_type=\"widget\" data-widget_type=\"heading.default\">\n\t\t\t\t<div class=\"elementor-widget-container\">\n\t\t\t\t\t<h2 class=\"elementor-heading-title elementor-size-default\">Pol\u00edcia Civil estoura desmanche de caminh\u00f5es em I\u00e7ara<\/h2>\t\t\t\t<\/div>\n\t\t\t\t<\/div>\n\t\t\t\t\t<\/div>\n\t\t<\/div>\n\t\t\t\t\t<\/div>\n\t\t<\/section>\n\t\t\t\t<section class=\"elementor-section elementor-top-section elementor-element elementor-element-5efcab4 elementor-section-boxed elementor-section-height-default elementor-section-height-default\" data-id=\"5efcab4\" data-element_type=\"section\">\n\t\t\t\t\t\t<div class=\"elementor-container elementor-column-gap-default\">\n\t\t\t\t\t<div class=\"elementor-column elementor-col-100 elementor-top-column elementor-element elementor-element-f8a773a\" data-id=\"f8a773a\" data-element_type=\"column\">\n\t\t\t<div class=\"elementor-widget-wrap elementor-element-populated\">\n\t\t\t\t\t\t<div class=\"elementor-element elementor-element-f9de23e elementor-widget elementor-widget-image\" data-id=\"f9de23e\" data-element_type=\"widget\" data-widget_type=\"image.default\">\n\t\t\t\t<div class=\"elementor-widget-container\">\n\t\t\t\t\t\t\t\t\t\t\t\t\t\t\t<img fetchpriority=\"high\" decoding=\"async\" width=\"576\" height=\"1024\" src=\"https:\/\/pc.sc.gov.br\/\/wp-content\/uploads\/2024\/04\/WhatsApp-Image-2024-04-12-at-18.56.34-576x1024.jpeg\" class=\"attachment-large size-large wp-image-19132\" alt=\"\" srcset=\"https:\/\/pc.sc.gov.br\/\/wp-content\/uploads\/2024\/04\/WhatsApp-Image-2024-04-12-at-18.56.34-576x1024.jpeg 576w, https:\/\/pc.sc.gov.br\/\/wp-content\/uploads\/2024\/04\/WhatsApp-Image-2024-04-12-at-18.56.34-169x300.jpeg 169w, https:\/\/pc.sc.gov.br\/\/wp-content\/uploads\/2024\/04\/WhatsApp-Image-2024-04-12-at-18.56.34-768x1366.jpeg 768w, https:\/\/pc.sc.gov.br\/\/wp-content\/uploads\/2024\/04\/WhatsApp-Image-2024-04-12-at-18.56.34-864x1536.jpeg 864w, https:\/\/pc.sc.gov.br\/\/wp-content\/uploads\/2024\/04\/WhatsApp-Image-2024-04-12-at-18.56.34.jpeg 899w\" sizes=\"(max-width: 576px) 100vw, 576px\" \/>\t\t\t\t\t\t\t\t\t\t\t\t\t\t\t<\/div>\n\t\t\t\t<\/div>\n\t\t\t\t\t<\/div>\n\t\t<\/div>\n\t\t\t\t\t<\/div>\n\t\t<\/section>\n\t\t\t\t<section class=\"elementor-section elementor-top-section elementor-element elementor-element-9b55b6c elementor-section-boxed elementor-section-height-default elementor-section-height-default\" data-id=\"9b55b6c\" data-element_type=\"section\">\n\t\t\t\t\t\t<div class=\"elementor-container elementor-column-gap-default\">\n\t\t\t\t\t<div class=\"elementor-column elementor-col-100 elementor-top-column elementor-element elementor-element-b1e1fb7\" data-id=\"b1e1fb7\" data-element_type=\"column\">\n\t\t\t<div class=\"elementor-widget-wrap elementor-element-populated\">\n\t\t\t\t\t\t<div class=\"elementor-element elementor-element-2df8863 elementor-widget elementor-widget-text-editor\" data-id=\"2df8863\" data-element_type=\"widget\" data-widget_type=\"text-editor.default\">\n\t\t\t\t<div class=\"elementor-widget-container\">\n\t\t\t\t\t\t\t\t\t<p>Na ter\u00e7a-feira (9), a Pol\u00edcia Civil de Santa Catarina, por meio da Delegacia de Furtos e Roubos de Ve\u00edculos da Diretoria Estadual de Investiga\u00e7\u00f5es Criminais, em continuidade de dilig\u00eancias referentes \u00e0 furto e adultera\u00e7\u00e3o de caminh\u00f5es na regi\u00e3o sul do estado, realizou opera\u00e7\u00e3o conjunta com a Pol\u00edcia Cient\u00edfica e localizou um desmanche de caminh\u00f5es em I\u00e7ara.<\/p><p>No local, havia partes de um caminh\u00e3o Volvo VM totalmente desmanchado e com sinais identificadores suprimidos que ap\u00f3s an\u00e1lise esclareceu-se tratar de caminh\u00e3o com registro de furto em Crici\u00fama.<\/p><p>Tamb\u00e9m foram localizadas diversas cabines com os sinais identificadores suprimidos e sem comprova\u00e7\u00e3o de origem. O propriet\u00e1rio do estabelecimento n\u00e3o se encontrava no local.<\/p><p>Tendo em vista a condi\u00e7\u00e3o em que os bens foram encontrados, dilig\u00eancias continuam sendo realizadas visando apurar eventual ocorr\u00eancia de estelionato na modalidade conhecida como &#8220;Golpe do Seguro&#8221; ou &#8220;Segurinho&#8221;.<\/p><p>Importante salientar que a pr\u00e1tica criminosa gera a inser\u00e7\u00e3o de dados que n\u00e3o correspondem com a realidade, aumentando erroneamente as estat\u00edsticas com furtos e roubos que na realidade n\u00e3o ocorreram.<\/p>\t\t\t\t\t\t\t\t<\/div>\n\t\t\t\t<\/div>\n\t\t\t\t\t<\/div>\n\t\t<\/div>\n\t\t\t\t\t<\/div>\n\t\t<\/section>\n\t\t\t\t<\/div>\n\t\t","protected":false},"excerpt":{"rendered":"<p>Pol\u00edcia Civil estoura desmanche de caminh\u00f5es em I\u00e7ara Na ter\u00e7a-feira (9), a Pol\u00edcia Civil de Santa Catarina, por meio da Delegacia de Furtos e Roubos de Ve\u00edculos da Diretoria Estadual de Investiga\u00e7\u00f5es Criminais, em continuidade de dilig\u00eancias referentes \u00e0 furto e adultera\u00e7\u00e3o de caminh\u00f5es na regi\u00e3o sul do estado, realizou opera\u00e7\u00e3o conjunta com a Pol\u00edcia [&hellip;]<\/p>\n","protected":false},"author":5,"featured_media":19132,"comment_status":"closed","ping_status":"open","sticky":false,"template":"","format":"standard","meta":{"_monsterinsights_skip_tracking":false,"_monsterinsights_sitenote_active":false,"_monsterinsights_sitenote_note":"","_monsterinsights_sitenote_category":0,"footnotes":""},"categories":[1],"tags":[],"class_list":["post-19131","post","type-post","status-publish","format-standard","has-post-thumbnail","hentry","category-sem-categoria"],"_links":{"self":[{"href":"https:\/\/pc.sc.gov.br\/index.php?rest_route=\/wp\/v2\/posts\/19131","targetHints":{"allow":["GET"]}}],"collection":[{"href":"https:\/\/pc.sc.gov.br\/index.php?rest_route=\/wp\/v2\/posts"}],"about":[{"href":"https:\/\/pc.sc.gov.br\/index.php?rest_route=\/wp\/v2\/types\/post"}],"author":[{"embeddable":true,"href":"https:\/\/pc.sc.gov.br\/index.php?rest_route=\/wp\/v2\/users\/5"}],"replies":[{"embeddable":true,"href":"https:\/\/pc.sc.gov.br\/index.php?rest_route=%2Fwp%2Fv2%2Fcomments&post=19131"}],"version-history":[{"count":4,"href":"https:\/\/pc.sc.gov.br\/index.php?rest_route=\/wp\/v2\/posts\/19131\/revisions"}],"predecessor-version":[{"id":19136,"href":"https:\/\/pc.sc.gov.br\/index.php?rest_route=\/wp\/v2\/posts\/19131\/revisions\/19136"}],"wp:featuredmedia":[{"embeddable":true,"href":"https:\/\/pc.sc.gov.br\/index.php?rest_route=\/wp\/v2\/media\/19132"}],"wp:attachment":[{"href":"https:\/\/pc.sc.gov.br\/index.php?rest_route=%2Fwp%2Fv2%2Fmedia&parent=19131"}],"wp:term":[{"taxonomy":"category","embeddable":true,"href":"https:\/\/pc.sc.gov.br\/index.php?rest_route=%2Fwp%2Fv2%2Fcategories&post=19131"},{"taxonomy":"post_tag","embeddable":true,"href":"https:\/\/pc.sc.gov.br\/index.php?rest_route=%2Fwp%2Fv2%2Ftags&post=19131"}],"curies":[{"name":"wp","href":"https:\/\/api.w.org\/{rel}","templated":true}]}}