{"id":19150,"date":"2024-04-15T16:51:41","date_gmt":"2024-04-15T19:51:41","guid":{"rendered":"https:\/\/pc.sc.gov.br\/?p=19150"},"modified":"2024-04-15T16:52:43","modified_gmt":"2024-04-15T19:52:43","slug":"policia-civil-de-sc-tem-novo-diretor-de-policia-da-grande-florianopolis","status":"publish","type":"post","link":"https:\/\/pc.sc.gov.br\/?p=19150","title":{"rendered":"Pol\u00edcia Civil de SC tem novo diretor de Pol\u00edcia da Grande Florian\u00f3polis"},"content":{"rendered":"\t\t<div data-elementor-type=\"wp-post\" data-elementor-id=\"19150\" class=\"elementor elementor-19150\" data-elementor-post-type=\"post\">\n\t\t\t\t\t\t<section class=\"elementor-section elementor-top-section elementor-element elementor-element-7576a6f elementor-section-boxed elementor-section-height-default elementor-section-height-default\" data-id=\"7576a6f\" data-element_type=\"section\">\n\t\t\t\t\t\t<div class=\"elementor-container elementor-column-gap-default\">\n\t\t\t\t\t<div class=\"elementor-column elementor-col-100 elementor-top-column elementor-element elementor-element-45fce72\" data-id=\"45fce72\" data-element_type=\"column\">\n\t\t\t<div class=\"elementor-widget-wrap elementor-element-populated\">\n\t\t\t\t\t\t<div class=\"elementor-element elementor-element-a00d4ff elementor-widget elementor-widget-heading\" data-id=\"a00d4ff\" data-element_type=\"widget\" data-widget_type=\"heading.default\">\n\t\t\t\t<div class=\"elementor-widget-container\">\n\t\t\t\t\t<h2 class=\"elementor-heading-title elementor-size-default\">Pol\u00edcia Civil de SC tem novo diretor de Pol\u00edcia da Grande Florian\u00f3polis<\/h2>\t\t\t\t<\/div>\n\t\t\t\t<\/div>\n\t\t\t\t\t<\/div>\n\t\t<\/div>\n\t\t\t\t\t<\/div>\n\t\t<\/section>\n\t\t\t\t<section class=\"elementor-section elementor-top-section elementor-element elementor-element-8548dca elementor-section-boxed elementor-section-height-default elementor-section-height-default\" data-id=\"8548dca\" data-element_type=\"section\">\n\t\t\t\t\t\t<div class=\"elementor-container elementor-column-gap-default\">\n\t\t\t\t\t<div class=\"elementor-column elementor-col-100 elementor-top-column elementor-element elementor-element-aa5f36b\" data-id=\"aa5f36b\" data-element_type=\"column\">\n\t\t\t<div class=\"elementor-widget-wrap elementor-element-populated\">\n\t\t\t\t\t\t<div class=\"elementor-element elementor-element-ae0ee99 elementor-widget elementor-widget-image\" data-id=\"ae0ee99\" data-element_type=\"widget\" data-widget_type=\"image.default\">\n\t\t\t\t<div class=\"elementor-widget-container\">\n\t\t\t\t\t\t\t\t\t\t\t\t\t\t\t<img fetchpriority=\"high\" decoding=\"async\" width=\"696\" height=\"858\" src=\"https:\/\/pc.sc.gov.br\/\/wp-content\/uploads\/2024\/04\/WhatsApp-Image-2024-04-15-at-16.49.49-831x1024.jpeg\" class=\"attachment-large size-large wp-image-19151\" alt=\"\" srcset=\"https:\/\/pc.sc.gov.br\/\/wp-content\/uploads\/2024\/04\/WhatsApp-Image-2024-04-15-at-16.49.49-831x1024.jpeg 831w, https:\/\/pc.sc.gov.br\/\/wp-content\/uploads\/2024\/04\/WhatsApp-Image-2024-04-15-at-16.49.49-243x300.jpeg 243w, https:\/\/pc.sc.gov.br\/\/wp-content\/uploads\/2024\/04\/WhatsApp-Image-2024-04-15-at-16.49.49-768x946.jpeg 768w, https:\/\/pc.sc.gov.br\/\/wp-content\/uploads\/2024\/04\/WhatsApp-Image-2024-04-15-at-16.49.49.jpeg 939w\" sizes=\"(max-width: 696px) 100vw, 696px\" \/>\t\t\t\t\t\t\t\t\t\t\t\t\t\t\t<\/div>\n\t\t\t\t<\/div>\n\t\t\t\t\t<\/div>\n\t\t<\/div>\n\t\t\t\t\t<\/div>\n\t\t<\/section>\n\t\t\t\t<section class=\"elementor-section elementor-top-section elementor-element elementor-element-c5e051c elementor-section-boxed elementor-section-height-default elementor-section-height-default\" data-id=\"c5e051c\" data-element_type=\"section\">\n\t\t\t\t\t\t<div class=\"elementor-container elementor-column-gap-default\">\n\t\t\t\t\t<div class=\"elementor-column elementor-col-100 elementor-top-column elementor-element elementor-element-ba3a64a\" data-id=\"ba3a64a\" data-element_type=\"column\">\n\t\t\t<div class=\"elementor-widget-wrap elementor-element-populated\">\n\t\t\t\t\t\t<div class=\"elementor-element elementor-element-76ac08f elementor-widget elementor-widget-text-editor\" data-id=\"76ac08f\" data-element_type=\"widget\" data-widget_type=\"text-editor.default\">\n\t\t\t\t<div class=\"elementor-widget-container\">\n\t\t\t\t\t\t\t\t\t<p>A Pol\u00edcia Civil de Santa Catarina tem um novo diretor de Pol\u00edcia da Grande Florian\u00f3polis. O delegado Pedro Henrique de Paula e Silva Mendes \u00e9 o novo titular da diretoria e entra no lugar que at\u00e9 ent\u00e3o era ocupado pela Delegada Michele Alves Correa Rebelo, que foi nomeada na \u00faltima sexta-feira (12) para exercer o cargo de Diretora de Rela\u00e7\u00f5es e Defesa do Consumidor do Procon SC.<\/p><p>At\u00e9 ent\u00e3o, o delegado Pedro Mendes estava exercendo o cargo de Diretor-Adjunto da Diretoria Estadual de Investiga\u00e7\u00f5es Criminais (DEIC) e explica que \u00e9 uma honra assumir o cargo de Diretor da DPGF. \u201cO objetivo \u00e9 dar continuidade ao trabalho que vem sendo desenvolvido pela delegada Michele. Quero continuar focando nas investiga\u00e7\u00f5es complexas, investiga\u00e7\u00f5es sens\u00edveis, nas investiga\u00e7\u00f5es em um modo geral, que \u00e9 a atividade prec\u00edpua da Pol\u00edcia Civil e, concomitantemente a isso, fornecer um bom atendimento nas delegacias de Pol\u00edcia\u201d.<\/p><p><strong>Carreira policial<\/strong><\/p><p>O delegado Pedro Mendes possui extensa carreira policial, iniciando como delegado de pol\u00edcia civil no Estado de S\u00e3o Paulo de entre os anos de 2009 e 2010. Ele veio para Santa Catarina em 201, quando assumiu o cargo de delegado de pol\u00edcia civil, tendo como primeira lota\u00e7\u00e3o a cidade de Canoinhas.<\/p><p>Em 2012 foi designado para a cidade de Itapema, onde trabalhou por alguns meses, sendo ent\u00e3o transferido para a cidade de Tijucas onde foi delegado de pol\u00edcia t\u00edtular da comarca at\u00e9 outubro de 2015. Foi designado para DEIC, assumindo como delegado de pol\u00edcia titular da extinta Divis\u00e3o Especializada de Combate ao Narcotr\u00e1fico \u2013 DENARC\/DEIC.<\/p><p>No ano de 2016, foi mobilizado pelo Minist\u00e9rio da Justi\u00e7a para trabalhar no Centro Integrado de Comando e Controle, Setor Copacabana nos Jogos Paral\u00edmpicos do Rio de Janeiro. De volta a Santa Catarina, permaneceu \u00e0 frente da DENARC\/DEIC, at\u00e9 abril de 2018, sendo ent\u00e3o novamente mobilizado pelo Minist\u00e9rio da Justi\u00e7a, dessa vez pra trabalhar na Diretoria de Opera\u00e7\u00f5es, exercendo fun\u00e7\u00f5es primeiramente no Distrito Federal e, posteriormente, no Estado do Cear\u00e1.<\/p><p>Em outubro de 2018, o delegado Pedro voltou para Santa Catarina e assumiu a titularidade de Divis\u00e3o de Roubos e Antissequestro \u2013 DRAS\/DEIC. Em janeiro de 2019, ele assumiu a titularidade da Delegacia de Investiga\u00e7\u00e3o aos Crimes contra a Fazenda P\u00fablica \u2013 DFAZ\/DEIC, permanecendo na fun\u00e7\u00e3o at\u00e9 janeiro de 2023, quando foi nomeado para assumir o cargo de diretor-adjunto da DEIC.<\/p><p><strong>Forma\u00e7\u00e3o<\/strong><\/p><p>O delegado Pedro Henrique de Paula e Silva Mendes \u00e9 formado em direito, com p\u00f3s-gradua\u00e7\u00e3o em Atualiza\u00e7\u00e3o em Direito P\u00fablico e Privado e em Gest\u00e3o de Seguran\u00e7a P\u00fablica e Investiga\u00e7\u00e3o Criminal Aplicada. Ele ministra aulas na Academia da Pol\u00edcia Civil de Santa Catarina, nas mat\u00e9rias de Investiga\u00e7\u00e3o de Tr\u00e1fico de Drogas e Defesa Pessoal. Dentre os cursos na \u00e1rea policial de que j\u00e1 participou destaca-se o curso sobre Laborat\u00f3rios Clandestinos de Drogas, ministrado pela Embaixada dos Estados Unidos no Paraguai.<\/p>\t\t\t\t\t\t\t\t<\/div>\n\t\t\t\t<\/div>\n\t\t\t\t\t<\/div>\n\t\t<\/div>\n\t\t\t\t\t<\/div>\n\t\t<\/section>\n\t\t\t\t<\/div>\n\t\t","protected":false},"excerpt":{"rendered":"<p>Pol\u00edcia Civil de SC tem novo diretor de Pol\u00edcia da Grande Florian\u00f3polis A Pol\u00edcia Civil de Santa Catarina tem um novo diretor de Pol\u00edcia da Grande Florian\u00f3polis. O delegado Pedro Henrique de Paula e Silva Mendes \u00e9 o novo titular da diretoria e entra no lugar que at\u00e9 ent\u00e3o era ocupado pela Delegada Michele Alves [&hellip;]<\/p>\n","protected":false},"author":5,"featured_media":19151,"comment_status":"closed","ping_status":"open","sticky":false,"template":"","format":"standard","meta":{"_monsterinsights_skip_tracking":false,"_monsterinsights_sitenote_active":false,"_monsterinsights_sitenote_note":"","_monsterinsights_sitenote_category":0,"footnotes":""},"categories":[1],"tags":[],"class_list":["post-19150","post","type-post","status-publish","format-standard","has-post-thumbnail","hentry","category-sem-categoria"],"_links":{"self":[{"href":"https:\/\/pc.sc.gov.br\/index.php?rest_route=\/wp\/v2\/posts\/19150","targetHints":{"allow":["GET"]}}],"collection":[{"href":"https:\/\/pc.sc.gov.br\/index.php?rest_route=\/wp\/v2\/posts"}],"about":[{"href":"https:\/\/pc.sc.gov.br\/index.php?rest_route=\/wp\/v2\/types\/post"}],"author":[{"embeddable":true,"href":"https:\/\/pc.sc.gov.br\/index.php?rest_route=\/wp\/v2\/users\/5"}],"replies":[{"embeddable":true,"href":"https:\/\/pc.sc.gov.br\/index.php?rest_route=%2Fwp%2Fv2%2Fcomments&post=19150"}],"version-history":[{"count":4,"href":"https:\/\/pc.sc.gov.br\/index.php?rest_route=\/wp\/v2\/posts\/19150\/revisions"}],"predecessor-version":[{"id":19155,"href":"https:\/\/pc.sc.gov.br\/index.php?rest_route=\/wp\/v2\/posts\/19150\/revisions\/19155"}],"wp:featuredmedia":[{"embeddable":true,"href":"https:\/\/pc.sc.gov.br\/index.php?rest_route=\/wp\/v2\/media\/19151"}],"wp:attachment":[{"href":"https:\/\/pc.sc.gov.br\/index.php?rest_route=%2Fwp%2Fv2%2Fmedia&parent=19150"}],"wp:term":[{"taxonomy":"category","embeddable":true,"href":"https:\/\/pc.sc.gov.br\/index.php?rest_route=%2Fwp%2Fv2%2Fcategories&post=19150"},{"taxonomy":"post_tag","embeddable":true,"href":"https:\/\/pc.sc.gov.br\/index.php?rest_route=%2Fwp%2Fv2%2Ftags&post=19150"}],"curies":[{"name":"wp","href":"https:\/\/api.w.org\/{rel}","templated":true}]}}