{"id":19156,"date":"2024-04-15T18:52:04","date_gmt":"2024-04-15T21:52:04","guid":{"rendered":"https:\/\/pc.sc.gov.br\/?p=19156"},"modified":"2024-04-15T18:53:08","modified_gmt":"2024-04-15T21:53:08","slug":"parceria-entre-pcsc-e-oab-vai-fortalecer-projetos-de-educacao-nas-escolas-catarinenses","status":"publish","type":"post","link":"https:\/\/pc.sc.gov.br\/?p=19156","title":{"rendered":"Parceria entre PCSC e OAB vai fortalecer projetos de educa\u00e7\u00e3o nas escolas catarinenses"},"content":{"rendered":"\t\t<div data-elementor-type=\"wp-post\" data-elementor-id=\"19156\" class=\"elementor elementor-19156\" data-elementor-post-type=\"post\">\n\t\t\t\t\t\t<section class=\"elementor-section elementor-top-section elementor-element elementor-element-7f26bcd elementor-section-boxed elementor-section-height-default elementor-section-height-default\" data-id=\"7f26bcd\" data-element_type=\"section\">\n\t\t\t\t\t\t<div class=\"elementor-container elementor-column-gap-default\">\n\t\t\t\t\t<div class=\"elementor-column elementor-col-100 elementor-top-column elementor-element elementor-element-3adf0ad\" data-id=\"3adf0ad\" data-element_type=\"column\">\n\t\t\t<div class=\"elementor-widget-wrap elementor-element-populated\">\n\t\t\t\t\t\t<div class=\"elementor-element elementor-element-9e3a030 elementor-widget elementor-widget-heading\" data-id=\"9e3a030\" data-element_type=\"widget\" data-widget_type=\"heading.default\">\n\t\t\t\t<div class=\"elementor-widget-container\">\n\t\t\t\t\t<h2 class=\"elementor-heading-title elementor-size-default\">Parceria entre PCSC e OAB\/SC vai fortalecer projetos de educa\u00e7\u00e3o nas escolas catarinenses<\/h2>\t\t\t\t<\/div>\n\t\t\t\t<\/div>\n\t\t\t\t\t<\/div>\n\t\t<\/div>\n\t\t\t\t\t<\/div>\n\t\t<\/section>\n\t\t\t\t<section class=\"elementor-section elementor-top-section elementor-element elementor-element-60abd6f elementor-section-boxed elementor-section-height-default elementor-section-height-default\" data-id=\"60abd6f\" data-element_type=\"section\">\n\t\t\t\t\t\t<div class=\"elementor-container elementor-column-gap-default\">\n\t\t\t\t\t<div class=\"elementor-column elementor-col-100 elementor-top-column elementor-element elementor-element-8793fec\" data-id=\"8793fec\" data-element_type=\"column\">\n\t\t\t<div class=\"elementor-widget-wrap elementor-element-populated\">\n\t\t\t\t\t\t<div class=\"elementor-element elementor-element-1f07bdb elementor-widget elementor-widget-image\" data-id=\"1f07bdb\" data-element_type=\"widget\" data-widget_type=\"image.default\">\n\t\t\t\t<div class=\"elementor-widget-container\">\n\t\t\t\t\t\t\t\t\t\t\t\t\t\t\t<img fetchpriority=\"high\" decoding=\"async\" width=\"696\" height=\"522\" src=\"https:\/\/pc.sc.gov.br\/\/wp-content\/uploads\/2024\/04\/WhatsApp-Image-2024-04-15-at-18.23.40-1024x768.jpeg\" class=\"attachment-large size-large wp-image-19157\" alt=\"\" srcset=\"https:\/\/pc.sc.gov.br\/\/wp-content\/uploads\/2024\/04\/WhatsApp-Image-2024-04-15-at-18.23.40-1024x768.jpeg 1024w, https:\/\/pc.sc.gov.br\/\/wp-content\/uploads\/2024\/04\/WhatsApp-Image-2024-04-15-at-18.23.40-300x225.jpeg 300w, https:\/\/pc.sc.gov.br\/\/wp-content\/uploads\/2024\/04\/WhatsApp-Image-2024-04-15-at-18.23.40-768x576.jpeg 768w, https:\/\/pc.sc.gov.br\/\/wp-content\/uploads\/2024\/04\/WhatsApp-Image-2024-04-15-at-18.23.40-1536x1152.jpeg 1536w, https:\/\/pc.sc.gov.br\/\/wp-content\/uploads\/2024\/04\/WhatsApp-Image-2024-04-15-at-18.23.40.jpeg 1600w\" sizes=\"(max-width: 696px) 100vw, 696px\" \/>\t\t\t\t\t\t\t\t\t\t\t\t\t\t\t<\/div>\n\t\t\t\t<\/div>\n\t\t\t\t\t<\/div>\n\t\t<\/div>\n\t\t\t\t\t<\/div>\n\t\t<\/section>\n\t\t\t\t<section class=\"elementor-section elementor-top-section elementor-element elementor-element-86d0e67 elementor-section-boxed elementor-section-height-default elementor-section-height-default\" data-id=\"86d0e67\" data-element_type=\"section\">\n\t\t\t\t\t\t<div class=\"elementor-container elementor-column-gap-default\">\n\t\t\t\t\t<div class=\"elementor-column elementor-col-100 elementor-top-column elementor-element elementor-element-43615c5\" data-id=\"43615c5\" data-element_type=\"column\">\n\t\t\t<div class=\"elementor-widget-wrap elementor-element-populated\">\n\t\t\t\t\t\t<div class=\"elementor-element elementor-element-12f3518 elementor-widget elementor-widget-text-editor\" data-id=\"12f3518\" data-element_type=\"widget\" data-widget_type=\"text-editor.default\">\n\t\t\t\t<div class=\"elementor-widget-container\">\n\t\t\t\t\t\t\t\t\t<p>O delegado-geral da PCSC, Ulisses Gabriel, e a presidente da Comiss\u00e3o OAB vai \u00e0 Escola, advogada Alessandra Carioni estiveram reunidos nesta segunda-feira (15) para alinhar as bases do Termo de Coopera\u00e7\u00e3o entre as duas institui\u00e7\u00f5es, a fim de promover a\u00e7\u00f5es educativas nas escolas catarinenses. A ideia \u00e9 fortalecer os projetos j\u00e1 desenvolvidos pela PCSC como, por exemplo, K9 na Escola e palestras sobre bullyng, cyberbullyng e viol\u00eancia contra \u00e0 mulher.<\/p><p>Na reuni\u00e3o o delegado Marcelo Nogueira, chefe de Gabinete da Delegacia-Geral, destacou a import\u00e2ncia das a\u00e7\u00f5es em andamento que tem um al\u00e9m de papel pedag\u00f3gico e preventivo.<\/p><div>\u00a0<\/div>\t\t\t\t\t\t\t\t<\/div>\n\t\t\t\t<\/div>\n\t\t\t\t\t<\/div>\n\t\t<\/div>\n\t\t\t\t\t<\/div>\n\t\t<\/section>\n\t\t\t\t<\/div>\n\t\t","protected":false},"excerpt":{"rendered":"<p>Parceria entre PCSC e OAB\/SC vai fortalecer projetos de educa\u00e7\u00e3o nas escolas catarinenses O delegado-geral da PCSC, Ulisses Gabriel, e a presidente da Comiss\u00e3o OAB vai \u00e0 Escola, advogada Alessandra Carioni estiveram reunidos nesta segunda-feira (15) para alinhar as bases do Termo de Coopera\u00e7\u00e3o entre as duas institui\u00e7\u00f5es, a fim de promover a\u00e7\u00f5es educativas nas [&hellip;]<\/p>\n","protected":false},"author":5,"featured_media":19157,"comment_status":"closed","ping_status":"open","sticky":false,"template":"","format":"standard","meta":{"_monsterinsights_skip_tracking":false,"_monsterinsights_sitenote_active":false,"_monsterinsights_sitenote_note":"","_monsterinsights_sitenote_category":0,"footnotes":""},"categories":[1],"tags":[],"class_list":["post-19156","post","type-post","status-publish","format-standard","has-post-thumbnail","hentry","category-sem-categoria"],"_links":{"self":[{"href":"https:\/\/pc.sc.gov.br\/index.php?rest_route=\/wp\/v2\/posts\/19156","targetHints":{"allow":["GET"]}}],"collection":[{"href":"https:\/\/pc.sc.gov.br\/index.php?rest_route=\/wp\/v2\/posts"}],"about":[{"href":"https:\/\/pc.sc.gov.br\/index.php?rest_route=\/wp\/v2\/types\/post"}],"author":[{"embeddable":true,"href":"https:\/\/pc.sc.gov.br\/index.php?rest_route=\/wp\/v2\/users\/5"}],"replies":[{"embeddable":true,"href":"https:\/\/pc.sc.gov.br\/index.php?rest_route=%2Fwp%2Fv2%2Fcomments&post=19156"}],"version-history":[{"count":4,"href":"https:\/\/pc.sc.gov.br\/index.php?rest_route=\/wp\/v2\/posts\/19156\/revisions"}],"predecessor-version":[{"id":19161,"href":"https:\/\/pc.sc.gov.br\/index.php?rest_route=\/wp\/v2\/posts\/19156\/revisions\/19161"}],"wp:featuredmedia":[{"embeddable":true,"href":"https:\/\/pc.sc.gov.br\/index.php?rest_route=\/wp\/v2\/media\/19157"}],"wp:attachment":[{"href":"https:\/\/pc.sc.gov.br\/index.php?rest_route=%2Fwp%2Fv2%2Fmedia&parent=19156"}],"wp:term":[{"taxonomy":"category","embeddable":true,"href":"https:\/\/pc.sc.gov.br\/index.php?rest_route=%2Fwp%2Fv2%2Fcategories&post=19156"},{"taxonomy":"post_tag","embeddable":true,"href":"https:\/\/pc.sc.gov.br\/index.php?rest_route=%2Fwp%2Fv2%2Ftags&post=19156"}],"curies":[{"name":"wp","href":"https:\/\/api.w.org\/{rel}","templated":true}]}}