{"id":19174,"date":"2024-04-16T14:14:59","date_gmt":"2024-04-16T17:14:59","guid":{"rendered":"https:\/\/pc.sc.gov.br\/?p=19174"},"modified":"2024-04-16T14:16:27","modified_gmt":"2024-04-16T17:16:27","slug":"decor-deic-deflagra-segunda-fase-da-operacao-terra-nostra-em-urussanga","status":"publish","type":"post","link":"https:\/\/pc.sc.gov.br\/?p=19174","title":{"rendered":"DECOR\/DEIC deflagra segunda fase da Opera\u00e7\u00e3o Terra Nostra em Urussanga"},"content":{"rendered":"\t\t<div data-elementor-type=\"wp-post\" data-elementor-id=\"19174\" class=\"elementor elementor-19174\" data-elementor-post-type=\"post\">\n\t\t\t\t\t\t<section class=\"elementor-section elementor-top-section elementor-element elementor-element-0b1b2b7 elementor-section-boxed elementor-section-height-default elementor-section-height-default\" data-id=\"0b1b2b7\" data-element_type=\"section\">\n\t\t\t\t\t\t<div class=\"elementor-container elementor-column-gap-default\">\n\t\t\t\t\t<div class=\"elementor-column elementor-col-100 elementor-top-column elementor-element elementor-element-7d70bac\" data-id=\"7d70bac\" data-element_type=\"column\">\n\t\t\t<div class=\"elementor-widget-wrap elementor-element-populated\">\n\t\t\t\t\t\t<div class=\"elementor-element elementor-element-d517a5a elementor-widget elementor-widget-heading\" data-id=\"d517a5a\" data-element_type=\"widget\" data-widget_type=\"heading.default\">\n\t\t\t\t<div class=\"elementor-widget-container\">\n\t\t\t\t\t<h2 class=\"elementor-heading-title elementor-size-default\">DECOR\/DEIC deflagra segunda fase da Opera\u00e7\u00e3o Terra Nostra em Urussanga<\/h2>\t\t\t\t<\/div>\n\t\t\t\t<\/div>\n\t\t\t\t\t<\/div>\n\t\t<\/div>\n\t\t\t\t\t<\/div>\n\t\t<\/section>\n\t\t\t\t<section class=\"elementor-section elementor-top-section elementor-element elementor-element-4d5f795 elementor-section-boxed elementor-section-height-default elementor-section-height-default\" data-id=\"4d5f795\" data-element_type=\"section\">\n\t\t\t\t\t\t<div class=\"elementor-container elementor-column-gap-default\">\n\t\t\t\t\t<div class=\"elementor-column elementor-col-100 elementor-top-column elementor-element elementor-element-c9673d6\" data-id=\"c9673d6\" data-element_type=\"column\">\n\t\t\t<div class=\"elementor-widget-wrap elementor-element-populated\">\n\t\t\t\t\t\t<div class=\"elementor-element elementor-element-a027913 elementor-widget elementor-widget-image\" data-id=\"a027913\" data-element_type=\"widget\" data-widget_type=\"image.default\">\n\t\t\t\t<div class=\"elementor-widget-container\">\n\t\t\t\t\t\t\t\t\t\t\t\t\t\t\t<img fetchpriority=\"high\" decoding=\"async\" width=\"696\" height=\"325\" src=\"https:\/\/pc.sc.gov.br\/\/wp-content\/uploads\/2024\/04\/WhatsApp-Image-2024-04-16-at-07.41.20-1024x478.jpeg\" class=\"attachment-large size-large wp-image-19175\" alt=\"\" srcset=\"https:\/\/pc.sc.gov.br\/\/wp-content\/uploads\/2024\/04\/WhatsApp-Image-2024-04-16-at-07.41.20-1024x478.jpeg 1024w, https:\/\/pc.sc.gov.br\/\/wp-content\/uploads\/2024\/04\/WhatsApp-Image-2024-04-16-at-07.41.20-300x140.jpeg 300w, https:\/\/pc.sc.gov.br\/\/wp-content\/uploads\/2024\/04\/WhatsApp-Image-2024-04-16-at-07.41.20-768x359.jpeg 768w, https:\/\/pc.sc.gov.br\/\/wp-content\/uploads\/2024\/04\/WhatsApp-Image-2024-04-16-at-07.41.20-1536x717.jpeg 1536w, https:\/\/pc.sc.gov.br\/\/wp-content\/uploads\/2024\/04\/WhatsApp-Image-2024-04-16-at-07.41.20.jpeg 1600w\" sizes=\"(max-width: 696px) 100vw, 696px\" \/>\t\t\t\t\t\t\t\t\t\t\t\t\t\t\t<\/div>\n\t\t\t\t<\/div>\n\t\t\t\t\t<\/div>\n\t\t<\/div>\n\t\t\t\t\t<\/div>\n\t\t<\/section>\n\t\t\t\t<section class=\"elementor-section elementor-top-section elementor-element elementor-element-d60a0a9 elementor-section-boxed elementor-section-height-default elementor-section-height-default\" data-id=\"d60a0a9\" data-element_type=\"section\">\n\t\t\t\t\t\t<div class=\"elementor-container elementor-column-gap-default\">\n\t\t\t\t\t<div class=\"elementor-column elementor-col-100 elementor-top-column elementor-element elementor-element-b328a41\" data-id=\"b328a41\" data-element_type=\"column\">\n\t\t\t<div class=\"elementor-widget-wrap elementor-element-populated\">\n\t\t\t\t\t\t<div class=\"elementor-element elementor-element-ffa7060 elementor-widget elementor-widget-text-editor\" data-id=\"ffa7060\" data-element_type=\"widget\" data-widget_type=\"text-editor.default\">\n\t\t\t\t<div class=\"elementor-widget-container\">\n\t\t\t\t\t\t\t\t\t<p>A Pol\u00edcia Civil de Santa Catarina, por meio da 2\u00aa Delegacia de Combate \u00e0 Corrup\u00e7\u00e3o da DEIC (2\u00aa DECOR\/DEIC), deflagrou nesta ter\u00e7a-feira (16), a segunda fase da investiga\u00e7\u00e3o que apura, dentre outras condutas, os crimes de organiza\u00e7\u00e3o criminosa, bem como falsidade ideol\u00f3gica, o uso indevido da renda p\u00fablica e, ainda, contrata\u00e7\u00e3o direta fora das hip\u00f3teses legais. Opera\u00e7\u00e3o em Urussanga resultou na pris\u00e3o do prefeito, de dois vereadores e um ex-funcion\u00e1rio comissionado que pediu exonera\u00e7\u00e3o na \u00faltima sexta-feira (12).<\/p>\n<p>No curso do inqu\u00e9rito policial apurou-se ter sido adquirido dois im\u00f3veis com valores superfaturados, sendo tais fatos corroborados atrav\u00e9s dos trabalhos periciais.&nbsp;<\/p>\n<p>Em raz\u00e3o disto, nesta ter\u00e7a-feira (16) foram cumpridos quatro mandados de pris\u00e3o preventiva, nove mandados de busca e apreens\u00e3o, sequestro de valores e afastamento de servidores da fun\u00e7\u00e3o p\u00fablica.<\/p>\n<p>As penas dos delitos investigados, se somadas, podem chegar a 33 anos de reclus\u00e3o. As investiga\u00e7\u00f5es continuam para verificar o envolvimento de outras pessoas.&nbsp;<span style=\"font-family: var( --e-global-typography-text-font-family ), Sans-serif; font-size: var( --e-global-typography-text-font-size );\">A 2\u00aa DECOR\/DEIC destacou ainda o trabalho exaustivo da Pol\u00edcia Cient\u00edfica, assim como do Minist\u00e9rio P\u00fablico e do Tribunal de Justi\u00e7a de Santa Catarina.<\/span><span style=\"color: var( --e-global-color-text ); font-family: var( --e-global-typography-primary-font-family ), Sans-serif; font-size: var( --e-global-typography-primary-font-size ); font-weight: var( --e-global-typography-primary-font-weight ); letter-spacing: var( --e-global-typography-primary-letter-spacing );\">&nbsp;<\/span><\/p>\t\t\t\t\t\t\t\t<\/div>\n\t\t\t\t<\/div>\n\t\t\t\t\t<\/div>\n\t\t<\/div>\n\t\t\t\t\t<\/div>\n\t\t<\/section>\n\t\t\t\t<\/div>\n\t\t","protected":false},"excerpt":{"rendered":"<p>DECOR\/DEIC deflagra segunda fase da Opera\u00e7\u00e3o Terra Nostra em Urussanga A Pol\u00edcia Civil de Santa Catarina, por meio da 2\u00aa Delegacia de Combate \u00e0 Corrup\u00e7\u00e3o da DEIC (2\u00aa DECOR\/DEIC), deflagrou nesta ter\u00e7a-feira (16), a segunda fase da investiga\u00e7\u00e3o que apura, dentre outras condutas, os crimes de organiza\u00e7\u00e3o criminosa, bem como falsidade ideol\u00f3gica, o uso indevido [&hellip;]<\/p>\n","protected":false},"author":5,"featured_media":19175,"comment_status":"closed","ping_status":"open","sticky":false,"template":"","format":"standard","meta":{"_monsterinsights_skip_tracking":false,"_monsterinsights_sitenote_active":false,"_monsterinsights_sitenote_note":"","_monsterinsights_sitenote_category":0,"footnotes":""},"categories":[1],"tags":[],"class_list":["post-19174","post","type-post","status-publish","format-standard","has-post-thumbnail","hentry","category-sem-categoria"],"_links":{"self":[{"href":"https:\/\/pc.sc.gov.br\/index.php?rest_route=\/wp\/v2\/posts\/19174","targetHints":{"allow":["GET"]}}],"collection":[{"href":"https:\/\/pc.sc.gov.br\/index.php?rest_route=\/wp\/v2\/posts"}],"about":[{"href":"https:\/\/pc.sc.gov.br\/index.php?rest_route=\/wp\/v2\/types\/post"}],"author":[{"embeddable":true,"href":"https:\/\/pc.sc.gov.br\/index.php?rest_route=\/wp\/v2\/users\/5"}],"replies":[{"embeddable":true,"href":"https:\/\/pc.sc.gov.br\/index.php?rest_route=%2Fwp%2Fv2%2Fcomments&post=19174"}],"version-history":[{"count":4,"href":"https:\/\/pc.sc.gov.br\/index.php?rest_route=\/wp\/v2\/posts\/19174\/revisions"}],"predecessor-version":[{"id":19179,"href":"https:\/\/pc.sc.gov.br\/index.php?rest_route=\/wp\/v2\/posts\/19174\/revisions\/19179"}],"wp:featuredmedia":[{"embeddable":true,"href":"https:\/\/pc.sc.gov.br\/index.php?rest_route=\/wp\/v2\/media\/19175"}],"wp:attachment":[{"href":"https:\/\/pc.sc.gov.br\/index.php?rest_route=%2Fwp%2Fv2%2Fmedia&parent=19174"}],"wp:term":[{"taxonomy":"category","embeddable":true,"href":"https:\/\/pc.sc.gov.br\/index.php?rest_route=%2Fwp%2Fv2%2Fcategories&post=19174"},{"taxonomy":"post_tag","embeddable":true,"href":"https:\/\/pc.sc.gov.br\/index.php?rest_route=%2Fwp%2Fv2%2Ftags&post=19174"}],"curies":[{"name":"wp","href":"https:\/\/api.w.org\/{rel}","templated":true}]}}