{"id":19188,"date":"2024-04-16T16:02:08","date_gmt":"2024-04-16T19:02:08","guid":{"rendered":"https:\/\/pc.sc.gov.br\/?p=19188"},"modified":"2024-04-16T16:03:20","modified_gmt":"2024-04-16T19:03:20","slug":"ficco-realiza-a-prisao-de-um-homem-e-apreende-35kg-de-cocaina-em-veiculo-durante-abordagem-realizada-na-br-101-em-icara","status":"publish","type":"post","link":"https:\/\/pc.sc.gov.br\/?p=19188","title":{"rendered":"FICCO realiza a pris\u00e3o de um homem e apreende 35kg de coca\u00edna em ve\u00edculo durante abordagem realizada na BR 101 em I\u00e7ara"},"content":{"rendered":"\t\t<div data-elementor-type=\"wp-post\" data-elementor-id=\"19188\" class=\"elementor elementor-19188\" data-elementor-post-type=\"post\">\n\t\t\t\t\t\t<section class=\"elementor-section elementor-top-section elementor-element elementor-element-c9995f3 elementor-section-boxed elementor-section-height-default elementor-section-height-default\" data-id=\"c9995f3\" data-element_type=\"section\">\n\t\t\t\t\t\t<div class=\"elementor-container elementor-column-gap-default\">\n\t\t\t\t\t<div class=\"elementor-column elementor-col-100 elementor-top-column elementor-element elementor-element-8763685\" data-id=\"8763685\" data-element_type=\"column\">\n\t\t\t<div class=\"elementor-widget-wrap elementor-element-populated\">\n\t\t\t\t\t\t<div class=\"elementor-element elementor-element-bcc9c1b elementor-widget elementor-widget-heading\" data-id=\"bcc9c1b\" data-element_type=\"widget\" data-widget_type=\"heading.default\">\n\t\t\t\t<div class=\"elementor-widget-container\">\n\t\t\t\t\t<h2 class=\"elementor-heading-title elementor-size-default\">FICCO realiza a pris\u00e3o de um homem e apreende 35kg de coca\u00edna em ve\u00edculo durante abordagem realizada na BR 101 em I\u00e7ara<\/h2>\t\t\t\t<\/div>\n\t\t\t\t<\/div>\n\t\t\t\t\t<\/div>\n\t\t<\/div>\n\t\t\t\t\t<\/div>\n\t\t<\/section>\n\t\t\t\t<section class=\"elementor-section elementor-top-section elementor-element elementor-element-13890a0 elementor-section-boxed elementor-section-height-default elementor-section-height-default\" data-id=\"13890a0\" data-element_type=\"section\">\n\t\t\t\t\t\t<div class=\"elementor-container elementor-column-gap-default\">\n\t\t\t\t\t<div class=\"elementor-column elementor-col-100 elementor-top-column elementor-element elementor-element-b356781\" data-id=\"b356781\" data-element_type=\"column\">\n\t\t\t<div class=\"elementor-widget-wrap elementor-element-populated\">\n\t\t\t\t\t\t<div class=\"elementor-element elementor-element-7cbb04b elementor-widget elementor-widget-image\" data-id=\"7cbb04b\" data-element_type=\"widget\" data-widget_type=\"image.default\">\n\t\t\t\t<div class=\"elementor-widget-container\">\n\t\t\t\t\t\t\t\t\t\t\t\t\t\t\t<img fetchpriority=\"high\" decoding=\"async\" width=\"696\" height=\"866\" src=\"https:\/\/pc.sc.gov.br\/\/wp-content\/uploads\/2024\/04\/WhatsApp-Image-2024-04-16-at-14.19.39-823x1024.jpeg\" class=\"attachment-large size-large wp-image-19189\" alt=\"\" srcset=\"https:\/\/pc.sc.gov.br\/\/wp-content\/uploads\/2024\/04\/WhatsApp-Image-2024-04-16-at-14.19.39-823x1024.jpeg 823w, https:\/\/pc.sc.gov.br\/\/wp-content\/uploads\/2024\/04\/WhatsApp-Image-2024-04-16-at-14.19.39-241x300.jpeg 241w, https:\/\/pc.sc.gov.br\/\/wp-content\/uploads\/2024\/04\/WhatsApp-Image-2024-04-16-at-14.19.39-768x956.jpeg 768w, https:\/\/pc.sc.gov.br\/\/wp-content\/uploads\/2024\/04\/WhatsApp-Image-2024-04-16-at-14.19.39-1235x1536.jpeg 1235w, https:\/\/pc.sc.gov.br\/\/wp-content\/uploads\/2024\/04\/WhatsApp-Image-2024-04-16-at-14.19.39.jpeg 1286w\" sizes=\"(max-width: 696px) 100vw, 696px\" \/>\t\t\t\t\t\t\t\t\t\t\t\t\t\t\t<\/div>\n\t\t\t\t<\/div>\n\t\t\t\t\t<\/div>\n\t\t<\/div>\n\t\t\t\t\t<\/div>\n\t\t<\/section>\n\t\t\t\t<section class=\"elementor-section elementor-top-section elementor-element elementor-element-7813413 elementor-section-boxed elementor-section-height-default elementor-section-height-default\" data-id=\"7813413\" data-element_type=\"section\">\n\t\t\t\t\t\t<div class=\"elementor-container elementor-column-gap-default\">\n\t\t\t\t\t<div class=\"elementor-column elementor-col-100 elementor-top-column elementor-element elementor-element-07415d6\" data-id=\"07415d6\" data-element_type=\"column\">\n\t\t\t<div class=\"elementor-widget-wrap elementor-element-populated\">\n\t\t\t\t\t\t<div class=\"elementor-element elementor-element-f846b64 elementor-widget elementor-widget-text-editor\" data-id=\"f846b64\" data-element_type=\"widget\" data-widget_type=\"text-editor.default\">\n\t\t\t\t<div class=\"elementor-widget-container\">\n\t\t\t\t\t\t\t\t\t<p>Nesta ter\u00e7a-feira (26\/4), a For\u00e7a Integrada de Combate ao Crime Organizado em Santa Catarina (FICCO\/SC), a qual a Pol\u00edcia Civil de Santa Catarina \u00e9 integrante, prendeu um homem que transportava cerca de 35kg de coca\u00edna em um ve\u00edculo. A abordagem foi realizada na BR 101, no munic\u00edpio de I\u00e7ara.<\/p>\n<p>Em raz\u00e3o de levantamentos de intelig\u00eancia realizados pela FICCO, foi identificada a movimenta\u00e7\u00e3o de dois ve\u00edculos suspeitos de estarem transportando drogas. Por meio de uma barreira policial foi poss\u00edvel a abordagem de um dos ve\u00edculos, no qual foi encontrada a subst\u00e2ncia il\u00edcita. Durante a a\u00e7\u00e3o, o segundo ve\u00edculo conseguiu se evadir.<\/p>\n<p>Todo o material arrecadado e o preso foram apresentados na Delegacia de Pol\u00edcia Federal em Crici\u00fama, onde foi lavrado o respectivo auto de pris\u00e3o em flagrante. O suspeito ir\u00e1 responder pelo crime de tr\u00e1fico de drogas e poder\u00e1 ser condenado a uma pena de at\u00e9 15 anos de pris\u00e3o.&nbsp;<\/p>\n<p>A reuni\u00e3o das for\u00e7as de seguran\u00e7a do estado tem como principal objetivo intensificar o enfrentamento \u00e0s organiza\u00e7\u00f5es e associa\u00e7\u00f5es criminosas. O acordo que institui a For\u00e7a Integrada de Combate ao Crime Organizado em Santa Catarina foi firmado em novembro do ano passado. Atualmente a FICCO\/SC \u00e9 composta pela Pol\u00edcia Civil, Pol\u00edcia Federal, Pol\u00edcia Rodovi\u00e1ria Federal e Secretaria de Administra\u00e7\u00e3o Prisional e Socioeducativa do Estado de Santa Catarina.<\/p>\n<p><b>Com informa\u00e7\u00f5es e imagem do setor de Comunica\u00e7\u00e3o Social da Pol\u00edcia Federal em Santa Catarina.<\/b><\/p>\t\t\t\t\t\t\t\t<\/div>\n\t\t\t\t<\/div>\n\t\t\t\t\t<\/div>\n\t\t<\/div>\n\t\t\t\t\t<\/div>\n\t\t<\/section>\n\t\t\t\t<\/div>\n\t\t","protected":false},"excerpt":{"rendered":"<p>FICCO realiza a pris\u00e3o de um homem e apreende 35kg de coca\u00edna em ve\u00edculo durante abordagem realizada na BR 101 em I\u00e7ara Nesta ter\u00e7a-feira (26\/4), a For\u00e7a Integrada de Combate ao Crime Organizado em Santa Catarina (FICCO\/SC), a qual a Pol\u00edcia Civil de Santa Catarina \u00e9 integrante, prendeu um homem que transportava cerca de 35kg [&hellip;]<\/p>\n","protected":false},"author":5,"featured_media":19189,"comment_status":"closed","ping_status":"open","sticky":false,"template":"","format":"standard","meta":{"_monsterinsights_skip_tracking":false,"_monsterinsights_sitenote_active":false,"_monsterinsights_sitenote_note":"","_monsterinsights_sitenote_category":0,"footnotes":""},"categories":[1],"tags":[],"class_list":["post-19188","post","type-post","status-publish","format-standard","has-post-thumbnail","hentry","category-sem-categoria"],"_links":{"self":[{"href":"https:\/\/pc.sc.gov.br\/index.php?rest_route=\/wp\/v2\/posts\/19188","targetHints":{"allow":["GET"]}}],"collection":[{"href":"https:\/\/pc.sc.gov.br\/index.php?rest_route=\/wp\/v2\/posts"}],"about":[{"href":"https:\/\/pc.sc.gov.br\/index.php?rest_route=\/wp\/v2\/types\/post"}],"author":[{"embeddable":true,"href":"https:\/\/pc.sc.gov.br\/index.php?rest_route=\/wp\/v2\/users\/5"}],"replies":[{"embeddable":true,"href":"https:\/\/pc.sc.gov.br\/index.php?rest_route=%2Fwp%2Fv2%2Fcomments&post=19188"}],"version-history":[{"count":4,"href":"https:\/\/pc.sc.gov.br\/index.php?rest_route=\/wp\/v2\/posts\/19188\/revisions"}],"predecessor-version":[{"id":19193,"href":"https:\/\/pc.sc.gov.br\/index.php?rest_route=\/wp\/v2\/posts\/19188\/revisions\/19193"}],"wp:featuredmedia":[{"embeddable":true,"href":"https:\/\/pc.sc.gov.br\/index.php?rest_route=\/wp\/v2\/media\/19189"}],"wp:attachment":[{"href":"https:\/\/pc.sc.gov.br\/index.php?rest_route=%2Fwp%2Fv2%2Fmedia&parent=19188"}],"wp:term":[{"taxonomy":"category","embeddable":true,"href":"https:\/\/pc.sc.gov.br\/index.php?rest_route=%2Fwp%2Fv2%2Fcategories&post=19188"},{"taxonomy":"post_tag","embeddable":true,"href":"https:\/\/pc.sc.gov.br\/index.php?rest_route=%2Fwp%2Fv2%2Ftags&post=19188"}],"curies":[{"name":"wp","href":"https:\/\/api.w.org\/{rel}","templated":true}]}}