{"id":19200,"date":"2024-04-16T18:16:04","date_gmt":"2024-04-16T21:16:04","guid":{"rendered":"https:\/\/pc.sc.gov.br\/?p=19200"},"modified":"2024-04-16T18:16:57","modified_gmt":"2024-04-16T21:16:57","slug":"delegacia-de-capturas-da-deic-prende-foragido-por-homicidio-em-blumenau","status":"publish","type":"post","link":"https:\/\/pc.sc.gov.br\/?p=19200","title":{"rendered":"Delegacia de Capturas da Deic prende foragido por homic\u00eddio em Blumenau"},"content":{"rendered":"\t\t<div data-elementor-type=\"wp-post\" data-elementor-id=\"19200\" class=\"elementor elementor-19200\" data-elementor-post-type=\"post\">\n\t\t\t\t\t\t<section class=\"elementor-section elementor-top-section elementor-element elementor-element-5855845 elementor-section-boxed elementor-section-height-default elementor-section-height-default\" data-id=\"5855845\" data-element_type=\"section\">\n\t\t\t\t\t\t<div class=\"elementor-container elementor-column-gap-default\">\n\t\t\t\t\t<div class=\"elementor-column elementor-col-100 elementor-top-column elementor-element elementor-element-cf47644\" data-id=\"cf47644\" data-element_type=\"column\">\n\t\t\t<div class=\"elementor-widget-wrap elementor-element-populated\">\n\t\t\t\t\t\t<div class=\"elementor-element elementor-element-841966b elementor-widget elementor-widget-heading\" data-id=\"841966b\" data-element_type=\"widget\" data-widget_type=\"heading.default\">\n\t\t\t\t<div class=\"elementor-widget-container\">\n\t\t\t\t\t<h2 class=\"elementor-heading-title elementor-size-default\">Delegacia de Capturas da Deic prende foragido por homic\u00eddio em Blumenau<\/h2>\t\t\t\t<\/div>\n\t\t\t\t<\/div>\n\t\t\t\t\t<\/div>\n\t\t<\/div>\n\t\t\t\t\t<\/div>\n\t\t<\/section>\n\t\t\t\t<section class=\"elementor-section elementor-top-section elementor-element elementor-element-15991c3 elementor-section-boxed elementor-section-height-default elementor-section-height-default\" data-id=\"15991c3\" data-element_type=\"section\">\n\t\t\t\t\t\t<div class=\"elementor-container elementor-column-gap-default\">\n\t\t\t\t\t<div class=\"elementor-column elementor-col-100 elementor-top-column elementor-element elementor-element-94d2907\" data-id=\"94d2907\" data-element_type=\"column\">\n\t\t\t<div class=\"elementor-widget-wrap elementor-element-populated\">\n\t\t\t\t\t\t<div class=\"elementor-element elementor-element-4dcce6f elementor-widget elementor-widget-image\" data-id=\"4dcce6f\" data-element_type=\"widget\" data-widget_type=\"image.default\">\n\t\t\t\t<div class=\"elementor-widget-container\">\n\t\t\t\t\t\t\t\t\t\t\t\t\t\t\t<img fetchpriority=\"high\" decoding=\"async\" width=\"696\" height=\"517\" src=\"https:\/\/pc.sc.gov.br\/\/wp-content\/uploads\/2023\/06\/DEIC-PAREDE-1.jpeg\" class=\"attachment-large size-large wp-image-10917\" alt=\"\" srcset=\"https:\/\/pc.sc.gov.br\/\/wp-content\/uploads\/2023\/06\/DEIC-PAREDE-1.jpeg 1024w, https:\/\/pc.sc.gov.br\/\/wp-content\/uploads\/2023\/06\/DEIC-PAREDE-1-300x223.jpeg 300w, https:\/\/pc.sc.gov.br\/\/wp-content\/uploads\/2023\/06\/DEIC-PAREDE-1-768x571.jpeg 768w\" sizes=\"(max-width: 696px) 100vw, 696px\" \/>\t\t\t\t\t\t\t\t\t\t\t\t\t\t\t<\/div>\n\t\t\t\t<\/div>\n\t\t\t\t\t<\/div>\n\t\t<\/div>\n\t\t\t\t\t<\/div>\n\t\t<\/section>\n\t\t\t\t<section class=\"elementor-section elementor-top-section elementor-element elementor-element-0fe38b1 elementor-section-boxed elementor-section-height-default elementor-section-height-default\" data-id=\"0fe38b1\" data-element_type=\"section\">\n\t\t\t\t\t\t<div class=\"elementor-container elementor-column-gap-default\">\n\t\t\t\t\t<div class=\"elementor-column elementor-col-100 elementor-top-column elementor-element elementor-element-feb04b4\" data-id=\"feb04b4\" data-element_type=\"column\">\n\t\t\t<div class=\"elementor-widget-wrap elementor-element-populated\">\n\t\t\t\t\t\t<div class=\"elementor-element elementor-element-5837b33 elementor-widget elementor-widget-text-editor\" data-id=\"5837b33\" data-element_type=\"widget\" data-widget_type=\"text-editor.default\">\n\t\t\t\t<div class=\"elementor-widget-container\">\n\t\t\t\t\t\t\t\t\t<p>Nesta ter\u00e7a-feira (16\/04), a Pol\u00edcia Civil de Santa Catarina, por meio da Delegacia de Capturas da Diretoria Estadual de Investiga\u00e7\u00f5es Criminais, prendeu, por solicita\u00e7\u00e3o de apoio operacional da Diretoria de Intelig\u00eancia, um homem pelo crime de homic\u00eddio, previsto no artigo 121 do C\u00f3digo Penal.<\/p><p>Ele era foragido do Estado do Paran\u00e1 e, ap\u00f3s dilig\u00eancias, foi localizado na cidade de Blumenau, local onde foi preso e conduzido para o Sistema Penal.<\/p><p>Den\u00fancias e informa\u00e7\u00f5es relacionadas a foragidos da Justi\u00e7a podem ser encaminhadas para o e-mail deic-capturas@pc.sc.gov.br. Al\u00e9m disso, pelo\u00a0<a href=\"https:\/\/sistemas.pc.sc.gov.br\/foragidos\/\"><strong>Portal Foragidos<\/strong><\/a>\u00a0da PCSC \u00e9 poss\u00edvel conhecer a rela\u00e7\u00e3o de procurados pela Justi\u00e7a. A Pol\u00edcia Civil de Santa Catarina garante o anonimato de quem prestar informa\u00e7\u00f5es sobre foragidos.<\/p>\t\t\t\t\t\t\t\t<\/div>\n\t\t\t\t<\/div>\n\t\t\t\t\t<\/div>\n\t\t<\/div>\n\t\t\t\t\t<\/div>\n\t\t<\/section>\n\t\t\t\t<\/div>\n\t\t","protected":false},"excerpt":{"rendered":"<p>Delegacia de Capturas da Deic prende foragido por homic\u00eddio em Blumenau Nesta ter\u00e7a-feira (16\/04), a Pol\u00edcia Civil de Santa Catarina, por meio da Delegacia de Capturas da Diretoria Estadual de Investiga\u00e7\u00f5es Criminais, prendeu, por solicita\u00e7\u00e3o de apoio operacional da Diretoria de Intelig\u00eancia, um homem pelo crime de homic\u00eddio, previsto no artigo 121 do C\u00f3digo Penal. [&hellip;]<\/p>\n","protected":false},"author":5,"featured_media":10917,"comment_status":"closed","ping_status":"open","sticky":false,"template":"","format":"standard","meta":{"_monsterinsights_skip_tracking":false,"_monsterinsights_sitenote_active":false,"_monsterinsights_sitenote_note":"","_monsterinsights_sitenote_category":0,"footnotes":""},"categories":[1],"tags":[],"class_list":["post-19200","post","type-post","status-publish","format-standard","has-post-thumbnail","hentry","category-sem-categoria"],"_links":{"self":[{"href":"https:\/\/pc.sc.gov.br\/index.php?rest_route=\/wp\/v2\/posts\/19200","targetHints":{"allow":["GET"]}}],"collection":[{"href":"https:\/\/pc.sc.gov.br\/index.php?rest_route=\/wp\/v2\/posts"}],"about":[{"href":"https:\/\/pc.sc.gov.br\/index.php?rest_route=\/wp\/v2\/types\/post"}],"author":[{"embeddable":true,"href":"https:\/\/pc.sc.gov.br\/index.php?rest_route=\/wp\/v2\/users\/5"}],"replies":[{"embeddable":true,"href":"https:\/\/pc.sc.gov.br\/index.php?rest_route=%2Fwp%2Fv2%2Fcomments&post=19200"}],"version-history":[{"count":4,"href":"https:\/\/pc.sc.gov.br\/index.php?rest_route=\/wp\/v2\/posts\/19200\/revisions"}],"predecessor-version":[{"id":19204,"href":"https:\/\/pc.sc.gov.br\/index.php?rest_route=\/wp\/v2\/posts\/19200\/revisions\/19204"}],"wp:featuredmedia":[{"embeddable":true,"href":"https:\/\/pc.sc.gov.br\/index.php?rest_route=\/wp\/v2\/media\/10917"}],"wp:attachment":[{"href":"https:\/\/pc.sc.gov.br\/index.php?rest_route=%2Fwp%2Fv2%2Fmedia&parent=19200"}],"wp:term":[{"taxonomy":"category","embeddable":true,"href":"https:\/\/pc.sc.gov.br\/index.php?rest_route=%2Fwp%2Fv2%2Fcategories&post=19200"},{"taxonomy":"post_tag","embeddable":true,"href":"https:\/\/pc.sc.gov.br\/index.php?rest_route=%2Fwp%2Fv2%2Ftags&post=19200"}],"curies":[{"name":"wp","href":"https:\/\/api.w.org\/{rel}","templated":true}]}}