{"id":19205,"date":"2024-04-16T18:51:40","date_gmt":"2024-04-16T21:51:40","guid":{"rendered":"https:\/\/pc.sc.gov.br\/?p=19205"},"modified":"2024-04-16T18:54:44","modified_gmt":"2024-04-16T21:54:44","slug":"dic-de-lages-prende-traficante-e-apreende-meio-quilo-de-cocaina-que-seria-distribuida-na-regiao","status":"publish","type":"post","link":"https:\/\/pc.sc.gov.br\/?p=19205","title":{"rendered":"DIC de Lages prende traficante e apreende meio quilo de coca\u00edna que seria distribu\u00edda na regi\u00e3o"},"content":{"rendered":"\t\t<div data-elementor-type=\"wp-post\" data-elementor-id=\"19205\" class=\"elementor elementor-19205\" data-elementor-post-type=\"post\">\n\t\t\t\t\t\t<section class=\"elementor-section elementor-top-section elementor-element elementor-element-7e6578c elementor-section-boxed elementor-section-height-default elementor-section-height-default\" data-id=\"7e6578c\" data-element_type=\"section\">\n\t\t\t\t\t\t<div class=\"elementor-container elementor-column-gap-default\">\n\t\t\t\t\t<div class=\"elementor-column elementor-col-100 elementor-top-column elementor-element elementor-element-328311e\" data-id=\"328311e\" data-element_type=\"column\">\n\t\t\t<div class=\"elementor-widget-wrap elementor-element-populated\">\n\t\t\t\t\t\t<div class=\"elementor-element elementor-element-5e5e71c elementor-widget elementor-widget-heading\" data-id=\"5e5e71c\" data-element_type=\"widget\" data-widget_type=\"heading.default\">\n\t\t\t\t<div class=\"elementor-widget-container\">\n\t\t\t\t\t<h2 class=\"elementor-heading-title elementor-size-default\">DIC de Lages prende traficante e apreende meio quilo de coca\u00edna que seria distribu\u00edda na regi\u00e3o<\/h2>\t\t\t\t<\/div>\n\t\t\t\t<\/div>\n\t\t\t\t\t<\/div>\n\t\t<\/div>\n\t\t\t\t\t<\/div>\n\t\t<\/section>\n\t\t\t\t<section class=\"elementor-section elementor-top-section elementor-element elementor-element-7b1b067 elementor-section-boxed elementor-section-height-default elementor-section-height-default\" data-id=\"7b1b067\" data-element_type=\"section\">\n\t\t\t\t\t\t<div class=\"elementor-container elementor-column-gap-default\">\n\t\t\t\t\t<div class=\"elementor-column elementor-col-100 elementor-top-column elementor-element elementor-element-b8c657b\" data-id=\"b8c657b\" data-element_type=\"column\">\n\t\t\t<div class=\"elementor-widget-wrap elementor-element-populated\">\n\t\t\t\t\t\t<div class=\"elementor-element elementor-element-565d010 elementor-widget elementor-widget-image\" data-id=\"565d010\" data-element_type=\"widget\" data-widget_type=\"image.default\">\n\t\t\t\t<div class=\"elementor-widget-container\">\n\t\t\t\t\t\t\t\t\t\t\t\t\t\t\t<img fetchpriority=\"high\" decoding=\"async\" width=\"696\" height=\"440\" src=\"https:\/\/pc.sc.gov.br\/\/wp-content\/uploads\/2024\/04\/20934e46-691c-473d-9bab-183644440fb5-fotor-20240416185237.jpg\" class=\"attachment-large size-large wp-image-19206\" alt=\"\" srcset=\"https:\/\/pc.sc.gov.br\/\/wp-content\/uploads\/2024\/04\/20934e46-691c-473d-9bab-183644440fb5-fotor-20240416185237.jpg 720w, https:\/\/pc.sc.gov.br\/\/wp-content\/uploads\/2024\/04\/20934e46-691c-473d-9bab-183644440fb5-fotor-20240416185237-300x190.jpg 300w\" sizes=\"(max-width: 696px) 100vw, 696px\" \/>\t\t\t\t\t\t\t\t\t\t\t\t\t\t\t<\/div>\n\t\t\t\t<\/div>\n\t\t\t\t\t<\/div>\n\t\t<\/div>\n\t\t\t\t\t<\/div>\n\t\t<\/section>\n\t\t\t\t<section class=\"elementor-section elementor-top-section elementor-element elementor-element-af100b6 elementor-section-boxed elementor-section-height-default elementor-section-height-default\" data-id=\"af100b6\" data-element_type=\"section\">\n\t\t\t\t\t\t<div class=\"elementor-container elementor-column-gap-default\">\n\t\t\t\t\t<div class=\"elementor-column elementor-col-100 elementor-top-column elementor-element elementor-element-a7fab6d\" data-id=\"a7fab6d\" data-element_type=\"column\">\n\t\t\t<div class=\"elementor-widget-wrap elementor-element-populated\">\n\t\t\t\t\t\t<div class=\"elementor-element elementor-element-562aa38 elementor-widget elementor-widget-text-editor\" data-id=\"562aa38\" data-element_type=\"widget\" data-widget_type=\"text-editor.default\">\n\t\t\t\t<div class=\"elementor-widget-container\">\n\t\t\t\t\t\t\t\t\t<p>A Pol\u00edcia Civil de Santa Catarina, por meio da Divis\u00e3o de Investiga\u00e7\u00e3o Criminal (DIC) de Lages e N\u00facleo de Opera\u00e7\u00f5es com C\u00e3es, realizou no final da tarde desta ter\u00e7a-feira (16) a pris\u00e3o em flagrante de um investigado, natural de Lages, o qual, al\u00e9m de possuir dois mandados de pris\u00f5es ativos, foi preso em flagrante pela pr\u00e1tica do delito de tr\u00e1fico de drogas, artigo 33 da Lei 11.343\/06.<\/p>\n<p>A equipe da DIC realizou a pris\u00e3o do investigado no bairro Santa Helena, em via p\u00fablica, quando ele estava realizando entregas de drogas. As investiga\u00e7\u00f5es apuraram que o homem era integrante de uma organiza\u00e7\u00e3o criminosa Al\u00e9m das drogas, foram apreendidos balan\u00e7a de precis\u00e3o, dinheiro em esp\u00e9cie, um ve\u00edculo que era utilizado para transporte e entrega de drogas e outros itens de interesse para investiga\u00e7\u00e3o.<\/p>\n<p>Ap\u00f3s a realiza\u00e7\u00e3o da pris\u00e3o, o conduzido foi encaminhado a DIC de Lages para lavratura do auto de pris\u00e3o em flagrante e depois foi encaminhado para Unidade Prisional de Lages, local onde permanecer\u00e1 preso \u00e0 disposi\u00e7\u00e3o da justi\u00e7a.<span style=\"color: var( --e-global-color-text ); font-family: var( --e-global-typography-primary-font-family ), Sans-serif; font-size: var( --e-global-typography-primary-font-size ); font-weight: var( --e-global-typography-primary-font-weight ); letter-spacing: var( --e-global-typography-primary-letter-spacing );\">&nbsp;<\/span><\/p>\t\t\t\t\t\t\t\t<\/div>\n\t\t\t\t<\/div>\n\t\t\t\t\t<\/div>\n\t\t<\/div>\n\t\t\t\t\t<\/div>\n\t\t<\/section>\n\t\t\t\t<\/div>\n\t\t","protected":false},"excerpt":{"rendered":"<p>DIC de Lages prende traficante e apreende meio quilo de coca\u00edna que seria distribu\u00edda na regi\u00e3o A Pol\u00edcia Civil de Santa Catarina, por meio da Divis\u00e3o de Investiga\u00e7\u00e3o Criminal (DIC) de Lages e N\u00facleo de Opera\u00e7\u00f5es com C\u00e3es, realizou no final da tarde desta ter\u00e7a-feira (16) a pris\u00e3o em flagrante de um investigado, natural de [&hellip;]<\/p>\n","protected":false},"author":5,"featured_media":19206,"comment_status":"closed","ping_status":"open","sticky":false,"template":"","format":"standard","meta":{"_monsterinsights_skip_tracking":false,"_monsterinsights_sitenote_active":false,"_monsterinsights_sitenote_note":"","_monsterinsights_sitenote_category":0,"footnotes":""},"categories":[1],"tags":[],"class_list":["post-19205","post","type-post","status-publish","format-standard","has-post-thumbnail","hentry","category-sem-categoria"],"_links":{"self":[{"href":"https:\/\/pc.sc.gov.br\/index.php?rest_route=\/wp\/v2\/posts\/19205","targetHints":{"allow":["GET"]}}],"collection":[{"href":"https:\/\/pc.sc.gov.br\/index.php?rest_route=\/wp\/v2\/posts"}],"about":[{"href":"https:\/\/pc.sc.gov.br\/index.php?rest_route=\/wp\/v2\/types\/post"}],"author":[{"embeddable":true,"href":"https:\/\/pc.sc.gov.br\/index.php?rest_route=\/wp\/v2\/users\/5"}],"replies":[{"embeddable":true,"href":"https:\/\/pc.sc.gov.br\/index.php?rest_route=%2Fwp%2Fv2%2Fcomments&post=19205"}],"version-history":[{"count":3,"href":"https:\/\/pc.sc.gov.br\/index.php?rest_route=\/wp\/v2\/posts\/19205\/revisions"}],"predecessor-version":[{"id":19209,"href":"https:\/\/pc.sc.gov.br\/index.php?rest_route=\/wp\/v2\/posts\/19205\/revisions\/19209"}],"wp:featuredmedia":[{"embeddable":true,"href":"https:\/\/pc.sc.gov.br\/index.php?rest_route=\/wp\/v2\/media\/19206"}],"wp:attachment":[{"href":"https:\/\/pc.sc.gov.br\/index.php?rest_route=%2Fwp%2Fv2%2Fmedia&parent=19205"}],"wp:term":[{"taxonomy":"category","embeddable":true,"href":"https:\/\/pc.sc.gov.br\/index.php?rest_route=%2Fwp%2Fv2%2Fcategories&post=19205"},{"taxonomy":"post_tag","embeddable":true,"href":"https:\/\/pc.sc.gov.br\/index.php?rest_route=%2Fwp%2Fv2%2Ftags&post=19205"}],"curies":[{"name":"wp","href":"https:\/\/api.w.org\/{rel}","templated":true}]}}