{"id":19210,"date":"2024-04-17T12:36:08","date_gmt":"2024-04-17T15:36:08","guid":{"rendered":"https:\/\/pc.sc.gov.br\/?p=19210"},"modified":"2024-04-17T12:36:56","modified_gmt":"2024-04-17T15:36:56","slug":"policia-civil-prende-homem-em-flagrante-por-trafico-de-drogas-em-tubarao","status":"publish","type":"post","link":"https:\/\/pc.sc.gov.br\/?p=19210","title":{"rendered":"Pol\u00edcia Civil prende homem em flagrante por tr\u00e1fico de drogas em Tubar\u00e3o"},"content":{"rendered":"\t\t<div data-elementor-type=\"wp-post\" data-elementor-id=\"19210\" class=\"elementor elementor-19210\" data-elementor-post-type=\"post\">\n\t\t\t\t\t\t<section class=\"elementor-section elementor-top-section elementor-element elementor-element-be29471 elementor-section-boxed elementor-section-height-default elementor-section-height-default\" data-id=\"be29471\" data-element_type=\"section\">\n\t\t\t\t\t\t<div class=\"elementor-container elementor-column-gap-default\">\n\t\t\t\t\t<div class=\"elementor-column elementor-col-100 elementor-top-column elementor-element elementor-element-b926a80\" data-id=\"b926a80\" data-element_type=\"column\">\n\t\t\t<div class=\"elementor-widget-wrap elementor-element-populated\">\n\t\t\t\t\t\t<div class=\"elementor-element elementor-element-c8ee60f elementor-widget elementor-widget-heading\" data-id=\"c8ee60f\" data-element_type=\"widget\" data-widget_type=\"heading.default\">\n\t\t\t\t<div class=\"elementor-widget-container\">\n\t\t\t\t\t<h2 class=\"elementor-heading-title elementor-size-default\">Pol\u00edcia Civil prende homem em flagrante por tr\u00e1fico de drogas em Tubar\u00e3o<\/h2>\t\t\t\t<\/div>\n\t\t\t\t<\/div>\n\t\t\t\t\t<\/div>\n\t\t<\/div>\n\t\t\t\t\t<\/div>\n\t\t<\/section>\n\t\t\t\t<section class=\"elementor-section elementor-top-section elementor-element elementor-element-4f62fec elementor-section-boxed elementor-section-height-default elementor-section-height-default\" data-id=\"4f62fec\" data-element_type=\"section\">\n\t\t\t\t\t\t<div class=\"elementor-container elementor-column-gap-default\">\n\t\t\t\t\t<div class=\"elementor-column elementor-col-100 elementor-top-column elementor-element elementor-element-13cb957\" data-id=\"13cb957\" data-element_type=\"column\">\n\t\t\t<div class=\"elementor-widget-wrap elementor-element-populated\">\n\t\t\t\t\t\t<div class=\"elementor-element elementor-element-93502b1 elementor-widget elementor-widget-image\" data-id=\"93502b1\" data-element_type=\"widget\" data-widget_type=\"image.default\">\n\t\t\t\t<div class=\"elementor-widget-container\">\n\t\t\t\t\t\t\t\t\t\t\t\t\t\t\t<img fetchpriority=\"high\" decoding=\"async\" width=\"602\" height=\"510\" src=\"https:\/\/pc.sc.gov.br\/\/wp-content\/uploads\/2023\/11\/DIC-DE-TUBARAO.jpeg\" class=\"attachment-large size-large wp-image-15637\" alt=\"\" srcset=\"https:\/\/pc.sc.gov.br\/\/wp-content\/uploads\/2023\/11\/DIC-DE-TUBARAO.jpeg 602w, https:\/\/pc.sc.gov.br\/\/wp-content\/uploads\/2023\/11\/DIC-DE-TUBARAO-300x254.jpeg 300w\" sizes=\"(max-width: 602px) 100vw, 602px\" \/>\t\t\t\t\t\t\t\t\t\t\t\t\t\t\t<\/div>\n\t\t\t\t<\/div>\n\t\t\t\t\t<\/div>\n\t\t<\/div>\n\t\t\t\t\t<\/div>\n\t\t<\/section>\n\t\t\t\t<section class=\"elementor-section elementor-top-section elementor-element elementor-element-7d149d6 elementor-section-boxed elementor-section-height-default elementor-section-height-default\" data-id=\"7d149d6\" data-element_type=\"section\">\n\t\t\t\t\t\t<div class=\"elementor-container elementor-column-gap-default\">\n\t\t\t\t\t<div class=\"elementor-column elementor-col-100 elementor-top-column elementor-element elementor-element-803de4b\" data-id=\"803de4b\" data-element_type=\"column\">\n\t\t\t<div class=\"elementor-widget-wrap elementor-element-populated\">\n\t\t\t\t\t\t<div class=\"elementor-element elementor-element-18c73ab elementor-widget elementor-widget-text-editor\" data-id=\"18c73ab\" data-element_type=\"widget\" data-widget_type=\"text-editor.default\">\n\t\t\t\t<div class=\"elementor-widget-container\">\n\t\t\t\t\t\t\t\t\t<p>Na ter\u00e7a-feira (16), a Pol\u00edcia Civil de Santa Catarina, por meio da Divis\u00e3o de Investiga\u00e7\u00e3o Criminal de Tubar\u00e3o, prendeu um homem por tr\u00e1fico de drogas, no bairro Morrotes, em Tubar\u00e3o.<\/p><p>Os investigadores j\u00e1 tinham conhecimento de que o suspeito estaria realizando o tr\u00e1fico de coca\u00edna na modalidade tele-entrega na cidade de Tubar\u00e3o.<\/p><p>Na manh\u00e3 da ter\u00e7a-feira (16), foi organizada uma dilig\u00eancia para localizar o ve\u00edculo por ele utilizado e realizar a sua abordagem. No decorrer da a\u00e7\u00e3o, foram visualizadas algumas transa\u00e7\u00f5es realizadas pelo suspeito, tendo o ve\u00edculo sido abordado no bairro Morrotes.<\/p><p>No interior do carro foram encontradas diversas por\u00e7\u00f5es de coca\u00edna e uma por\u00e7\u00e3o de maconha, al\u00e9m de grande quantidade de dinheiro em esp\u00e9cie.<\/p><p>O suspeito foi conduzido \u00e0 sede da DIC e, ap\u00f3s ser autuado em flagrante delito pelo crime do art. 33 da lei 11.343\/06, foi encaminhado ao Pres\u00eddio Regional de Tubar\u00e3o.<\/p>\t\t\t\t\t\t\t\t<\/div>\n\t\t\t\t<\/div>\n\t\t\t\t\t<\/div>\n\t\t<\/div>\n\t\t\t\t\t<\/div>\n\t\t<\/section>\n\t\t\t\t<\/div>\n\t\t","protected":false},"excerpt":{"rendered":"<p>Pol\u00edcia Civil prende homem em flagrante por tr\u00e1fico de drogas em Tubar\u00e3o Na ter\u00e7a-feira (16), a Pol\u00edcia Civil de Santa Catarina, por meio da Divis\u00e3o de Investiga\u00e7\u00e3o Criminal de Tubar\u00e3o, prendeu um homem por tr\u00e1fico de drogas, no bairro Morrotes, em Tubar\u00e3o. Os investigadores j\u00e1 tinham conhecimento de que o suspeito estaria realizando o tr\u00e1fico [&hellip;]<\/p>\n","protected":false},"author":5,"featured_media":15637,"comment_status":"closed","ping_status":"open","sticky":false,"template":"","format":"standard","meta":{"_monsterinsights_skip_tracking":false,"_monsterinsights_sitenote_active":false,"_monsterinsights_sitenote_note":"","_monsterinsights_sitenote_category":0,"footnotes":""},"categories":[1],"tags":[],"class_list":["post-19210","post","type-post","status-publish","format-standard","has-post-thumbnail","hentry","category-sem-categoria"],"_links":{"self":[{"href":"https:\/\/pc.sc.gov.br\/index.php?rest_route=\/wp\/v2\/posts\/19210","targetHints":{"allow":["GET"]}}],"collection":[{"href":"https:\/\/pc.sc.gov.br\/index.php?rest_route=\/wp\/v2\/posts"}],"about":[{"href":"https:\/\/pc.sc.gov.br\/index.php?rest_route=\/wp\/v2\/types\/post"}],"author":[{"embeddable":true,"href":"https:\/\/pc.sc.gov.br\/index.php?rest_route=\/wp\/v2\/users\/5"}],"replies":[{"embeddable":true,"href":"https:\/\/pc.sc.gov.br\/index.php?rest_route=%2Fwp%2Fv2%2Fcomments&post=19210"}],"version-history":[{"count":4,"href":"https:\/\/pc.sc.gov.br\/index.php?rest_route=\/wp\/v2\/posts\/19210\/revisions"}],"predecessor-version":[{"id":19214,"href":"https:\/\/pc.sc.gov.br\/index.php?rest_route=\/wp\/v2\/posts\/19210\/revisions\/19214"}],"wp:featuredmedia":[{"embeddable":true,"href":"https:\/\/pc.sc.gov.br\/index.php?rest_route=\/wp\/v2\/media\/15637"}],"wp:attachment":[{"href":"https:\/\/pc.sc.gov.br\/index.php?rest_route=%2Fwp%2Fv2%2Fmedia&parent=19210"}],"wp:term":[{"taxonomy":"category","embeddable":true,"href":"https:\/\/pc.sc.gov.br\/index.php?rest_route=%2Fwp%2Fv2%2Fcategories&post=19210"},{"taxonomy":"post_tag","embeddable":true,"href":"https:\/\/pc.sc.gov.br\/index.php?rest_route=%2Fwp%2Fv2%2Ftags&post=19210"}],"curies":[{"name":"wp","href":"https:\/\/api.w.org\/{rel}","templated":true}]}}