{"id":19215,"date":"2024-04-17T15:53:34","date_gmt":"2024-04-17T18:53:34","guid":{"rendered":"https:\/\/pc.sc.gov.br\/?p=19215"},"modified":"2024-04-17T15:54:40","modified_gmt":"2024-04-17T18:54:40","slug":"dic-de-itajai-prende-seis-suspeitos-por-trafico-de-drogas-e-posse-de-municao-de-uso-restrito","status":"publish","type":"post","link":"https:\/\/pc.sc.gov.br\/?p=19215","title":{"rendered":"DIC de Itaja\u00ed prende seis suspeitos por tr\u00e1fico de drogas e posse de muni\u00e7\u00e3o de uso restrito"},"content":{"rendered":"\t\t<div data-elementor-type=\"wp-post\" data-elementor-id=\"19215\" class=\"elementor elementor-19215\" data-elementor-post-type=\"post\">\n\t\t\t\t\t\t<section class=\"elementor-section elementor-top-section elementor-element elementor-element-e8204a0 elementor-section-boxed elementor-section-height-default elementor-section-height-default\" data-id=\"e8204a0\" data-element_type=\"section\">\n\t\t\t\t\t\t<div class=\"elementor-container elementor-column-gap-default\">\n\t\t\t\t\t<div class=\"elementor-column elementor-col-100 elementor-top-column elementor-element elementor-element-d17a7e6\" data-id=\"d17a7e6\" data-element_type=\"column\">\n\t\t\t<div class=\"elementor-widget-wrap elementor-element-populated\">\n\t\t\t\t\t\t<div class=\"elementor-element elementor-element-7548ff2 elementor-widget elementor-widget-heading\" data-id=\"7548ff2\" data-element_type=\"widget\" data-widget_type=\"heading.default\">\n\t\t\t\t<div class=\"elementor-widget-container\">\n\t\t\t\t\t<h2 class=\"elementor-heading-title elementor-size-default\">DIC de Itaja\u00ed prende seis suspeitos por tr\u00e1fico de drogas e posse de muni\u00e7\u00e3o de uso restrito<\/h2>\t\t\t\t<\/div>\n\t\t\t\t<\/div>\n\t\t\t\t\t<\/div>\n\t\t<\/div>\n\t\t\t\t\t<\/div>\n\t\t<\/section>\n\t\t\t\t<section class=\"elementor-section elementor-top-section elementor-element elementor-element-7079d0a elementor-section-boxed elementor-section-height-default elementor-section-height-default\" data-id=\"7079d0a\" data-element_type=\"section\">\n\t\t\t\t\t\t<div class=\"elementor-container elementor-column-gap-default\">\n\t\t\t\t\t<div class=\"elementor-column elementor-col-100 elementor-top-column elementor-element elementor-element-4135cec\" data-id=\"4135cec\" data-element_type=\"column\">\n\t\t\t<div class=\"elementor-widget-wrap elementor-element-populated\">\n\t\t\t\t\t\t<div class=\"elementor-element elementor-element-d165cc9 elementor-widget elementor-widget-image\" data-id=\"d165cc9\" data-element_type=\"widget\" data-widget_type=\"image.default\">\n\t\t\t\t<div class=\"elementor-widget-container\">\n\t\t\t\t\t\t\t\t\t\t\t\t\t\t\t<img fetchpriority=\"high\" decoding=\"async\" width=\"696\" height=\"598\" src=\"https:\/\/pc.sc.gov.br\/\/wp-content\/uploads\/2024\/04\/WhatsApp-Image-2024-04-17-at-14.03.18-1024x880.jpeg\" class=\"attachment-large size-large wp-image-19216\" alt=\"\" srcset=\"https:\/\/pc.sc.gov.br\/\/wp-content\/uploads\/2024\/04\/WhatsApp-Image-2024-04-17-at-14.03.18-1024x880.jpeg 1024w, https:\/\/pc.sc.gov.br\/\/wp-content\/uploads\/2024\/04\/WhatsApp-Image-2024-04-17-at-14.03.18-300x258.jpeg 300w, https:\/\/pc.sc.gov.br\/\/wp-content\/uploads\/2024\/04\/WhatsApp-Image-2024-04-17-at-14.03.18-768x660.jpeg 768w, https:\/\/pc.sc.gov.br\/\/wp-content\/uploads\/2024\/04\/WhatsApp-Image-2024-04-17-at-14.03.18.jpeg 1280w\" sizes=\"(max-width: 696px) 100vw, 696px\" \/>\t\t\t\t\t\t\t\t\t\t\t\t\t\t\t<\/div>\n\t\t\t\t<\/div>\n\t\t\t\t\t<\/div>\n\t\t<\/div>\n\t\t\t\t\t<\/div>\n\t\t<\/section>\n\t\t\t\t<section class=\"elementor-section elementor-top-section elementor-element elementor-element-aa0505d elementor-section-boxed elementor-section-height-default elementor-section-height-default\" data-id=\"aa0505d\" data-element_type=\"section\">\n\t\t\t\t\t\t<div class=\"elementor-container elementor-column-gap-default\">\n\t\t\t\t\t<div class=\"elementor-column elementor-col-100 elementor-top-column elementor-element elementor-element-5ca4b8f\" data-id=\"5ca4b8f\" data-element_type=\"column\">\n\t\t\t<div class=\"elementor-widget-wrap elementor-element-populated\">\n\t\t\t\t\t\t<div class=\"elementor-element elementor-element-fffd447 elementor-widget elementor-widget-text-editor\" data-id=\"fffd447\" data-element_type=\"widget\" data-widget_type=\"text-editor.default\">\n\t\t\t\t<div class=\"elementor-widget-container\">\n\t\t\t\t\t\t\t\t\t<p>A Pol\u00edcia Civil de Santa Catarina, por meio da Divis\u00e3o de Investiga\u00e7\u00e3o Criminal da Itaja\u00ed (DIC), deflagrou na manh\u00e3 desta quarta-feira (17), uma opera\u00e7\u00e3o policial para cumprimento de 7 ordens judiciais, sendo 3 mandados de pris\u00e3o tempor\u00e1ria e 4 mandados de busca e apreens\u00e3o domiciliar.&nbsp;<span style=\"font-family: var( --e-global-typography-text-font-family ), Sans-serif; font-size: var( --e-global-typography-text-font-size );\">A opera\u00e7\u00e3o se refere \u00e0 investiga\u00e7\u00e3o sobre associa\u00e7\u00e3o criminosa respons\u00e1vel pela comercializa\u00e7\u00e3o de maconha, crack e coca\u00edna em Itaja\u00ed e regi\u00e3o.<\/span><\/p>\n<p>Na primeira resid\u00eancia, no bairro Santa Regina, foram encontradas muni\u00e7\u00f5es de calibre restrito, por\u00e7\u00f5es de maconha, balan\u00e7a de precis\u00e3o e inv\u00f3lucros para acondicionamento da droga. Um homem foi autuado em flagrante pelo crime de tr\u00e1fico de drogas, e seu irm\u00e3o, pelo crime de posse irregular de muni\u00e7\u00e3o de uso restrito.<\/p>\n<p>Na segunda resid\u00eancia, no bairro Ressacada, foram encontradas por\u00e7\u00f5es de maconha e coca\u00edna na posse de um terceiro investigado, tendo ele sido autuado em flagrante pelo crime de tr\u00e1fico de drogas.&nbsp;<\/p>\n<p>Na terceira resid\u00eancia, no bairro Cidade Nova, foi apreendido meio quilo de crack, balan\u00e7a de precis\u00e3o e inv\u00f3lucros para acondicionamento da droga na posse de uma mulher tendo ela sido autuada em flagrante pelo crime de tr\u00e1fico de drogas.<\/p>\n<p>Na quarta resid\u00eancia, no bairro Cordeiros, nada de il\u00edcito foi encontrado. Dois outros investigados, um homem e uma mulher que j\u00e1 se encontravam presos, tiveram dois novos mandados de pris\u00e3o cumpridos diretamente no sistema penitenci\u00e1rio.<\/p>\n<p>Somam-se ao final seis presos, com tr\u00eas cumprimentos de mandado de pris\u00e3o e quatro autua\u00e7\u00f5es em flagrante delito. Os presos foram encaminhados ao sistema penitenci\u00e1rio, onde permanecem \u00e0 disposi\u00e7\u00e3o da Justi\u00e7a.<\/p>\n<p>As dilig\u00eancias contaram com apoio da SIC de Itaja\u00ed, DPCO de Navegantes, DPCO de Pi\u00e7arras e N\u00facleos de Opera\u00e7\u00f5es com C\u00e3es (NOC\/PCSC) de Itaja\u00ed e Joinville.<span style=\"color: var( --e-global-color-text ); font-family: var( --e-global-typography-primary-font-family ), Sans-serif; font-size: var( --e-global-typography-primary-font-size ); font-weight: var( --e-global-typography-primary-font-weight ); letter-spacing: var( --e-global-typography-primary-letter-spacing );\">&nbsp;<\/span><\/p>\t\t\t\t\t\t\t\t<\/div>\n\t\t\t\t<\/div>\n\t\t\t\t\t<\/div>\n\t\t<\/div>\n\t\t\t\t\t<\/div>\n\t\t<\/section>\n\t\t\t\t<section class=\"elementor-section elementor-top-section elementor-element elementor-element-4478382 elementor-section-boxed elementor-section-height-default elementor-section-height-default\" data-id=\"4478382\" data-element_type=\"section\">\n\t\t\t\t\t\t<div class=\"elementor-container elementor-column-gap-default\">\n\t\t\t\t\t<div class=\"elementor-column elementor-col-100 elementor-top-column elementor-element elementor-element-2389bb9\" data-id=\"2389bb9\" data-element_type=\"column\">\n\t\t\t<div class=\"elementor-widget-wrap elementor-element-populated\">\n\t\t\t\t\t\t<div class=\"elementor-element elementor-element-adbd76c elementor-widget__width-initial elementor-widget elementor-widget-video\" data-id=\"adbd76c\" data-element_type=\"widget\" data-settings=\"{&quot;video_type&quot;:&quot;hosted&quot;,&quot;controls&quot;:&quot;yes&quot;}\" data-widget_type=\"video.default\">\n\t\t\t\t<div class=\"elementor-widget-container\">\n\t\t\t\t\t\t\t<div class=\"e-hosted-video elementor-wrapper elementor-open-inline\">\n\t\t\t\t\t<video class=\"elementor-video\" src=\"https:\/\/pc.sc.gov.br\/wp-content\/uploads\/2024\/04\/WhatsApp-Video-2024-04-17-at-15.14.05.mp4\" controls=\"\" preload=\"metadata\"><\/video>\n\t\t\t\t<\/div>\n\t\t\t\t\t\t<\/div>\n\t\t\t\t<\/div>\n\t\t\t\t\t<\/div>\n\t\t<\/div>\n\t\t\t\t\t<\/div>\n\t\t<\/section>\n\t\t\t\t<\/div>\n\t\t","protected":false},"excerpt":{"rendered":"<p>DIC de Itaja\u00ed prende seis suspeitos por tr\u00e1fico de drogas e posse de muni\u00e7\u00e3o de uso restrito A Pol\u00edcia Civil de Santa Catarina, por meio da Divis\u00e3o de Investiga\u00e7\u00e3o Criminal da Itaja\u00ed (DIC), deflagrou na manh\u00e3 desta quarta-feira (17), uma opera\u00e7\u00e3o policial para cumprimento de 7 ordens judiciais, sendo 3 mandados de pris\u00e3o tempor\u00e1ria e [&hellip;]<\/p>\n","protected":false},"author":5,"featured_media":19216,"comment_status":"closed","ping_status":"open","sticky":false,"template":"","format":"standard","meta":{"_monsterinsights_skip_tracking":false,"_monsterinsights_sitenote_active":false,"_monsterinsights_sitenote_note":"","_monsterinsights_sitenote_category":0,"footnotes":""},"categories":[1],"tags":[],"class_list":["post-19215","post","type-post","status-publish","format-standard","has-post-thumbnail","hentry","category-sem-categoria"],"_links":{"self":[{"href":"https:\/\/pc.sc.gov.br\/index.php?rest_route=\/wp\/v2\/posts\/19215","targetHints":{"allow":["GET"]}}],"collection":[{"href":"https:\/\/pc.sc.gov.br\/index.php?rest_route=\/wp\/v2\/posts"}],"about":[{"href":"https:\/\/pc.sc.gov.br\/index.php?rest_route=\/wp\/v2\/types\/post"}],"author":[{"embeddable":true,"href":"https:\/\/pc.sc.gov.br\/index.php?rest_route=\/wp\/v2\/users\/5"}],"replies":[{"embeddable":true,"href":"https:\/\/pc.sc.gov.br\/index.php?rest_route=%2Fwp%2Fv2%2Fcomments&post=19215"}],"version-history":[{"count":4,"href":"https:\/\/pc.sc.gov.br\/index.php?rest_route=\/wp\/v2\/posts\/19215\/revisions"}],"predecessor-version":[{"id":19221,"href":"https:\/\/pc.sc.gov.br\/index.php?rest_route=\/wp\/v2\/posts\/19215\/revisions\/19221"}],"wp:featuredmedia":[{"embeddable":true,"href":"https:\/\/pc.sc.gov.br\/index.php?rest_route=\/wp\/v2\/media\/19216"}],"wp:attachment":[{"href":"https:\/\/pc.sc.gov.br\/index.php?rest_route=%2Fwp%2Fv2%2Fmedia&parent=19215"}],"wp:term":[{"taxonomy":"category","embeddable":true,"href":"https:\/\/pc.sc.gov.br\/index.php?rest_route=%2Fwp%2Fv2%2Fcategories&post=19215"},{"taxonomy":"post_tag","embeddable":true,"href":"https:\/\/pc.sc.gov.br\/index.php?rest_route=%2Fwp%2Fv2%2Ftags&post=19215"}],"curies":[{"name":"wp","href":"https:\/\/api.w.org\/{rel}","templated":true}]}}