{"id":19222,"date":"2024-04-17T18:00:50","date_gmt":"2024-04-17T21:00:50","guid":{"rendered":"https:\/\/pc.sc.gov.br\/?p=19222"},"modified":"2024-04-17T18:04:05","modified_gmt":"2024-04-17T21:04:05","slug":"decod-prende-traficante-na-praia-da-armacao-em-florianopolis","status":"publish","type":"post","link":"https:\/\/pc.sc.gov.br\/?p=19222","title":{"rendered":"DECOD prende traficante na Praia da Arma\u00e7\u00e3o, em Florian\u00f3polis"},"content":{"rendered":"\t\t<div data-elementor-type=\"wp-post\" data-elementor-id=\"19222\" class=\"elementor elementor-19222\" data-elementor-post-type=\"post\">\n\t\t\t\t\t\t<section class=\"elementor-section elementor-top-section elementor-element elementor-element-0ff1dce elementor-section-boxed elementor-section-height-default elementor-section-height-default\" data-id=\"0ff1dce\" data-element_type=\"section\">\n\t\t\t\t\t\t<div class=\"elementor-container elementor-column-gap-default\">\n\t\t\t\t\t<div class=\"elementor-column elementor-col-100 elementor-top-column elementor-element elementor-element-6162efb\" data-id=\"6162efb\" data-element_type=\"column\">\n\t\t\t<div class=\"elementor-widget-wrap elementor-element-populated\">\n\t\t\t\t\t\t<div class=\"elementor-element elementor-element-ada2a46 elementor-widget elementor-widget-heading\" data-id=\"ada2a46\" data-element_type=\"widget\" data-widget_type=\"heading.default\">\n\t\t\t\t<div class=\"elementor-widget-container\">\n\t\t\t\t\t<h2 class=\"elementor-heading-title elementor-size-default\">Pol\u00edcia Civil prende traficante na Praia da Arma\u00e7\u00e3o, em Florian\u00f3polis<\/h2>\t\t\t\t<\/div>\n\t\t\t\t<\/div>\n\t\t\t\t\t<\/div>\n\t\t<\/div>\n\t\t\t\t\t<\/div>\n\t\t<\/section>\n\t\t\t\t<section class=\"elementor-section elementor-top-section elementor-element elementor-element-768d185 elementor-section-boxed elementor-section-height-default elementor-section-height-default\" data-id=\"768d185\" data-element_type=\"section\">\n\t\t\t\t\t\t<div class=\"elementor-container elementor-column-gap-default\">\n\t\t\t\t\t<div class=\"elementor-column elementor-col-100 elementor-top-column elementor-element elementor-element-48146f9\" data-id=\"48146f9\" data-element_type=\"column\">\n\t\t\t<div class=\"elementor-widget-wrap elementor-element-populated\">\n\t\t\t\t\t\t<div class=\"elementor-element elementor-element-7956784 elementor-widget elementor-widget-image\" data-id=\"7956784\" data-element_type=\"widget\" data-widget_type=\"image.default\">\n\t\t\t\t<div class=\"elementor-widget-container\">\n\t\t\t\t\t\t\t\t\t\t\t\t\t\t\t<img fetchpriority=\"high\" decoding=\"async\" width=\"696\" height=\"621\" src=\"https:\/\/pc.sc.gov.br\/\/wp-content\/uploads\/2024\/04\/WhatsApp-Image-2024-04-17-at-17.22.30-fotor-2024041718046.jpg\" class=\"attachment-large size-large wp-image-19223\" alt=\"\" srcset=\"https:\/\/pc.sc.gov.br\/\/wp-content\/uploads\/2024\/04\/WhatsApp-Image-2024-04-17-at-17.22.30-fotor-2024041718046.jpg 891w, https:\/\/pc.sc.gov.br\/\/wp-content\/uploads\/2024\/04\/WhatsApp-Image-2024-04-17-at-17.22.30-fotor-2024041718046-300x268.jpg 300w, https:\/\/pc.sc.gov.br\/\/wp-content\/uploads\/2024\/04\/WhatsApp-Image-2024-04-17-at-17.22.30-fotor-2024041718046-768x685.jpg 768w\" sizes=\"(max-width: 696px) 100vw, 696px\" \/>\t\t\t\t\t\t\t\t\t\t\t\t\t\t\t<\/div>\n\t\t\t\t<\/div>\n\t\t\t\t\t<\/div>\n\t\t<\/div>\n\t\t\t\t\t<\/div>\n\t\t<\/section>\n\t\t\t\t<section class=\"elementor-section elementor-top-section elementor-element elementor-element-cacab32 elementor-section-boxed elementor-section-height-default elementor-section-height-default\" data-id=\"cacab32\" data-element_type=\"section\">\n\t\t\t\t\t\t<div class=\"elementor-container elementor-column-gap-default\">\n\t\t\t\t\t<div class=\"elementor-column elementor-col-100 elementor-top-column elementor-element elementor-element-df4b045\" data-id=\"df4b045\" data-element_type=\"column\">\n\t\t\t<div class=\"elementor-widget-wrap elementor-element-populated\">\n\t\t\t\t\t\t<div class=\"elementor-element elementor-element-73f575c elementor-widget elementor-widget-text-editor\" data-id=\"73f575c\" data-element_type=\"widget\" data-widget_type=\"text-editor.default\">\n\t\t\t\t<div class=\"elementor-widget-container\">\n\t\t\t\t\t\t\t\t\t<p>A Pol\u00edcia Civil de Santa Catarina, por meio da Delegacia de Combate \u00e0s Drogas do Departamento de Investiga\u00e7\u00e3o Criminal de Florian\u00f3polis (DECOD\/DIC), efetuou opera\u00e7\u00e3o na regi\u00e3o sul da Ilha, na praia da Arma\u00e7\u00e3o, em Florian\u00f3polis.<\/p>\n<p>No decorrer da a\u00e7\u00e3o, o suspeito foi detido. As autoridades j\u00e1 investigavam o envolvido h\u00e1 algum tempo por tr\u00e1fico de drogas e monitoravam seus movimentos. Durante a opera\u00e7\u00e3o, ao retornar de um local onde armazenava drogas, o homem foi abordado e flagrado com 95 gramas de coca\u00edna.<\/p>\n<p>Esta opera\u00e7\u00e3o foi um desdobramento de investiga\u00e7\u00e3o, que permitiu identificar n\u00e3o apenas as atividades il\u00edcitas do investigado, mas tamb\u00e9m o principal ponto de armazenamento das drogas.<\/p>\n<p><b>A DECOD reitera o convite \u00e0 popula\u00e7\u00e3o para que denuncie criminosos. As informa\u00e7\u00f5es podem ser enviadas anonimamente por meio do n\u00famero 181, pelo WhatsApp da Pol\u00edcia Civil de Santa Catarina (48 98844-0011) ou diretamente \u00e0 DECOD.<\/b><\/p>\t\t\t\t\t\t\t\t<\/div>\n\t\t\t\t<\/div>\n\t\t\t\t\t<\/div>\n\t\t<\/div>\n\t\t\t\t\t<\/div>\n\t\t<\/section>\n\t\t\t\t<\/div>\n\t\t","protected":false},"excerpt":{"rendered":"<p>Pol\u00edcia Civil prende traficante na Praia da Arma\u00e7\u00e3o, em Florian\u00f3polis A Pol\u00edcia Civil de Santa Catarina, por meio da Delegacia de Combate \u00e0s Drogas do Departamento de Investiga\u00e7\u00e3o Criminal de Florian\u00f3polis (DECOD\/DIC), efetuou opera\u00e7\u00e3o na regi\u00e3o sul da Ilha, na praia da Arma\u00e7\u00e3o, em Florian\u00f3polis. No decorrer da a\u00e7\u00e3o, o suspeito foi detido. As autoridades [&hellip;]<\/p>\n","protected":false},"author":5,"featured_media":19223,"comment_status":"closed","ping_status":"open","sticky":false,"template":"","format":"standard","meta":{"_monsterinsights_skip_tracking":false,"_monsterinsights_sitenote_active":false,"_monsterinsights_sitenote_note":"","_monsterinsights_sitenote_category":0,"footnotes":""},"categories":[1],"tags":[],"class_list":["post-19222","post","type-post","status-publish","format-standard","has-post-thumbnail","hentry","category-sem-categoria"],"_links":{"self":[{"href":"https:\/\/pc.sc.gov.br\/index.php?rest_route=\/wp\/v2\/posts\/19222","targetHints":{"allow":["GET"]}}],"collection":[{"href":"https:\/\/pc.sc.gov.br\/index.php?rest_route=\/wp\/v2\/posts"}],"about":[{"href":"https:\/\/pc.sc.gov.br\/index.php?rest_route=\/wp\/v2\/types\/post"}],"author":[{"embeddable":true,"href":"https:\/\/pc.sc.gov.br\/index.php?rest_route=\/wp\/v2\/users\/5"}],"replies":[{"embeddable":true,"href":"https:\/\/pc.sc.gov.br\/index.php?rest_route=%2Fwp%2Fv2%2Fcomments&post=19222"}],"version-history":[{"count":6,"href":"https:\/\/pc.sc.gov.br\/index.php?rest_route=\/wp\/v2\/posts\/19222\/revisions"}],"predecessor-version":[{"id":19229,"href":"https:\/\/pc.sc.gov.br\/index.php?rest_route=\/wp\/v2\/posts\/19222\/revisions\/19229"}],"wp:featuredmedia":[{"embeddable":true,"href":"https:\/\/pc.sc.gov.br\/index.php?rest_route=\/wp\/v2\/media\/19223"}],"wp:attachment":[{"href":"https:\/\/pc.sc.gov.br\/index.php?rest_route=%2Fwp%2Fv2%2Fmedia&parent=19222"}],"wp:term":[{"taxonomy":"category","embeddable":true,"href":"https:\/\/pc.sc.gov.br\/index.php?rest_route=%2Fwp%2Fv2%2Fcategories&post=19222"},{"taxonomy":"post_tag","embeddable":true,"href":"https:\/\/pc.sc.gov.br\/index.php?rest_route=%2Fwp%2Fv2%2Ftags&post=19222"}],"curies":[{"name":"wp","href":"https:\/\/api.w.org\/{rel}","templated":true}]}}