{"id":19230,"date":"2024-04-17T18:23:30","date_gmt":"2024-04-17T21:23:30","guid":{"rendered":"https:\/\/pc.sc.gov.br\/?p=19230"},"modified":"2024-04-17T18:25:40","modified_gmt":"2024-04-17T21:25:40","slug":"operacao-conjunta-resulta-na-apreensao-de-200-quilos-de-maconha-e-prisao-de-seis-suspeitos-em-chapeco","status":"publish","type":"post","link":"https:\/\/pc.sc.gov.br\/?p=19230","title":{"rendered":"Opera\u00e7\u00e3o conjunta resulta na apreens\u00e3o de 200 quilos de maconha e pris\u00e3o de seis suspeitos em Chapec\u00f3"},"content":{"rendered":"\t\t<div data-elementor-type=\"wp-post\" data-elementor-id=\"19230\" class=\"elementor elementor-19230\" data-elementor-post-type=\"post\">\n\t\t\t\t\t\t<section class=\"elementor-section elementor-top-section elementor-element elementor-element-c929ce2 elementor-section-boxed elementor-section-height-default elementor-section-height-default\" data-id=\"c929ce2\" data-element_type=\"section\">\n\t\t\t\t\t\t<div class=\"elementor-container elementor-column-gap-default\">\n\t\t\t\t\t<div class=\"elementor-column elementor-col-100 elementor-top-column elementor-element elementor-element-4f12e67\" data-id=\"4f12e67\" data-element_type=\"column\">\n\t\t\t<div class=\"elementor-widget-wrap elementor-element-populated\">\n\t\t\t\t\t\t<div class=\"elementor-element elementor-element-0c13068 elementor-widget elementor-widget-heading\" data-id=\"0c13068\" data-element_type=\"widget\" data-widget_type=\"heading.default\">\n\t\t\t\t<div class=\"elementor-widget-container\">\n\t\t\t\t\t<h2 class=\"elementor-heading-title elementor-size-default\">Opera\u00e7\u00e3o conjunta resulta na apreens\u00e3o de 200 quilos de maconha e pris\u00e3o de seis suspeitos em Chapec\u00f3<\/h2>\t\t\t\t<\/div>\n\t\t\t\t<\/div>\n\t\t\t\t\t<\/div>\n\t\t<\/div>\n\t\t\t\t\t<\/div>\n\t\t<\/section>\n\t\t\t\t<section class=\"elementor-section elementor-top-section elementor-element elementor-element-e637570 elementor-section-boxed elementor-section-height-default elementor-section-height-default\" data-id=\"e637570\" data-element_type=\"section\">\n\t\t\t\t\t\t<div class=\"elementor-container elementor-column-gap-default\">\n\t\t\t\t\t<div class=\"elementor-column elementor-col-100 elementor-top-column elementor-element elementor-element-b1c8ee7\" data-id=\"b1c8ee7\" data-element_type=\"column\">\n\t\t\t<div class=\"elementor-widget-wrap elementor-element-populated\">\n\t\t\t\t\t\t<div class=\"elementor-element elementor-element-18c1895 elementor-widget elementor-widget-image\" data-id=\"18c1895\" data-element_type=\"widget\" data-widget_type=\"image.default\">\n\t\t\t\t<div class=\"elementor-widget-container\">\n\t\t\t\t\t\t\t\t\t\t\t\t\t\t\t<img fetchpriority=\"high\" decoding=\"async\" width=\"696\" height=\"586\" src=\"https:\/\/pc.sc.gov.br\/\/wp-content\/uploads\/2024\/04\/WhatsApp-Image-2024-04-17-at-12.50.22-1024x862.jpeg\" class=\"attachment-large size-large wp-image-19231\" alt=\"\" srcset=\"https:\/\/pc.sc.gov.br\/\/wp-content\/uploads\/2024\/04\/WhatsApp-Image-2024-04-17-at-12.50.22-1024x862.jpeg 1024w, https:\/\/pc.sc.gov.br\/\/wp-content\/uploads\/2024\/04\/WhatsApp-Image-2024-04-17-at-12.50.22-300x252.jpeg 300w, https:\/\/pc.sc.gov.br\/\/wp-content\/uploads\/2024\/04\/WhatsApp-Image-2024-04-17-at-12.50.22-768x646.jpeg 768w, https:\/\/pc.sc.gov.br\/\/wp-content\/uploads\/2024\/04\/WhatsApp-Image-2024-04-17-at-12.50.22.jpeg 1269w\" sizes=\"(max-width: 696px) 100vw, 696px\" \/>\t\t\t\t\t\t\t\t\t\t\t\t\t\t\t<\/div>\n\t\t\t\t<\/div>\n\t\t\t\t\t<\/div>\n\t\t<\/div>\n\t\t\t\t\t<\/div>\n\t\t<\/section>\n\t\t\t\t<section class=\"elementor-section elementor-top-section elementor-element elementor-element-7fba036 elementor-section-boxed elementor-section-height-default elementor-section-height-default\" data-id=\"7fba036\" data-element_type=\"section\">\n\t\t\t\t\t\t<div class=\"elementor-container elementor-column-gap-default\">\n\t\t\t\t\t<div class=\"elementor-column elementor-col-100 elementor-top-column elementor-element elementor-element-0a64dbb\" data-id=\"0a64dbb\" data-element_type=\"column\">\n\t\t\t<div class=\"elementor-widget-wrap elementor-element-populated\">\n\t\t\t\t\t\t<div class=\"elementor-element elementor-element-6e64597 elementor-widget elementor-widget-text-editor\" data-id=\"6e64597\" data-element_type=\"widget\" data-widget_type=\"text-editor.default\">\n\t\t\t\t<div class=\"elementor-widget-container\">\n\t\t\t\t\t\t\t\t\t<p>Na manh\u00e3 desta quarta-feira (17), ap\u00f3s a Pol\u00edcia Militar receber informa\u00e7\u00f5es de que um carregamento de drogas estaria sendo transportado do Paran\u00e1 para Chapec\u00f3, equipes da PM, com apoio da Pol\u00edcia Civil, pelo SAER-FRON, iniciaram as buscas para localiza\u00e7\u00e3o dos ve\u00edculos suspeitos.&nbsp;<span style=\"font-family: var( --e-global-typography-text-font-family ), Sans-serif; font-size: var( --e-global-typography-text-font-size );\">Durante as buscas, Policiais Militares conseguiram identificar os ve\u00edculos, por\u00e9m, acabaram perdendo de vista quando seguiam em dire\u00e7\u00e3o ao interior do munic\u00edpio.&nbsp;<\/span><\/p>\n<p>O Saer\/Fron da Pol\u00edcia Civil de Santa Catarina (PCSC) foi acionado e os policiais que tripulam o helic\u00f3ptero conseguiram localizar os ve\u00edculos e seis homens suspeitos, que estavam descarregando caixas dos ve\u00edculos e colocando dentro de um caminh\u00e3o ba\u00fa. Neste momento, as equipes policiais em solo foram informadas e os suspeitos foram abordados. Em buscas nos carros utilizados, foi poss\u00edvel identificar o forte odor de maconha, mas nada de il\u00edcito foi encontrado. J\u00e1 dentro do caminh\u00e3o, foram encontrados os diversos tabletes de maconha embalados.<\/p>\n<p>Os seis suspeitos receberam voz de pris\u00e3o e foram conduzidos para a delegacia de Pol\u00edcia Civil de Chapec\u00f3 juntamente das drogas apreendidas, al\u00e9m de telefones celulares, dinheiro e uma balan\u00e7a de precis\u00e3o. A droga apreendida somou aproximadamente 200 quilos de maconha. As investiga\u00e7\u00f5es ter\u00e3o continuidade pela Pol\u00edcia Civil.<span style=\"color: var( --e-global-color-text ); font-family: var( --e-global-typography-primary-font-family ), Sans-serif; font-size: var( --e-global-typography-primary-font-size ); font-weight: var( --e-global-typography-primary-font-weight ); letter-spacing: var( --e-global-typography-primary-letter-spacing );\">&nbsp;<\/span><\/p>\t\t\t\t\t\t\t\t<\/div>\n\t\t\t\t<\/div>\n\t\t\t\t\t<\/div>\n\t\t<\/div>\n\t\t\t\t\t<\/div>\n\t\t<\/section>\n\t\t\t\t<section class=\"elementor-section elementor-top-section elementor-element elementor-element-0c3f7d3 elementor-section-boxed elementor-section-height-default elementor-section-height-default\" data-id=\"0c3f7d3\" data-element_type=\"section\">\n\t\t\t\t\t\t<div class=\"elementor-container elementor-column-gap-default\">\n\t\t\t\t\t<div class=\"elementor-column elementor-col-100 elementor-top-column elementor-element elementor-element-86a432e\" data-id=\"86a432e\" data-element_type=\"column\">\n\t\t\t<div class=\"elementor-widget-wrap elementor-element-populated\">\n\t\t\t\t\t\t<div class=\"elementor-element elementor-element-84d5601 elementor-widget elementor-widget-video\" data-id=\"84d5601\" data-element_type=\"widget\" data-settings=\"{&quot;video_type&quot;:&quot;hosted&quot;,&quot;controls&quot;:&quot;yes&quot;}\" data-widget_type=\"video.default\">\n\t\t\t\t<div class=\"elementor-widget-container\">\n\t\t\t\t\t\t\t<div class=\"e-hosted-video elementor-wrapper elementor-open-inline\">\n\t\t\t\t\t<video class=\"elementor-video\" src=\"https:\/\/pc.sc.gov.br\/wp-content\/uploads\/2024\/04\/WhatsApp-Video-2024-04-17-at-17.18.26.mp4\" controls=\"\" preload=\"metadata\"><\/video>\n\t\t\t\t<\/div>\n\t\t\t\t\t\t<\/div>\n\t\t\t\t<\/div>\n\t\t\t\t\t<\/div>\n\t\t<\/div>\n\t\t\t\t\t<\/div>\n\t\t<\/section>\n\t\t\t\t<\/div>\n\t\t","protected":false},"excerpt":{"rendered":"<p>Opera\u00e7\u00e3o conjunta resulta na apreens\u00e3o de 200 quilos de maconha e pris\u00e3o de seis suspeitos em Chapec\u00f3 Na manh\u00e3 desta quarta-feira (17), ap\u00f3s a Pol\u00edcia Militar receber informa\u00e7\u00f5es de que um carregamento de drogas estaria sendo transportado do Paran\u00e1 para Chapec\u00f3, equipes da PM, com apoio da Pol\u00edcia Civil, pelo SAER-FRON, iniciaram as buscas para [&hellip;]<\/p>\n","protected":false},"author":5,"featured_media":19231,"comment_status":"closed","ping_status":"open","sticky":false,"template":"","format":"standard","meta":{"_monsterinsights_skip_tracking":false,"_monsterinsights_sitenote_active":false,"_monsterinsights_sitenote_note":"","_monsterinsights_sitenote_category":0,"footnotes":""},"categories":[1],"tags":[],"class_list":["post-19230","post","type-post","status-publish","format-standard","has-post-thumbnail","hentry","category-sem-categoria"],"_links":{"self":[{"href":"https:\/\/pc.sc.gov.br\/index.php?rest_route=\/wp\/v2\/posts\/19230","targetHints":{"allow":["GET"]}}],"collection":[{"href":"https:\/\/pc.sc.gov.br\/index.php?rest_route=\/wp\/v2\/posts"}],"about":[{"href":"https:\/\/pc.sc.gov.br\/index.php?rest_route=\/wp\/v2\/types\/post"}],"author":[{"embeddable":true,"href":"https:\/\/pc.sc.gov.br\/index.php?rest_route=\/wp\/v2\/users\/5"}],"replies":[{"embeddable":true,"href":"https:\/\/pc.sc.gov.br\/index.php?rest_route=%2Fwp%2Fv2%2Fcomments&post=19230"}],"version-history":[{"count":4,"href":"https:\/\/pc.sc.gov.br\/index.php?rest_route=\/wp\/v2\/posts\/19230\/revisions"}],"predecessor-version":[{"id":19236,"href":"https:\/\/pc.sc.gov.br\/index.php?rest_route=\/wp\/v2\/posts\/19230\/revisions\/19236"}],"wp:featuredmedia":[{"embeddable":true,"href":"https:\/\/pc.sc.gov.br\/index.php?rest_route=\/wp\/v2\/media\/19231"}],"wp:attachment":[{"href":"https:\/\/pc.sc.gov.br\/index.php?rest_route=%2Fwp%2Fv2%2Fmedia&parent=19230"}],"wp:term":[{"taxonomy":"category","embeddable":true,"href":"https:\/\/pc.sc.gov.br\/index.php?rest_route=%2Fwp%2Fv2%2Fcategories&post=19230"},{"taxonomy":"post_tag","embeddable":true,"href":"https:\/\/pc.sc.gov.br\/index.php?rest_route=%2Fwp%2Fv2%2Ftags&post=19230"}],"curies":[{"name":"wp","href":"https:\/\/api.w.org\/{rel}","templated":true}]}}