{"id":19237,"date":"2024-04-17T18:35:40","date_gmt":"2024-04-17T21:35:40","guid":{"rendered":"https:\/\/pc.sc.gov.br\/?p=19237"},"modified":"2024-04-17T18:37:20","modified_gmt":"2024-04-17T21:37:20","slug":"dpco-de-abelardo-luz-prende-preventivamente-homem-investigado-pelo-crime-de-estupro-de-vulneravel","status":"publish","type":"post","link":"https:\/\/pc.sc.gov.br\/?p=19237","title":{"rendered":"DPCo de Abelardo Luz prende, preventivamente, homem investigado pelo crime de estupro de vulner\u00e1vel"},"content":{"rendered":"\t\t<div data-elementor-type=\"wp-post\" data-elementor-id=\"19237\" class=\"elementor elementor-19237\" data-elementor-post-type=\"post\">\n\t\t\t\t\t\t<section class=\"elementor-section elementor-top-section elementor-element elementor-element-674a44e elementor-section-boxed elementor-section-height-default elementor-section-height-default\" data-id=\"674a44e\" data-element_type=\"section\">\n\t\t\t\t\t\t<div class=\"elementor-container elementor-column-gap-default\">\n\t\t\t\t\t<div class=\"elementor-column elementor-col-100 elementor-top-column elementor-element elementor-element-a8fd44d\" data-id=\"a8fd44d\" data-element_type=\"column\">\n\t\t\t<div class=\"elementor-widget-wrap elementor-element-populated\">\n\t\t\t\t\t\t<div class=\"elementor-element elementor-element-0c464ff elementor-widget elementor-widget-heading\" data-id=\"0c464ff\" data-element_type=\"widget\" data-widget_type=\"heading.default\">\n\t\t\t\t<div class=\"elementor-widget-container\">\n\t\t\t\t\t<h2 class=\"elementor-heading-title elementor-size-default\">DPCo de Abelardo Luz prende, preventivamente, homem investigado pelo crime de estupro de vulner\u00e1vel<\/h2>\t\t\t\t<\/div>\n\t\t\t\t<\/div>\n\t\t\t\t\t<\/div>\n\t\t<\/div>\n\t\t\t\t\t<\/div>\n\t\t<\/section>\n\t\t\t\t<section class=\"elementor-section elementor-top-section elementor-element elementor-element-58521c4 elementor-section-boxed elementor-section-height-default elementor-section-height-default\" data-id=\"58521c4\" data-element_type=\"section\">\n\t\t\t\t\t\t<div class=\"elementor-container elementor-column-gap-default\">\n\t\t\t\t\t<div class=\"elementor-column elementor-col-100 elementor-top-column elementor-element elementor-element-3863762\" data-id=\"3863762\" data-element_type=\"column\">\n\t\t\t<div class=\"elementor-widget-wrap elementor-element-populated\">\n\t\t\t\t\t\t<div class=\"elementor-element elementor-element-af37d93 elementor-widget elementor-widget-image\" data-id=\"af37d93\" data-element_type=\"widget\" data-widget_type=\"image.default\">\n\t\t\t\t<div class=\"elementor-widget-container\">\n\t\t\t\t\t\t\t\t\t\t\t\t\t\t\t<img fetchpriority=\"high\" decoding=\"async\" width=\"696\" height=\"603\" src=\"https:\/\/pc.sc.gov.br\/\/wp-content\/uploads\/2024\/04\/895f18b1-b307-48fe-bcea-8eaa3f1b27e1-fotor-20240417183328.jpg\" class=\"attachment-large size-large wp-image-19238\" alt=\"\" srcset=\"https:\/\/pc.sc.gov.br\/\/wp-content\/uploads\/2024\/04\/895f18b1-b307-48fe-bcea-8eaa3f1b27e1-fotor-20240417183328.jpg 950w, https:\/\/pc.sc.gov.br\/\/wp-content\/uploads\/2024\/04\/895f18b1-b307-48fe-bcea-8eaa3f1b27e1-fotor-20240417183328-300x260.jpg 300w, https:\/\/pc.sc.gov.br\/\/wp-content\/uploads\/2024\/04\/895f18b1-b307-48fe-bcea-8eaa3f1b27e1-fotor-20240417183328-768x665.jpg 768w\" sizes=\"(max-width: 696px) 100vw, 696px\" \/>\t\t\t\t\t\t\t\t\t\t\t\t\t\t\t<\/div>\n\t\t\t\t<\/div>\n\t\t\t\t\t<\/div>\n\t\t<\/div>\n\t\t\t\t\t<\/div>\n\t\t<\/section>\n\t\t\t\t<section class=\"elementor-section elementor-top-section elementor-element elementor-element-3ff5ca6 elementor-section-boxed elementor-section-height-default elementor-section-height-default\" data-id=\"3ff5ca6\" data-element_type=\"section\">\n\t\t\t\t\t\t<div class=\"elementor-container elementor-column-gap-default\">\n\t\t\t\t\t<div class=\"elementor-column elementor-col-100 elementor-top-column elementor-element elementor-element-ab53a99\" data-id=\"ab53a99\" data-element_type=\"column\">\n\t\t\t<div class=\"elementor-widget-wrap elementor-element-populated\">\n\t\t\t\t\t\t<div class=\"elementor-element elementor-element-bfdacfd elementor-widget elementor-widget-text-editor\" data-id=\"bfdacfd\" data-element_type=\"widget\" data-widget_type=\"text-editor.default\">\n\t\t\t\t<div class=\"elementor-widget-container\">\n\t\t\t\t\t\t\t\t\t<p>A Pol\u00edcia Civil de Santa Catarina, por meio da Delegacia de Pol\u00edcia da Comarca de Abelardo Luz, cumpriu nesta quarta-feira (17) um mandado de pris\u00e3o preventiva expedido pelo Poder Judici\u00e1rio de Abelardo Luz em desfavor de um homem, natural de Renascen\u00e7a (PR).<\/p>\n<p>O mandado foi expedido em raz\u00e3o de investiga\u00e7\u00f5es da Pol\u00edcia Civil que apuram o crime de estupro de vulner\u00e1vel. Como se trata de crime sexual, n\u00e3o foram revelados detalhes sobre o caso.<\/p>\n<p>O homem foi localizado na cidade de Palmas (PR) e, ap\u00f3s procedimentos legais na Delegacia de Pol\u00edcia, foi encaminhado ao Pres\u00eddio Regional de Xanxer\u00ea.<span style=\"color: var( --e-global-color-text ); font-family: var( --e-global-typography-primary-font-family ), Sans-serif; font-size: var( --e-global-typography-primary-font-size ); font-weight: var( --e-global-typography-primary-font-weight ); letter-spacing: var( --e-global-typography-primary-letter-spacing );\">&nbsp;<\/span><\/p>\t\t\t\t\t\t\t\t<\/div>\n\t\t\t\t<\/div>\n\t\t\t\t\t<\/div>\n\t\t<\/div>\n\t\t\t\t\t<\/div>\n\t\t<\/section>\n\t\t\t\t<\/div>\n\t\t","protected":false},"excerpt":{"rendered":"<p>DPCo de Abelardo Luz prende, preventivamente, homem investigado pelo crime de estupro de vulner\u00e1vel A Pol\u00edcia Civil de Santa Catarina, por meio da Delegacia de Pol\u00edcia da Comarca de Abelardo Luz, cumpriu nesta quarta-feira (17) um mandado de pris\u00e3o preventiva expedido pelo Poder Judici\u00e1rio de Abelardo Luz em desfavor de um homem, natural de Renascen\u00e7a [&hellip;]<\/p>\n","protected":false},"author":5,"featured_media":19238,"comment_status":"closed","ping_status":"open","sticky":false,"template":"","format":"standard","meta":{"_monsterinsights_skip_tracking":false,"_monsterinsights_sitenote_active":false,"_monsterinsights_sitenote_note":"","_monsterinsights_sitenote_category":0,"footnotes":""},"categories":[1],"tags":[],"class_list":["post-19237","post","type-post","status-publish","format-standard","has-post-thumbnail","hentry","category-sem-categoria"],"_links":{"self":[{"href":"https:\/\/pc.sc.gov.br\/index.php?rest_route=\/wp\/v2\/posts\/19237","targetHints":{"allow":["GET"]}}],"collection":[{"href":"https:\/\/pc.sc.gov.br\/index.php?rest_route=\/wp\/v2\/posts"}],"about":[{"href":"https:\/\/pc.sc.gov.br\/index.php?rest_route=\/wp\/v2\/types\/post"}],"author":[{"embeddable":true,"href":"https:\/\/pc.sc.gov.br\/index.php?rest_route=\/wp\/v2\/users\/5"}],"replies":[{"embeddable":true,"href":"https:\/\/pc.sc.gov.br\/index.php?rest_route=%2Fwp%2Fv2%2Fcomments&post=19237"}],"version-history":[{"count":3,"href":"https:\/\/pc.sc.gov.br\/index.php?rest_route=\/wp\/v2\/posts\/19237\/revisions"}],"predecessor-version":[{"id":19241,"href":"https:\/\/pc.sc.gov.br\/index.php?rest_route=\/wp\/v2\/posts\/19237\/revisions\/19241"}],"wp:featuredmedia":[{"embeddable":true,"href":"https:\/\/pc.sc.gov.br\/index.php?rest_route=\/wp\/v2\/media\/19238"}],"wp:attachment":[{"href":"https:\/\/pc.sc.gov.br\/index.php?rest_route=%2Fwp%2Fv2%2Fmedia&parent=19237"}],"wp:term":[{"taxonomy":"category","embeddable":true,"href":"https:\/\/pc.sc.gov.br\/index.php?rest_route=%2Fwp%2Fv2%2Fcategories&post=19237"},{"taxonomy":"post_tag","embeddable":true,"href":"https:\/\/pc.sc.gov.br\/index.php?rest_route=%2Fwp%2Fv2%2Ftags&post=19237"}],"curies":[{"name":"wp","href":"https:\/\/api.w.org\/{rel}","templated":true}]}}