{"id":19242,"date":"2024-04-17T18:53:21","date_gmt":"2024-04-17T21:53:21","guid":{"rendered":"https:\/\/pc.sc.gov.br\/?p=19242"},"modified":"2024-04-17T18:54:54","modified_gmt":"2024-04-17T21:54:54","slug":"dic-de-lages-deflagra-operacao-contra-integrantes-de-organizacao-criminosa","status":"publish","type":"post","link":"https:\/\/pc.sc.gov.br\/?p=19242","title":{"rendered":"DIC de Lages deflagra opera\u00e7\u00e3o contra integrantes de organiza\u00e7\u00e3o criminosa"},"content":{"rendered":"\t\t<div data-elementor-type=\"wp-post\" data-elementor-id=\"19242\" class=\"elementor elementor-19242\" data-elementor-post-type=\"post\">\n\t\t\t\t\t\t<section class=\"elementor-section elementor-top-section elementor-element elementor-element-2ab3aff elementor-section-boxed elementor-section-height-default elementor-section-height-default\" data-id=\"2ab3aff\" data-element_type=\"section\">\n\t\t\t\t\t\t<div class=\"elementor-container elementor-column-gap-default\">\n\t\t\t\t\t<div class=\"elementor-column elementor-col-100 elementor-top-column elementor-element elementor-element-128690c\" data-id=\"128690c\" data-element_type=\"column\">\n\t\t\t<div class=\"elementor-widget-wrap elementor-element-populated\">\n\t\t\t\t\t\t<div class=\"elementor-element elementor-element-8f5e9e5 elementor-widget elementor-widget-heading\" data-id=\"8f5e9e5\" data-element_type=\"widget\" data-widget_type=\"heading.default\">\n\t\t\t\t<div class=\"elementor-widget-container\">\n\t\t\t\t\t<h2 class=\"elementor-heading-title elementor-size-default\">DIC de Lages deflagra opera\u00e7\u00e3o contra integrantes de organiza\u00e7\u00e3o criminosa<\/h2>\t\t\t\t<\/div>\n\t\t\t\t<\/div>\n\t\t\t\t\t<\/div>\n\t\t<\/div>\n\t\t\t\t\t<\/div>\n\t\t<\/section>\n\t\t\t\t<section class=\"elementor-section elementor-top-section elementor-element elementor-element-06afea5 elementor-section-boxed elementor-section-height-default elementor-section-height-default\" data-id=\"06afea5\" data-element_type=\"section\">\n\t\t\t\t\t\t<div class=\"elementor-container elementor-column-gap-default\">\n\t\t\t\t\t<div class=\"elementor-column elementor-col-100 elementor-top-column elementor-element elementor-element-b2cbc22\" data-id=\"b2cbc22\" data-element_type=\"column\">\n\t\t\t<div class=\"elementor-widget-wrap elementor-element-populated\">\n\t\t\t\t\t\t<div class=\"elementor-element elementor-element-bb43089 elementor-widget elementor-widget-image\" data-id=\"bb43089\" data-element_type=\"widget\" data-widget_type=\"image.default\">\n\t\t\t\t<div class=\"elementor-widget-container\">\n\t\t\t\t\t\t\t\t\t\t\t\t\t\t\t<img fetchpriority=\"high\" decoding=\"async\" width=\"696\" height=\"550\" src=\"https:\/\/pc.sc.gov.br\/\/wp-content\/uploads\/2024\/04\/0d01c885-9c8e-465f-9afe-61ac96956330-fotor-20240417184359.jpg\" class=\"attachment-large size-large wp-image-19243\" alt=\"\" srcset=\"https:\/\/pc.sc.gov.br\/\/wp-content\/uploads\/2024\/04\/0d01c885-9c8e-465f-9afe-61ac96956330-fotor-20240417184359.jpg 946w, https:\/\/pc.sc.gov.br\/\/wp-content\/uploads\/2024\/04\/0d01c885-9c8e-465f-9afe-61ac96956330-fotor-20240417184359-300x237.jpg 300w, https:\/\/pc.sc.gov.br\/\/wp-content\/uploads\/2024\/04\/0d01c885-9c8e-465f-9afe-61ac96956330-fotor-20240417184359-768x607.jpg 768w\" sizes=\"(max-width: 696px) 100vw, 696px\" \/>\t\t\t\t\t\t\t\t\t\t\t\t\t\t\t<\/div>\n\t\t\t\t<\/div>\n\t\t\t\t\t<\/div>\n\t\t<\/div>\n\t\t\t\t\t<\/div>\n\t\t<\/section>\n\t\t\t\t<section class=\"elementor-section elementor-top-section elementor-element elementor-element-f9df5a3 elementor-section-boxed elementor-section-height-default elementor-section-height-default\" data-id=\"f9df5a3\" data-element_type=\"section\">\n\t\t\t\t\t\t<div class=\"elementor-container elementor-column-gap-default\">\n\t\t\t\t\t<div class=\"elementor-column elementor-col-100 elementor-top-column elementor-element elementor-element-8068959\" data-id=\"8068959\" data-element_type=\"column\">\n\t\t\t<div class=\"elementor-widget-wrap elementor-element-populated\">\n\t\t\t\t\t\t<div class=\"elementor-element elementor-element-b03a460 elementor-widget elementor-widget-text-editor\" data-id=\"b03a460\" data-element_type=\"widget\" data-widget_type=\"text-editor.default\">\n\t\t\t\t<div class=\"elementor-widget-container\">\n\t\t\t\t\t\t\t\t\t<p>A Pol\u00edcia Civil de Santa Catarina, por meio da Divis\u00e3o de Investiga\u00e7\u00e3o Criminal (DIC) de Lages, deflagrou opera\u00e7\u00e3o policial nesta quarta-feira (17) para o cumprimento de nove ordens judiciais de pris\u00f5es e buscas, expedidas pela Terceira Vara Criminal de Lages. Os crimes apurados na investiga\u00e7\u00e3o s\u00e3o integrar organiza\u00e7\u00e3o criminosa, extors\u00e3o mediante sequestro e tortura.\u00a0<\/p><p>Entre os investigados presos h\u00e1 uma advogada criminalista, que atua na Comarca de Lages, que al\u00e9m de ter a pris\u00e3o provis\u00f3ria decretada, foram expedidos mandados de buscas para sua resid\u00eancia e o seu escrit\u00f3rio profissional.<\/p><p>Todo o trabalho da DIC de Lages foi acompanhado pelos representantes da OAB\/SC, inclusive presidente da seccional de Lages. Ap\u00f3s o cumprimento dos mandados de pris\u00f5es e buscas, os investigados e todo o material apreendido foram encaminhados para DIC de Lages.<\/p><p>Os investigados presos foram encaminhados para o Pres\u00eddio de Lages, local onde ficar\u00e3o recolhidos \u00e0 disposi\u00e7\u00e3o da justi\u00e7a.<\/p>\t\t\t\t\t\t\t\t<\/div>\n\t\t\t\t<\/div>\n\t\t\t\t\t<\/div>\n\t\t<\/div>\n\t\t\t\t\t<\/div>\n\t\t<\/section>\n\t\t\t\t<\/div>\n\t\t","protected":false},"excerpt":{"rendered":"<p>DIC de Lages deflagra opera\u00e7\u00e3o contra integrantes de organiza\u00e7\u00e3o criminosa A Pol\u00edcia Civil de Santa Catarina, por meio da Divis\u00e3o de Investiga\u00e7\u00e3o Criminal (DIC) de Lages, deflagrou opera\u00e7\u00e3o policial nesta quarta-feira (17) para o cumprimento de nove ordens judiciais de pris\u00f5es e buscas, expedidas pela Terceira Vara Criminal de Lages. Os crimes apurados na investiga\u00e7\u00e3o [&hellip;]<\/p>\n","protected":false},"author":5,"featured_media":19243,"comment_status":"closed","ping_status":"open","sticky":false,"template":"","format":"standard","meta":{"_monsterinsights_skip_tracking":false,"_monsterinsights_sitenote_active":false,"_monsterinsights_sitenote_note":"","_monsterinsights_sitenote_category":0,"footnotes":""},"categories":[1],"tags":[],"class_list":["post-19242","post","type-post","status-publish","format-standard","has-post-thumbnail","hentry","category-sem-categoria"],"_links":{"self":[{"href":"https:\/\/pc.sc.gov.br\/index.php?rest_route=\/wp\/v2\/posts\/19242","targetHints":{"allow":["GET"]}}],"collection":[{"href":"https:\/\/pc.sc.gov.br\/index.php?rest_route=\/wp\/v2\/posts"}],"about":[{"href":"https:\/\/pc.sc.gov.br\/index.php?rest_route=\/wp\/v2\/types\/post"}],"author":[{"embeddable":true,"href":"https:\/\/pc.sc.gov.br\/index.php?rest_route=\/wp\/v2\/users\/5"}],"replies":[{"embeddable":true,"href":"https:\/\/pc.sc.gov.br\/index.php?rest_route=%2Fwp%2Fv2%2Fcomments&post=19242"}],"version-history":[{"count":3,"href":"https:\/\/pc.sc.gov.br\/index.php?rest_route=\/wp\/v2\/posts\/19242\/revisions"}],"predecessor-version":[{"id":19246,"href":"https:\/\/pc.sc.gov.br\/index.php?rest_route=\/wp\/v2\/posts\/19242\/revisions\/19246"}],"wp:featuredmedia":[{"embeddable":true,"href":"https:\/\/pc.sc.gov.br\/index.php?rest_route=\/wp\/v2\/media\/19243"}],"wp:attachment":[{"href":"https:\/\/pc.sc.gov.br\/index.php?rest_route=%2Fwp%2Fv2%2Fmedia&parent=19242"}],"wp:term":[{"taxonomy":"category","embeddable":true,"href":"https:\/\/pc.sc.gov.br\/index.php?rest_route=%2Fwp%2Fv2%2Fcategories&post=19242"},{"taxonomy":"post_tag","embeddable":true,"href":"https:\/\/pc.sc.gov.br\/index.php?rest_route=%2Fwp%2Fv2%2Ftags&post=19242"}],"curies":[{"name":"wp","href":"https:\/\/api.w.org\/{rel}","templated":true}]}}