{"id":19251,"date":"2024-04-17T20:21:31","date_gmt":"2024-04-17T23:21:31","guid":{"rendered":"https:\/\/pc.sc.gov.br\/?p=19251"},"modified":"2024-04-17T20:22:55","modified_gmt":"2024-04-17T23:22:55","slug":"em-canelinha-policia-civil-prende-foragido-por-triplo-homicidio","status":"publish","type":"post","link":"https:\/\/pc.sc.gov.br\/?p=19251","title":{"rendered":"Em Canelinha, Pol\u00edcia Civil prende foragido por triplo homic\u00eddio"},"content":{"rendered":"\t\t<div data-elementor-type=\"wp-post\" data-elementor-id=\"19251\" class=\"elementor elementor-19251\" data-elementor-post-type=\"post\">\n\t\t\t\t\t\t<section class=\"elementor-section elementor-top-section elementor-element elementor-element-70f00f6 elementor-section-boxed elementor-section-height-default elementor-section-height-default\" data-id=\"70f00f6\" data-element_type=\"section\">\n\t\t\t\t\t\t<div class=\"elementor-container elementor-column-gap-default\">\n\t\t\t\t\t<div class=\"elementor-column elementor-col-100 elementor-top-column elementor-element elementor-element-383b76c\" data-id=\"383b76c\" data-element_type=\"column\">\n\t\t\t<div class=\"elementor-widget-wrap elementor-element-populated\">\n\t\t\t\t\t\t<div class=\"elementor-element elementor-element-6384fc6 elementor-widget elementor-widget-heading\" data-id=\"6384fc6\" data-element_type=\"widget\" data-widget_type=\"heading.default\">\n\t\t\t\t<div class=\"elementor-widget-container\">\n\t\t\t\t\t<h2 class=\"elementor-heading-title elementor-size-default\">Em Canelinha, Pol\u00edcia Civil prende foragido por triplo homic\u00eddio <\/h2>\t\t\t\t<\/div>\n\t\t\t\t<\/div>\n\t\t\t\t\t<\/div>\n\t\t<\/div>\n\t\t\t\t\t<\/div>\n\t\t<\/section>\n\t\t\t\t<section class=\"elementor-section elementor-top-section elementor-element elementor-element-15a0a4a elementor-section-boxed elementor-section-height-default elementor-section-height-default\" data-id=\"15a0a4a\" data-element_type=\"section\">\n\t\t\t\t\t\t<div class=\"elementor-container elementor-column-gap-default\">\n\t\t\t\t\t<div class=\"elementor-column elementor-col-100 elementor-top-column elementor-element elementor-element-8a109f7\" data-id=\"8a109f7\" data-element_type=\"column\">\n\t\t\t<div class=\"elementor-widget-wrap elementor-element-populated\">\n\t\t\t\t\t\t<div class=\"elementor-element elementor-element-d96f6a3 elementor-widget elementor-widget-image\" data-id=\"d96f6a3\" data-element_type=\"widget\" data-widget_type=\"image.default\">\n\t\t\t\t<div class=\"elementor-widget-container\">\n\t\t\t\t\t\t\t\t\t\t\t\t\t\t\t<img fetchpriority=\"high\" decoding=\"async\" width=\"696\" height=\"522\" src=\"https:\/\/pc.sc.gov.br\/\/wp-content\/uploads\/2024\/01\/CARRO-VIATUIRA-SIRENE-NOITE-POLICIA-CIVIL-PCSC-1024x768.jpg\" class=\"attachment-large size-large wp-image-16597\" alt=\"\" srcset=\"https:\/\/pc.sc.gov.br\/\/wp-content\/uploads\/2024\/01\/CARRO-VIATUIRA-SIRENE-NOITE-POLICIA-CIVIL-PCSC-1024x768.jpg 1024w, https:\/\/pc.sc.gov.br\/\/wp-content\/uploads\/2024\/01\/CARRO-VIATUIRA-SIRENE-NOITE-POLICIA-CIVIL-PCSC-300x225.jpg 300w, https:\/\/pc.sc.gov.br\/\/wp-content\/uploads\/2024\/01\/CARRO-VIATUIRA-SIRENE-NOITE-POLICIA-CIVIL-PCSC-768x576.jpg 768w, https:\/\/pc.sc.gov.br\/\/wp-content\/uploads\/2024\/01\/CARRO-VIATUIRA-SIRENE-NOITE-POLICIA-CIVIL-PCSC.jpg 1280w\" sizes=\"(max-width: 696px) 100vw, 696px\" \/>\t\t\t\t\t\t\t\t\t\t\t\t\t\t\t<\/div>\n\t\t\t\t<\/div>\n\t\t\t\t\t<\/div>\n\t\t<\/div>\n\t\t\t\t\t<\/div>\n\t\t<\/section>\n\t\t\t\t<section class=\"elementor-section elementor-top-section elementor-element elementor-element-fd33028 elementor-section-boxed elementor-section-height-default elementor-section-height-default\" data-id=\"fd33028\" data-element_type=\"section\">\n\t\t\t\t\t\t<div class=\"elementor-container elementor-column-gap-default\">\n\t\t\t\t\t<div class=\"elementor-column elementor-col-100 elementor-top-column elementor-element elementor-element-1cf601d\" data-id=\"1cf601d\" data-element_type=\"column\">\n\t\t\t<div class=\"elementor-widget-wrap elementor-element-populated\">\n\t\t\t\t\t\t<div class=\"elementor-element elementor-element-2667b97 elementor-widget elementor-widget-text-editor\" data-id=\"2667b97\" data-element_type=\"widget\" data-widget_type=\"text-editor.default\">\n\t\t\t\t<div class=\"elementor-widget-container\">\n\t\t\t\t\t\t\t\t\t<p>Na manh\u00e3 desta quarta-feira (17), a Pol\u00edcia Civil de Santa Catarina, por meio da Divis\u00e3o de Investiga\u00e7\u00e3o Criminal de Blumenau, em conjunto com o NINT da 3\u00aa DRP, ap\u00f3s troca de informa\u00e7\u00f5es com a Diretoria de Intelig\u00eancia da Pol\u00edcia Civil do Par\u00e1, descobriu o paradeiro do autor de tr\u00eas homic\u00eddios ocorrido nos estados do Amap\u00e1 e Par\u00e1, em 2020 e 2021, respectivamente, que estava homiziado na cidade de Blumenau.\u00a0<\/p><p>Contudo, durante as dilig\u00eancias, apurou-se que o suspeito fugiu, sendo ent\u00e3o, na manh\u00e3 de hoje, localizado na cidade de Canelinha. O homem estava foragido desde 2020 pelo homic\u00eddio de um casal no Estado do Amap\u00e1. A opera\u00e7\u00e3o ainda contou com o apoio do NISI da DEIC.<\/p>\t\t\t\t\t\t\t\t<\/div>\n\t\t\t\t<\/div>\n\t\t\t\t\t<\/div>\n\t\t<\/div>\n\t\t\t\t\t<\/div>\n\t\t<\/section>\n\t\t\t\t<\/div>\n\t\t","protected":false},"excerpt":{"rendered":"<p>Em Canelinha, Pol\u00edcia Civil prende foragido por triplo homic\u00eddio Na manh\u00e3 desta quarta-feira (17), a Pol\u00edcia Civil de Santa Catarina, por meio da Divis\u00e3o de Investiga\u00e7\u00e3o Criminal de Blumenau, em conjunto com o NINT da 3\u00aa DRP, ap\u00f3s troca de informa\u00e7\u00f5es com a Diretoria de Intelig\u00eancia da Pol\u00edcia Civil do Par\u00e1, descobriu o paradeiro do [&hellip;]<\/p>\n","protected":false},"author":5,"featured_media":16597,"comment_status":"closed","ping_status":"open","sticky":false,"template":"","format":"standard","meta":{"_monsterinsights_skip_tracking":false,"_monsterinsights_sitenote_active":false,"_monsterinsights_sitenote_note":"","_monsterinsights_sitenote_category":0,"footnotes":""},"categories":[1],"tags":[],"class_list":["post-19251","post","type-post","status-publish","format-standard","has-post-thumbnail","hentry","category-sem-categoria"],"_links":{"self":[{"href":"https:\/\/pc.sc.gov.br\/index.php?rest_route=\/wp\/v2\/posts\/19251","targetHints":{"allow":["GET"]}}],"collection":[{"href":"https:\/\/pc.sc.gov.br\/index.php?rest_route=\/wp\/v2\/posts"}],"about":[{"href":"https:\/\/pc.sc.gov.br\/index.php?rest_route=\/wp\/v2\/types\/post"}],"author":[{"embeddable":true,"href":"https:\/\/pc.sc.gov.br\/index.php?rest_route=\/wp\/v2\/users\/5"}],"replies":[{"embeddable":true,"href":"https:\/\/pc.sc.gov.br\/index.php?rest_route=%2Fwp%2Fv2%2Fcomments&post=19251"}],"version-history":[{"count":4,"href":"https:\/\/pc.sc.gov.br\/index.php?rest_route=\/wp\/v2\/posts\/19251\/revisions"}],"predecessor-version":[{"id":19255,"href":"https:\/\/pc.sc.gov.br\/index.php?rest_route=\/wp\/v2\/posts\/19251\/revisions\/19255"}],"wp:featuredmedia":[{"embeddable":true,"href":"https:\/\/pc.sc.gov.br\/index.php?rest_route=\/wp\/v2\/media\/16597"}],"wp:attachment":[{"href":"https:\/\/pc.sc.gov.br\/index.php?rest_route=%2Fwp%2Fv2%2Fmedia&parent=19251"}],"wp:term":[{"taxonomy":"category","embeddable":true,"href":"https:\/\/pc.sc.gov.br\/index.php?rest_route=%2Fwp%2Fv2%2Fcategories&post=19251"},{"taxonomy":"post_tag","embeddable":true,"href":"https:\/\/pc.sc.gov.br\/index.php?rest_route=%2Fwp%2Fv2%2Ftags&post=19251"}],"curies":[{"name":"wp","href":"https:\/\/api.w.org\/{rel}","templated":true}]}}