{"id":19257,"date":"2024-04-18T14:04:51","date_gmt":"2024-04-18T17:04:51","guid":{"rendered":"https:\/\/pc.sc.gov.br\/?p=19257"},"modified":"2024-04-18T14:05:39","modified_gmt":"2024-04-18T17:05:39","slug":"policia-civil-prende-homem-foragido-pelo-crime-de-roubo-do-mato-grosso","status":"publish","type":"post","link":"https:\/\/pc.sc.gov.br\/?p=19257","title":{"rendered":"Pol\u00edcia Civil prende homem foragido pelo crime de roubo do Mato Grosso"},"content":{"rendered":"\t\t<div data-elementor-type=\"wp-post\" data-elementor-id=\"19257\" class=\"elementor elementor-19257\" data-elementor-post-type=\"post\">\n\t\t\t\t\t\t<section class=\"elementor-section elementor-top-section elementor-element elementor-element-bef453e elementor-section-boxed elementor-section-height-default elementor-section-height-default\" data-id=\"bef453e\" data-element_type=\"section\">\n\t\t\t\t\t\t<div class=\"elementor-container elementor-column-gap-default\">\n\t\t\t\t\t<div class=\"elementor-column elementor-col-100 elementor-top-column elementor-element elementor-element-73cea96\" data-id=\"73cea96\" data-element_type=\"column\">\n\t\t\t<div class=\"elementor-widget-wrap elementor-element-populated\">\n\t\t\t\t\t\t<div class=\"elementor-element elementor-element-eb4e242 elementor-widget elementor-widget-heading\" data-id=\"eb4e242\" data-element_type=\"widget\" data-widget_type=\"heading.default\">\n\t\t\t\t<div class=\"elementor-widget-container\">\n\t\t\t\t\t<h2 class=\"elementor-heading-title elementor-size-default\">Pol\u00edcia Civil prende homem foragido pelo crime de roubo do Mato Grosso <\/h2>\t\t\t\t<\/div>\n\t\t\t\t<\/div>\n\t\t\t\t\t<\/div>\n\t\t<\/div>\n\t\t\t\t\t<\/div>\n\t\t<\/section>\n\t\t\t\t<section class=\"elementor-section elementor-top-section elementor-element elementor-element-2cc73ef elementor-section-boxed elementor-section-height-default elementor-section-height-default\" data-id=\"2cc73ef\" data-element_type=\"section\">\n\t\t\t\t\t\t<div class=\"elementor-container elementor-column-gap-default\">\n\t\t\t\t\t<div class=\"elementor-column elementor-col-100 elementor-top-column elementor-element elementor-element-77b863c\" data-id=\"77b863c\" data-element_type=\"column\">\n\t\t\t<div class=\"elementor-widget-wrap elementor-element-populated\">\n\t\t\t\t\t\t<div class=\"elementor-element elementor-element-c1fab3d elementor-widget elementor-widget-image\" data-id=\"c1fab3d\" data-element_type=\"widget\" data-widget_type=\"image.default\">\n\t\t\t\t<div class=\"elementor-widget-container\">\n\t\t\t\t\t\t\t\t\t\t\t\t\t\t\t<img fetchpriority=\"high\" decoding=\"async\" width=\"696\" height=\"513\" src=\"https:\/\/pc.sc.gov.br\/\/wp-content\/uploads\/2024\/04\/WhatsApp-Image-2024-04-15-at-08.55.30-fotor-20240416144718-1024x755.jpg\" class=\"attachment-large size-large wp-image-19181\" alt=\"\" srcset=\"https:\/\/pc.sc.gov.br\/\/wp-content\/uploads\/2024\/04\/WhatsApp-Image-2024-04-15-at-08.55.30-fotor-20240416144718-1024x755.jpg 1024w, https:\/\/pc.sc.gov.br\/\/wp-content\/uploads\/2024\/04\/WhatsApp-Image-2024-04-15-at-08.55.30-fotor-20240416144718-300x221.jpg 300w, https:\/\/pc.sc.gov.br\/\/wp-content\/uploads\/2024\/04\/WhatsApp-Image-2024-04-15-at-08.55.30-fotor-20240416144718-768x566.jpg 768w, https:\/\/pc.sc.gov.br\/\/wp-content\/uploads\/2024\/04\/WhatsApp-Image-2024-04-15-at-08.55.30-fotor-20240416144718.jpg 1186w\" sizes=\"(max-width: 696px) 100vw, 696px\" \/>\t\t\t\t\t\t\t\t\t\t\t\t\t\t\t<\/div>\n\t\t\t\t<\/div>\n\t\t\t\t\t<\/div>\n\t\t<\/div>\n\t\t\t\t\t<\/div>\n\t\t<\/section>\n\t\t\t\t<section class=\"elementor-section elementor-top-section elementor-element elementor-element-3f52fed elementor-section-boxed elementor-section-height-default elementor-section-height-default\" data-id=\"3f52fed\" data-element_type=\"section\">\n\t\t\t\t\t\t<div class=\"elementor-container elementor-column-gap-default\">\n\t\t\t\t\t<div class=\"elementor-column elementor-col-100 elementor-top-column elementor-element elementor-element-9eb835f\" data-id=\"9eb835f\" data-element_type=\"column\">\n\t\t\t<div class=\"elementor-widget-wrap elementor-element-populated\">\n\t\t\t\t\t\t<div class=\"elementor-element elementor-element-dfc860a elementor-widget elementor-widget-text-editor\" data-id=\"dfc860a\" data-element_type=\"widget\" data-widget_type=\"text-editor.default\">\n\t\t\t\t<div class=\"elementor-widget-container\">\n\t\t\t\t\t\t\t\t\t<p>Na quarta-feira (17), a Pol\u00edcia Civil de Santa Catarina, por meio da Delegacia de Homic\u00eddios do Departamento de Investiga\u00e7\u00e3o Criminal da Capital, logrou \u00eaxito em localizar e cumprir um mandado de pris\u00e3o por senten\u00e7a condenat\u00f3ria definitiva expedida pela 2\u00aa Vara Criminal de Cuiab\u00e1, no estado do Mato Grosso, em desfavor de um homem, pelo crime de roubo (Art. 157 do CP).<\/p><p>A deten\u00e7\u00e3o ocorreu no bairro dos Ingleses, regi\u00e3o norte de Florian\u00f3polis, onde o criminoso se encontrava homiziado desde o ano de 2009.<\/p>\t\t\t\t\t\t\t\t<\/div>\n\t\t\t\t<\/div>\n\t\t\t\t\t<\/div>\n\t\t<\/div>\n\t\t\t\t\t<\/div>\n\t\t<\/section>\n\t\t\t\t<\/div>\n\t\t","protected":false},"excerpt":{"rendered":"<p>Pol\u00edcia Civil prende homem foragido pelo crime de roubo do Mato Grosso Na quarta-feira (17), a Pol\u00edcia Civil de Santa Catarina, por meio da Delegacia de Homic\u00eddios do Departamento de Investiga\u00e7\u00e3o Criminal da Capital, logrou \u00eaxito em localizar e cumprir um mandado de pris\u00e3o por senten\u00e7a condenat\u00f3ria definitiva expedida pela 2\u00aa Vara Criminal de Cuiab\u00e1, [&hellip;]<\/p>\n","protected":false},"author":5,"featured_media":19181,"comment_status":"closed","ping_status":"open","sticky":false,"template":"","format":"standard","meta":{"_monsterinsights_skip_tracking":false,"_monsterinsights_sitenote_active":false,"_monsterinsights_sitenote_note":"","_monsterinsights_sitenote_category":0,"footnotes":""},"categories":[1],"tags":[],"class_list":["post-19257","post","type-post","status-publish","format-standard","has-post-thumbnail","hentry","category-sem-categoria"],"_links":{"self":[{"href":"https:\/\/pc.sc.gov.br\/index.php?rest_route=\/wp\/v2\/posts\/19257","targetHints":{"allow":["GET"]}}],"collection":[{"href":"https:\/\/pc.sc.gov.br\/index.php?rest_route=\/wp\/v2\/posts"}],"about":[{"href":"https:\/\/pc.sc.gov.br\/index.php?rest_route=\/wp\/v2\/types\/post"}],"author":[{"embeddable":true,"href":"https:\/\/pc.sc.gov.br\/index.php?rest_route=\/wp\/v2\/users\/5"}],"replies":[{"embeddable":true,"href":"https:\/\/pc.sc.gov.br\/index.php?rest_route=%2Fwp%2Fv2%2Fcomments&post=19257"}],"version-history":[{"count":4,"href":"https:\/\/pc.sc.gov.br\/index.php?rest_route=\/wp\/v2\/posts\/19257\/revisions"}],"predecessor-version":[{"id":19261,"href":"https:\/\/pc.sc.gov.br\/index.php?rest_route=\/wp\/v2\/posts\/19257\/revisions\/19261"}],"wp:featuredmedia":[{"embeddable":true,"href":"https:\/\/pc.sc.gov.br\/index.php?rest_route=\/wp\/v2\/media\/19181"}],"wp:attachment":[{"href":"https:\/\/pc.sc.gov.br\/index.php?rest_route=%2Fwp%2Fv2%2Fmedia&parent=19257"}],"wp:term":[{"taxonomy":"category","embeddable":true,"href":"https:\/\/pc.sc.gov.br\/index.php?rest_route=%2Fwp%2Fv2%2Fcategories&post=19257"},{"taxonomy":"post_tag","embeddable":true,"href":"https:\/\/pc.sc.gov.br\/index.php?rest_route=%2Fwp%2Fv2%2Ftags&post=19257"}],"curies":[{"name":"wp","href":"https:\/\/api.w.org\/{rel}","templated":true}]}}