{"id":19262,"date":"2024-04-18T14:14:10","date_gmt":"2024-04-18T17:14:10","guid":{"rendered":"https:\/\/pc.sc.gov.br\/?p=19262"},"modified":"2024-04-18T14:16:10","modified_gmt":"2024-04-18T17:16:10","slug":"dic-de-sao-joaquim-apreende-drogas-recupera-objetos-furtados-e-prende-cinco-pessoas-por-trafico-de-drogas-associacao-e-receptacao","status":"publish","type":"post","link":"https:\/\/pc.sc.gov.br\/?p=19262","title":{"rendered":"DIC de S\u00e3o Joaquim apreende drogas, recupera objetos furtados e prende cinco pessoas por tr\u00e1fico de drogas, associa\u00e7\u00e3o e recepta\u00e7\u00e3o"},"content":{"rendered":"\t\t<div data-elementor-type=\"wp-post\" data-elementor-id=\"19262\" class=\"elementor elementor-19262\" data-elementor-post-type=\"post\">\n\t\t\t\t\t\t<section class=\"elementor-section elementor-top-section elementor-element elementor-element-ad22623 elementor-section-boxed elementor-section-height-default elementor-section-height-default\" data-id=\"ad22623\" data-element_type=\"section\">\n\t\t\t\t\t\t<div class=\"elementor-container elementor-column-gap-default\">\n\t\t\t\t\t<div class=\"elementor-column elementor-col-100 elementor-top-column elementor-element elementor-element-a82a210\" data-id=\"a82a210\" data-element_type=\"column\">\n\t\t\t<div class=\"elementor-widget-wrap elementor-element-populated\">\n\t\t\t\t\t\t<div class=\"elementor-element elementor-element-c581f53 elementor-widget elementor-widget-heading\" data-id=\"c581f53\" data-element_type=\"widget\" data-widget_type=\"heading.default\">\n\t\t\t\t<div class=\"elementor-widget-container\">\n\t\t\t\t\t<h2 class=\"elementor-heading-title elementor-size-default\">DIC de S\u00e3o Joaquim apreende drogas, recupera objetos furtados e prende cinco por tr\u00e1fico de drogas, associa\u00e7\u00e3o e recepta\u00e7\u00e3o<\/h2>\t\t\t\t<\/div>\n\t\t\t\t<\/div>\n\t\t\t\t\t<\/div>\n\t\t<\/div>\n\t\t\t\t\t<\/div>\n\t\t<\/section>\n\t\t\t\t<section class=\"elementor-section elementor-top-section elementor-element elementor-element-52bd7ec elementor-section-boxed elementor-section-height-default elementor-section-height-default\" data-id=\"52bd7ec\" data-element_type=\"section\">\n\t\t\t\t\t\t<div class=\"elementor-container elementor-column-gap-default\">\n\t\t\t\t\t<div class=\"elementor-column elementor-col-100 elementor-top-column elementor-element elementor-element-f30d1ea\" data-id=\"f30d1ea\" data-element_type=\"column\">\n\t\t\t<div class=\"elementor-widget-wrap elementor-element-populated\">\n\t\t\t\t\t\t<div class=\"elementor-element elementor-element-1bad859 elementor-widget elementor-widget-image\" data-id=\"1bad859\" data-element_type=\"widget\" data-widget_type=\"image.default\">\n\t\t\t\t<div class=\"elementor-widget-container\">\n\t\t\t\t\t\t\t\t\t\t\t\t\t\t\t<img fetchpriority=\"high\" decoding=\"async\" width=\"696\" height=\"468\" src=\"https:\/\/pc.sc.gov.br\/\/wp-content\/uploads\/2024\/04\/WhatsApp-Image-2024-04-18-at-13.43.55-1024x688.jpeg\" class=\"attachment-large size-large wp-image-19263\" alt=\"\" srcset=\"https:\/\/pc.sc.gov.br\/\/wp-content\/uploads\/2024\/04\/WhatsApp-Image-2024-04-18-at-13.43.55-1024x688.jpeg 1024w, https:\/\/pc.sc.gov.br\/\/wp-content\/uploads\/2024\/04\/WhatsApp-Image-2024-04-18-at-13.43.55-300x202.jpeg 300w, https:\/\/pc.sc.gov.br\/\/wp-content\/uploads\/2024\/04\/WhatsApp-Image-2024-04-18-at-13.43.55-768x516.jpeg 768w, https:\/\/pc.sc.gov.br\/\/wp-content\/uploads\/2024\/04\/WhatsApp-Image-2024-04-18-at-13.43.55.jpeg 1170w\" sizes=\"(max-width: 696px) 100vw, 696px\" \/>\t\t\t\t\t\t\t\t\t\t\t\t\t\t\t<\/div>\n\t\t\t\t<\/div>\n\t\t\t\t\t<\/div>\n\t\t<\/div>\n\t\t\t\t\t<\/div>\n\t\t<\/section>\n\t\t\t\t<section class=\"elementor-section elementor-top-section elementor-element elementor-element-10ecd5d elementor-section-boxed elementor-section-height-default elementor-section-height-default\" data-id=\"10ecd5d\" data-element_type=\"section\">\n\t\t\t\t\t\t<div class=\"elementor-container elementor-column-gap-default\">\n\t\t\t\t\t<div class=\"elementor-column elementor-col-100 elementor-top-column elementor-element elementor-element-e5e024c\" data-id=\"e5e024c\" data-element_type=\"column\">\n\t\t\t<div class=\"elementor-widget-wrap elementor-element-populated\">\n\t\t\t\t\t\t<div class=\"elementor-element elementor-element-7b83b6d elementor-widget elementor-widget-text-editor\" data-id=\"7b83b6d\" data-element_type=\"widget\" data-widget_type=\"text-editor.default\">\n\t\t\t\t<div class=\"elementor-widget-container\">\n\t\t\t\t\t\t\t\t\t<p>A Pol\u00edcia Civil de Santa Catarina, por meio da Divis\u00e3o de Investiga\u00e7\u00e3o Criminal (DIC) de S\u00e3o Joaquim e DPCo de S\u00e3o Joaquim, realizaram a Opera\u00e7\u00e3o \u201cBasta\u201d, nesta ter\u00e7a-feira (16) e quarta-feira (17) a fim de conter a onda de furtos que vinham assolando a cidade nos \u00faltimos dias.<\/p>\n<p>A opera\u00e7\u00e3o foi deflagrada no in\u00edcio da manh\u00e3 de ter\u00e7a-feira logo ap\u00f3s um atendimento de local de crime pelos policiais civis da Comarca de S\u00e3o Joaquim. Ap\u00f3s o atendimento, os policiais iniciaram dilig\u00eancias, que culminaram em uma \u201cbiqueira\u201d no Morro do Lagarto, no munic\u00edpio, j\u00e1 conhecida pelos agentes da DIC.<\/p>\n<p>Ao chegarem no local, diversos indiv\u00edduos, ao visualizarem a chegada da Pol\u00edcia, tentaram se evadir, mas foram contidos rapidamente pelos policiais civis.&nbsp;<span style=\"font-family: var( --e-global-typography-text-font-family ), Sans-serif; font-size: var( --e-global-typography-text-font-size );\">Ap\u00f3s deter e dominar todo local, os policiais encontraram na casa uma variedade grande de drogas, (maconha, crack e coca\u00edna), balan\u00e7as de precis\u00e3o, anota\u00e7\u00f5es para o tr\u00e1fico, al\u00e9m de objetos que haviam sido furtados em uma loja no centro de S\u00e3o Joaquim na noite anterior.&nbsp;&nbsp;<\/span><span style=\"font-family: var( --e-global-typography-text-font-family ), Sans-serif; font-size: var( --e-global-typography-text-font-size );\">Diante dos fatos, quatro indiv\u00edduos foram conduzidos e autuados em flagrante delito pelos crimes de tr\u00e1fico de drogas, associa\u00e7\u00e3o para o tr\u00e1fico e recepta\u00e7\u00e3o.<\/span><\/p>\n<p>Na quarta-feira (17), em continuidade as a\u00e7\u00f5es realizadas no dia anterior, haja vista que na casa havia sido encontrada uma por\u00e7\u00e3o de \u201cskunk\u201d (maconha potencializada, na forma de flor), em dilig\u00eancias os policiais encontraram a casa onde ela estava sendo produzida. No local, da rua, em frente \u00e0 casa, foi poss\u00edvel avistar dois grandes p\u00e9s da planta Cannabis Sativa, conhecida como maconha.&nbsp;<\/p>\n<p>O propriet\u00e1rio estava em casa e foi detido pelos policiais. Indagado sobre os p\u00e9s de maconha, alegou que se tratava de cultivo utilizado apenas para seu consumo pessoal. No quintal ainda foram localizadas mais duas plantas menores, totalizando quatro p\u00e9s de maconha.<\/p>\n<p>Um dos arbustos possu\u00eda mais de 2,5 metros de altura, e pesava aproximadamente 15 kg (quinze quilos) e estavam repletos de flores, que \u00e9 a parte comercializada. Os quatro p\u00e9s de maconha apreendidos totalizaram 16 quilos.<\/p>\n<p>O indiv\u00edduo tamb\u00e9m foi preso e autuado em flagrante delito pelo crime de tr\u00e1fico de drogas, na modalidade vender, semear e cultivar plantas em desacordo com determina\u00e7\u00e3o legal. A Pol\u00edcia Civil de Santa Catarina reitera o seu compromisso com a sociedade Joaquinense de combater o crime em todas as suas formas.<\/p>\t\t\t\t\t\t\t\t<\/div>\n\t\t\t\t<\/div>\n\t\t\t\t\t<\/div>\n\t\t<\/div>\n\t\t\t\t\t<\/div>\n\t\t<\/section>\n\t\t\t\t<\/div>\n\t\t","protected":false},"excerpt":{"rendered":"<p>DIC de S\u00e3o Joaquim apreende drogas, recupera objetos furtados e prende cinco por tr\u00e1fico de drogas, associa\u00e7\u00e3o e recepta\u00e7\u00e3o A Pol\u00edcia Civil de Santa Catarina, por meio da Divis\u00e3o de Investiga\u00e7\u00e3o Criminal (DIC) de S\u00e3o Joaquim e DPCo de S\u00e3o Joaquim, realizaram a Opera\u00e7\u00e3o \u201cBasta\u201d, nesta ter\u00e7a-feira (16) e quarta-feira (17) a fim de conter [&hellip;]<\/p>\n","protected":false},"author":5,"featured_media":19264,"comment_status":"closed","ping_status":"open","sticky":false,"template":"","format":"standard","meta":{"_monsterinsights_skip_tracking":false,"_monsterinsights_sitenote_active":false,"_monsterinsights_sitenote_note":"","_monsterinsights_sitenote_category":0,"footnotes":""},"categories":[1],"tags":[],"class_list":["post-19262","post","type-post","status-publish","format-standard","has-post-thumbnail","hentry","category-sem-categoria"],"_links":{"self":[{"href":"https:\/\/pc.sc.gov.br\/index.php?rest_route=\/wp\/v2\/posts\/19262","targetHints":{"allow":["GET"]}}],"collection":[{"href":"https:\/\/pc.sc.gov.br\/index.php?rest_route=\/wp\/v2\/posts"}],"about":[{"href":"https:\/\/pc.sc.gov.br\/index.php?rest_route=\/wp\/v2\/types\/post"}],"author":[{"embeddable":true,"href":"https:\/\/pc.sc.gov.br\/index.php?rest_route=\/wp\/v2\/users\/5"}],"replies":[{"embeddable":true,"href":"https:\/\/pc.sc.gov.br\/index.php?rest_route=%2Fwp%2Fv2%2Fcomments&post=19262"}],"version-history":[{"count":4,"href":"https:\/\/pc.sc.gov.br\/index.php?rest_route=\/wp\/v2\/posts\/19262\/revisions"}],"predecessor-version":[{"id":19268,"href":"https:\/\/pc.sc.gov.br\/index.php?rest_route=\/wp\/v2\/posts\/19262\/revisions\/19268"}],"wp:featuredmedia":[{"embeddable":true,"href":"https:\/\/pc.sc.gov.br\/index.php?rest_route=\/wp\/v2\/media\/19264"}],"wp:attachment":[{"href":"https:\/\/pc.sc.gov.br\/index.php?rest_route=%2Fwp%2Fv2%2Fmedia&parent=19262"}],"wp:term":[{"taxonomy":"category","embeddable":true,"href":"https:\/\/pc.sc.gov.br\/index.php?rest_route=%2Fwp%2Fv2%2Fcategories&post=19262"},{"taxonomy":"post_tag","embeddable":true,"href":"https:\/\/pc.sc.gov.br\/index.php?rest_route=%2Fwp%2Fv2%2Ftags&post=19262"}],"curies":[{"name":"wp","href":"https:\/\/api.w.org\/{rel}","templated":true}]}}