{"id":19280,"date":"2024-04-18T16:16:02","date_gmt":"2024-04-18T19:16:02","guid":{"rendered":"https:\/\/pc.sc.gov.br\/?p=19280"},"modified":"2024-04-18T16:16:52","modified_gmt":"2024-04-18T19:16:52","slug":"dic-de-chapeco-deflagra-operacao-contra-trafico-prende-tres-pessoas-e-apreende-maconha-e-cocaina","status":"publish","type":"post","link":"https:\/\/pc.sc.gov.br\/?p=19280","title":{"rendered":"DIC de Chapec\u00f3 deflagra opera\u00e7\u00e3o contra tr\u00e1fico, prende tr\u00eas pessoas e apreende maconha e coca\u00edna"},"content":{"rendered":"\t\t<div data-elementor-type=\"wp-post\" data-elementor-id=\"19280\" class=\"elementor elementor-19280\" data-elementor-post-type=\"post\">\n\t\t\t\t\t\t<section class=\"elementor-section elementor-top-section elementor-element elementor-element-4cfc790 elementor-section-boxed elementor-section-height-default elementor-section-height-default\" data-id=\"4cfc790\" data-element_type=\"section\">\n\t\t\t\t\t\t<div class=\"elementor-container elementor-column-gap-default\">\n\t\t\t\t\t<div class=\"elementor-column elementor-col-100 elementor-top-column elementor-element elementor-element-f9ffde2\" data-id=\"f9ffde2\" data-element_type=\"column\">\n\t\t\t<div class=\"elementor-widget-wrap elementor-element-populated\">\n\t\t\t\t\t\t<div class=\"elementor-element elementor-element-be0c2b7 elementor-widget elementor-widget-heading\" data-id=\"be0c2b7\" data-element_type=\"widget\" data-widget_type=\"heading.default\">\n\t\t\t\t<div class=\"elementor-widget-container\">\n\t\t\t\t\t<h2 class=\"elementor-heading-title elementor-size-default\">DIC de Chapec\u00f3 deflagra opera\u00e7\u00e3o contra tr\u00e1fico, prende tr\u00eas pessoas e apreende maconha e coca\u00edna<\/h2>\t\t\t\t<\/div>\n\t\t\t\t<\/div>\n\t\t\t\t\t<\/div>\n\t\t<\/div>\n\t\t\t\t\t<\/div>\n\t\t<\/section>\n\t\t\t\t<section class=\"elementor-section elementor-top-section elementor-element elementor-element-039609b elementor-section-boxed elementor-section-height-default elementor-section-height-default\" data-id=\"039609b\" data-element_type=\"section\">\n\t\t\t\t\t\t<div class=\"elementor-container elementor-column-gap-default\">\n\t\t\t\t\t<div class=\"elementor-column elementor-col-100 elementor-top-column elementor-element elementor-element-d93f877\" data-id=\"d93f877\" data-element_type=\"column\">\n\t\t\t<div class=\"elementor-widget-wrap elementor-element-populated\">\n\t\t\t\t\t\t<div class=\"elementor-element elementor-element-6797b86 elementor-widget elementor-widget-image\" data-id=\"6797b86\" data-element_type=\"widget\" data-widget_type=\"image.default\">\n\t\t\t\t<div class=\"elementor-widget-container\">\n\t\t\t\t\t\t\t\t\t\t\t\t\t\t\t<img fetchpriority=\"high\" decoding=\"async\" width=\"696\" height=\"522\" src=\"https:\/\/pc.sc.gov.br\/\/wp-content\/uploads\/2024\/04\/WhatsApp-Image-2024-04-18-at-14.16.34-1-1024x768.jpeg\" class=\"attachment-large size-large wp-image-19281\" alt=\"\" srcset=\"https:\/\/pc.sc.gov.br\/\/wp-content\/uploads\/2024\/04\/WhatsApp-Image-2024-04-18-at-14.16.34-1-1024x768.jpeg 1024w, https:\/\/pc.sc.gov.br\/\/wp-content\/uploads\/2024\/04\/WhatsApp-Image-2024-04-18-at-14.16.34-1-300x225.jpeg 300w, https:\/\/pc.sc.gov.br\/\/wp-content\/uploads\/2024\/04\/WhatsApp-Image-2024-04-18-at-14.16.34-1-768x576.jpeg 768w, https:\/\/pc.sc.gov.br\/\/wp-content\/uploads\/2024\/04\/WhatsApp-Image-2024-04-18-at-14.16.34-1.jpeg 1280w\" sizes=\"(max-width: 696px) 100vw, 696px\" \/>\t\t\t\t\t\t\t\t\t\t\t\t\t\t\t<\/div>\n\t\t\t\t<\/div>\n\t\t\t\t\t<\/div>\n\t\t<\/div>\n\t\t\t\t\t<\/div>\n\t\t<\/section>\n\t\t\t\t<section class=\"elementor-section elementor-top-section elementor-element elementor-element-7c3dc24 elementor-section-boxed elementor-section-height-default elementor-section-height-default\" data-id=\"7c3dc24\" data-element_type=\"section\">\n\t\t\t\t\t\t<div class=\"elementor-container elementor-column-gap-default\">\n\t\t\t\t\t<div class=\"elementor-column elementor-col-100 elementor-top-column elementor-element elementor-element-16eaf80\" data-id=\"16eaf80\" data-element_type=\"column\">\n\t\t\t<div class=\"elementor-widget-wrap elementor-element-populated\">\n\t\t\t\t\t\t<div class=\"elementor-element elementor-element-361857b elementor-widget elementor-widget-text-editor\" data-id=\"361857b\" data-element_type=\"widget\" data-widget_type=\"text-editor.default\">\n\t\t\t\t<div class=\"elementor-widget-container\">\n\t\t\t\t\t\t\t\t\t<p>A Pol\u00edcia Civil de Santa Catarina, em a\u00e7\u00e3o coordenada pela Divis\u00e3o de Investiga\u00e7\u00e3o Criminal (DIC) de Chapec\u00f3 deflagrou nesta quinta-feira (18) uma opera\u00e7\u00e3o destinada ao combate ao tr\u00e1fico de entorpecentes. Ao todo foram cumpridos nove mandados de busca e apreens\u00e3o em resid\u00eancias localizadas no Bairro Dom Jos\u00e9 Gomes.<\/p><p>No local foram apreendidas drogas (maconha e coca\u00edna) j\u00e1 prontas para a venda, al\u00e9m de uma arma de fogo e muni\u00e7\u00f5es. Os tr\u00eas homens envolvidos foram conduzidos \u00e0 unidade policial para os procedimentos legais.<\/p><p>A investiga\u00e7\u00e3o prossegue e, com os elementos colhidos das buscas, busca a identifica\u00e7\u00e3o dos demais envolvidos nos crimes. A opera\u00e7\u00e3o contou com apoio das unidades da Pol\u00edcia Civil de Chapec\u00f3, N\u00facleo de Opera\u00e7\u00f5es com C\u00e3es da Pol\u00edcia Civil, Pol\u00edcia Militar e Opera\u00e7\u00e3o Protetores.<\/p>\t\t\t\t\t\t\t\t<\/div>\n\t\t\t\t<\/div>\n\t\t\t\t\t<\/div>\n\t\t<\/div>\n\t\t\t\t\t<\/div>\n\t\t<\/section>\n\t\t\t\t<\/div>\n\t\t","protected":false},"excerpt":{"rendered":"<p>DIC de Chapec\u00f3 deflagra opera\u00e7\u00e3o contra tr\u00e1fico, prende tr\u00eas pessoas e apreende maconha e coca\u00edna A Pol\u00edcia Civil de Santa Catarina, em a\u00e7\u00e3o coordenada pela Divis\u00e3o de Investiga\u00e7\u00e3o Criminal (DIC) de Chapec\u00f3 deflagrou nesta quinta-feira (18) uma opera\u00e7\u00e3o destinada ao combate ao tr\u00e1fico de entorpecentes. Ao todo foram cumpridos nove mandados de busca e apreens\u00e3o [&hellip;]<\/p>\n","protected":false},"author":5,"featured_media":19281,"comment_status":"closed","ping_status":"open","sticky":false,"template":"","format":"standard","meta":{"_monsterinsights_skip_tracking":false,"_monsterinsights_sitenote_active":false,"_monsterinsights_sitenote_note":"","_monsterinsights_sitenote_category":0,"footnotes":""},"categories":[1],"tags":[],"class_list":["post-19280","post","type-post","status-publish","format-standard","has-post-thumbnail","hentry","category-sem-categoria"],"_links":{"self":[{"href":"https:\/\/pc.sc.gov.br\/index.php?rest_route=\/wp\/v2\/posts\/19280","targetHints":{"allow":["GET"]}}],"collection":[{"href":"https:\/\/pc.sc.gov.br\/index.php?rest_route=\/wp\/v2\/posts"}],"about":[{"href":"https:\/\/pc.sc.gov.br\/index.php?rest_route=\/wp\/v2\/types\/post"}],"author":[{"embeddable":true,"href":"https:\/\/pc.sc.gov.br\/index.php?rest_route=\/wp\/v2\/users\/5"}],"replies":[{"embeddable":true,"href":"https:\/\/pc.sc.gov.br\/index.php?rest_route=%2Fwp%2Fv2%2Fcomments&post=19280"}],"version-history":[{"count":4,"href":"https:\/\/pc.sc.gov.br\/index.php?rest_route=\/wp\/v2\/posts\/19280\/revisions"}],"predecessor-version":[{"id":19285,"href":"https:\/\/pc.sc.gov.br\/index.php?rest_route=\/wp\/v2\/posts\/19280\/revisions\/19285"}],"wp:featuredmedia":[{"embeddable":true,"href":"https:\/\/pc.sc.gov.br\/index.php?rest_route=\/wp\/v2\/media\/19281"}],"wp:attachment":[{"href":"https:\/\/pc.sc.gov.br\/index.php?rest_route=%2Fwp%2Fv2%2Fmedia&parent=19280"}],"wp:term":[{"taxonomy":"category","embeddable":true,"href":"https:\/\/pc.sc.gov.br\/index.php?rest_route=%2Fwp%2Fv2%2Fcategories&post=19280"},{"taxonomy":"post_tag","embeddable":true,"href":"https:\/\/pc.sc.gov.br\/index.php?rest_route=%2Fwp%2Fv2%2Ftags&post=19280"}],"curies":[{"name":"wp","href":"https:\/\/api.w.org\/{rel}","templated":true}]}}