{"id":19286,"date":"2024-04-18T16:26:20","date_gmt":"2024-04-18T19:26:20","guid":{"rendered":"https:\/\/pc.sc.gov.br\/?p=19286"},"modified":"2024-04-18T16:53:47","modified_gmt":"2024-04-18T19:53:47","slug":"policia-civil-cumpre-mandado-de-busca-e-apreensao-em-investigacao-de-ameaca-a-unidade-hospitalar-de-sc","status":"publish","type":"post","link":"https:\/\/pc.sc.gov.br\/?p=19286","title":{"rendered":"Pol\u00edcia Civil cumpre mandado de busca e apreens\u00e3o em investiga\u00e7\u00e3o de amea\u00e7a \u00e0 unidade hospitalar de SC"},"content":{"rendered":"\t\t<div data-elementor-type=\"wp-post\" data-elementor-id=\"19286\" class=\"elementor elementor-19286\" data-elementor-post-type=\"post\">\n\t\t\t\t\t\t<section class=\"elementor-section elementor-top-section elementor-element elementor-element-e11b999 elementor-section-boxed elementor-section-height-default elementor-section-height-default\" data-id=\"e11b999\" data-element_type=\"section\">\n\t\t\t\t\t\t<div class=\"elementor-container elementor-column-gap-default\">\n\t\t\t\t\t<div class=\"elementor-column elementor-col-100 elementor-top-column elementor-element elementor-element-da982f3\" data-id=\"da982f3\" data-element_type=\"column\">\n\t\t\t<div class=\"elementor-widget-wrap elementor-element-populated\">\n\t\t\t\t\t\t<div class=\"elementor-element elementor-element-7e3ae4f elementor-widget elementor-widget-heading\" data-id=\"7e3ae4f\" data-element_type=\"widget\" data-widget_type=\"heading.default\">\n\t\t\t\t<div class=\"elementor-widget-container\">\n\t\t\t\t\t<h2 class=\"elementor-heading-title elementor-size-default\">Pol\u00edcia Civil cumpre mandado de busca e apreens\u00e3o em investiga\u00e7\u00e3o de amea\u00e7a \u00e0 unidade hospitalar de SC<\/h2>\t\t\t\t<\/div>\n\t\t\t\t<\/div>\n\t\t\t\t\t<\/div>\n\t\t<\/div>\n\t\t\t\t\t<\/div>\n\t\t<\/section>\n\t\t\t\t<section class=\"elementor-section elementor-top-section elementor-element elementor-element-3ca9090 elementor-section-boxed elementor-section-height-default elementor-section-height-default\" data-id=\"3ca9090\" data-element_type=\"section\">\n\t\t\t\t\t\t<div class=\"elementor-container elementor-column-gap-default\">\n\t\t\t\t\t<div class=\"elementor-column elementor-col-100 elementor-top-column elementor-element elementor-element-225857b\" data-id=\"225857b\" data-element_type=\"column\">\n\t\t\t<div class=\"elementor-widget-wrap elementor-element-populated\">\n\t\t\t\t\t\t<div class=\"elementor-element elementor-element-2b3a0b1 elementor-widget elementor-widget-image\" data-id=\"2b3a0b1\" data-element_type=\"widget\" data-widget_type=\"image.default\">\n\t\t\t\t<div class=\"elementor-widget-container\">\n\t\t\t\t\t\t\t\t\t\t\t\t\t\t\t<img fetchpriority=\"high\" decoding=\"async\" width=\"696\" height=\"522\" src=\"https:\/\/pc.sc.gov.br\/\/wp-content\/uploads\/2024\/04\/WhatsApp-Image-2024-04-18-at-10.08.41-1-1-1024x768.jpeg\" class=\"attachment-large size-large wp-image-19296\" alt=\"\" srcset=\"https:\/\/pc.sc.gov.br\/\/wp-content\/uploads\/2024\/04\/WhatsApp-Image-2024-04-18-at-10.08.41-1-1-1024x768.jpeg 1024w, https:\/\/pc.sc.gov.br\/\/wp-content\/uploads\/2024\/04\/WhatsApp-Image-2024-04-18-at-10.08.41-1-1-300x225.jpeg 300w, https:\/\/pc.sc.gov.br\/\/wp-content\/uploads\/2024\/04\/WhatsApp-Image-2024-04-18-at-10.08.41-1-1-768x576.jpeg 768w, https:\/\/pc.sc.gov.br\/\/wp-content\/uploads\/2024\/04\/WhatsApp-Image-2024-04-18-at-10.08.41-1-1-1536x1152.jpeg 1536w, https:\/\/pc.sc.gov.br\/\/wp-content\/uploads\/2024\/04\/WhatsApp-Image-2024-04-18-at-10.08.41-1-1.jpeg 1600w\" sizes=\"(max-width: 696px) 100vw, 696px\" \/>\t\t\t\t\t\t\t\t\t\t\t\t\t\t\t<\/div>\n\t\t\t\t<\/div>\n\t\t\t\t\t<\/div>\n\t\t<\/div>\n\t\t\t\t\t<\/div>\n\t\t<\/section>\n\t\t\t\t<section class=\"elementor-section elementor-top-section elementor-element elementor-element-872f67c elementor-section-boxed elementor-section-height-default elementor-section-height-default\" data-id=\"872f67c\" data-element_type=\"section\">\n\t\t\t\t\t\t<div class=\"elementor-container elementor-column-gap-default\">\n\t\t\t\t\t<div class=\"elementor-column elementor-col-100 elementor-top-column elementor-element elementor-element-93519a4\" data-id=\"93519a4\" data-element_type=\"column\">\n\t\t\t<div class=\"elementor-widget-wrap elementor-element-populated\">\n\t\t\t\t\t\t<div class=\"elementor-element elementor-element-ab8bea8 elementor-widget elementor-widget-text-editor\" data-id=\"ab8bea8\" data-element_type=\"widget\" data-widget_type=\"text-editor.default\">\n\t\t\t\t<div class=\"elementor-widget-container\">\n\t\t\t\t\t\t\t\t\t<p>Nesta quinta-feira (18), Pol\u00edcia Civil de Santa Catarina, por meio da Delegacia de Repress\u00e3o aos Crimes de Inform\u00e1tica da Diretoria Estadual de Investiga\u00e7\u00f5es Criminais, com o apoio da Delegacia de Repress\u00e3o a Crimes Cibern\u00e9ticos de Aracaju\/SE, cumpriu mandado de busca e apreens\u00e3o na cidade de Itaporanga D\u2019ajuda\/SE.<\/p><p>O autor amea\u00e7ou uma unidade hospitalar do Estado de Santa Catarina, inclusive, utilizando em seu perfil, a foto do autor do ataque \u00e0 creche em Blumenau no ano de 2023. A investiga\u00e7\u00e3o qualificada da DRCI, dificultada por t\u00e9cnicas de an\u00f4nimiza\u00e7\u00e3o na internet, logrou \u00eaxito em identificar o autor dos fatos e cumprir as dilig\u00eancias de hoje.<\/p><p>Foram apreendidos aparelhos eletr\u00f4nicos que ser\u00e3o periciados pela Policia Cient\u00edfica de Santa Catarina. A Pol\u00edcia Civil, por meio da DRCI, mant\u00e9m a atua\u00e7\u00e3o firme no combate aos crimes cometidos em ambiente virtual e seu compromisso na prote\u00e7\u00e3o da sociedade catarinense.<\/p>\t\t\t\t\t\t\t\t<\/div>\n\t\t\t\t<\/div>\n\t\t\t\t\t<\/div>\n\t\t<\/div>\n\t\t\t\t\t<\/div>\n\t\t<\/section>\n\t\t\t\t<\/div>\n\t\t","protected":false},"excerpt":{"rendered":"<p>Pol\u00edcia Civil cumpre mandado de busca e apreens\u00e3o em investiga\u00e7\u00e3o de amea\u00e7a \u00e0 unidade hospitalar de SC Nesta quinta-feira (18), Pol\u00edcia Civil de Santa Catarina, por meio da Delegacia de Repress\u00e3o aos Crimes de Inform\u00e1tica da Diretoria Estadual de Investiga\u00e7\u00f5es Criminais, com o apoio da Delegacia de Repress\u00e3o a Crimes Cibern\u00e9ticos de Aracaju\/SE, cumpriu mandado [&hellip;]<\/p>\n","protected":false},"author":5,"featured_media":19287,"comment_status":"closed","ping_status":"open","sticky":false,"template":"","format":"standard","meta":{"_monsterinsights_skip_tracking":false,"_monsterinsights_sitenote_active":false,"_monsterinsights_sitenote_note":"","_monsterinsights_sitenote_category":0,"footnotes":""},"categories":[1],"tags":[],"class_list":["post-19286","post","type-post","status-publish","format-standard","has-post-thumbnail","hentry","category-sem-categoria"],"_links":{"self":[{"href":"https:\/\/pc.sc.gov.br\/index.php?rest_route=\/wp\/v2\/posts\/19286","targetHints":{"allow":["GET"]}}],"collection":[{"href":"https:\/\/pc.sc.gov.br\/index.php?rest_route=\/wp\/v2\/posts"}],"about":[{"href":"https:\/\/pc.sc.gov.br\/index.php?rest_route=\/wp\/v2\/types\/post"}],"author":[{"embeddable":true,"href":"https:\/\/pc.sc.gov.br\/index.php?rest_route=\/wp\/v2\/users\/5"}],"replies":[{"embeddable":true,"href":"https:\/\/pc.sc.gov.br\/index.php?rest_route=%2Fwp%2Fv2%2Fcomments&post=19286"}],"version-history":[{"count":4,"href":"https:\/\/pc.sc.gov.br\/index.php?rest_route=\/wp\/v2\/posts\/19286\/revisions"}],"predecessor-version":[{"id":19299,"href":"https:\/\/pc.sc.gov.br\/index.php?rest_route=\/wp\/v2\/posts\/19286\/revisions\/19299"}],"wp:featuredmedia":[{"embeddable":true,"href":"https:\/\/pc.sc.gov.br\/index.php?rest_route=\/wp\/v2\/media\/19287"}],"wp:attachment":[{"href":"https:\/\/pc.sc.gov.br\/index.php?rest_route=%2Fwp%2Fv2%2Fmedia&parent=19286"}],"wp:term":[{"taxonomy":"category","embeddable":true,"href":"https:\/\/pc.sc.gov.br\/index.php?rest_route=%2Fwp%2Fv2%2Fcategories&post=19286"},{"taxonomy":"post_tag","embeddable":true,"href":"https:\/\/pc.sc.gov.br\/index.php?rest_route=%2Fwp%2Fv2%2Ftags&post=19286"}],"curies":[{"name":"wp","href":"https:\/\/api.w.org\/{rel}","templated":true}]}}