{"id":19289,"date":"2024-04-18T16:37:05","date_gmt":"2024-04-18T19:37:05","guid":{"rendered":"https:\/\/pc.sc.gov.br\/?p=19289"},"modified":"2024-04-18T16:40:12","modified_gmt":"2024-04-18T19:40:12","slug":"dfrv-deic-recupera-veiculo-roubado-no-rio-de-janeiro-e-prende-receptador-em-itajai","status":"publish","type":"post","link":"https:\/\/pc.sc.gov.br\/?p=19289","title":{"rendered":"DFRV\/DEIC recupera ve\u00edculo roubado no Rio de Janeiro e prende receptador em Itaja\u00ed"},"content":{"rendered":"\t\t<div data-elementor-type=\"wp-post\" data-elementor-id=\"19289\" class=\"elementor elementor-19289\" data-elementor-post-type=\"post\">\n\t\t\t\t\t\t<section class=\"elementor-section elementor-top-section elementor-element elementor-element-edef66b elementor-section-boxed elementor-section-height-default elementor-section-height-default\" data-id=\"edef66b\" data-element_type=\"section\">\n\t\t\t\t\t\t<div class=\"elementor-container elementor-column-gap-default\">\n\t\t\t\t\t<div class=\"elementor-column elementor-col-100 elementor-top-column elementor-element elementor-element-513f346\" data-id=\"513f346\" data-element_type=\"column\">\n\t\t\t<div class=\"elementor-widget-wrap elementor-element-populated\">\n\t\t\t\t\t\t<div class=\"elementor-element elementor-element-a2f4d0f elementor-widget elementor-widget-heading\" data-id=\"a2f4d0f\" data-element_type=\"widget\" data-widget_type=\"heading.default\">\n\t\t\t\t<div class=\"elementor-widget-container\">\n\t\t\t\t\t<h2 class=\"elementor-heading-title elementor-size-default\">DFRV\/DEIC recupera ve\u00edculo roubado no Rio de Janeiro e prende receptador em Itaja\u00ed<\/h2>\t\t\t\t<\/div>\n\t\t\t\t<\/div>\n\t\t\t\t\t<\/div>\n\t\t<\/div>\n\t\t\t\t\t<\/div>\n\t\t<\/section>\n\t\t\t\t<section class=\"elementor-section elementor-top-section elementor-element elementor-element-19f9b6c elementor-section-boxed elementor-section-height-default elementor-section-height-default\" data-id=\"19f9b6c\" data-element_type=\"section\">\n\t\t\t\t\t\t<div class=\"elementor-container elementor-column-gap-default\">\n\t\t\t\t\t<div class=\"elementor-column elementor-col-100 elementor-top-column elementor-element elementor-element-6e7ef9f\" data-id=\"6e7ef9f\" data-element_type=\"column\">\n\t\t\t<div class=\"elementor-widget-wrap elementor-element-populated\">\n\t\t\t\t\t\t<div class=\"elementor-element elementor-element-cfc12bf elementor-widget elementor-widget-image\" data-id=\"cfc12bf\" data-element_type=\"widget\" data-widget_type=\"image.default\">\n\t\t\t\t<div class=\"elementor-widget-container\">\n\t\t\t\t\t\t\t\t\t\t\t\t\t\t\t<img fetchpriority=\"high\" decoding=\"async\" width=\"696\" height=\"584\" src=\"https:\/\/pc.sc.gov.br\/\/wp-content\/uploads\/2024\/04\/WhatsApp-Image-2024-03-14-at-1.40.07-PM-1-fotor-20240418163818.jpg\" class=\"attachment-large size-large wp-image-19292\" alt=\"\" srcset=\"https:\/\/pc.sc.gov.br\/\/wp-content\/uploads\/2024\/04\/WhatsApp-Image-2024-03-14-at-1.40.07-PM-1-fotor-20240418163818.jpg 717w, https:\/\/pc.sc.gov.br\/\/wp-content\/uploads\/2024\/04\/WhatsApp-Image-2024-03-14-at-1.40.07-PM-1-fotor-20240418163818-300x252.jpg 300w\" sizes=\"(max-width: 696px) 100vw, 696px\" \/>\t\t\t\t\t\t\t\t\t\t\t\t\t\t\t<\/div>\n\t\t\t\t<\/div>\n\t\t\t\t\t<\/div>\n\t\t<\/div>\n\t\t\t\t\t<\/div>\n\t\t<\/section>\n\t\t\t\t<section class=\"elementor-section elementor-top-section elementor-element elementor-element-3f8170f elementor-section-boxed elementor-section-height-default elementor-section-height-default\" data-id=\"3f8170f\" data-element_type=\"section\">\n\t\t\t\t\t\t<div class=\"elementor-container elementor-column-gap-default\">\n\t\t\t\t\t<div class=\"elementor-column elementor-col-100 elementor-top-column elementor-element elementor-element-149b285\" data-id=\"149b285\" data-element_type=\"column\">\n\t\t\t<div class=\"elementor-widget-wrap elementor-element-populated\">\n\t\t\t\t\t\t<div class=\"elementor-element elementor-element-9046c03 elementor-widget elementor-widget-text-editor\" data-id=\"9046c03\" data-element_type=\"widget\" data-widget_type=\"text-editor.default\">\n\t\t\t\t<div class=\"elementor-widget-container\">\n\t\t\t\t\t\t\t\t\t<p>A Pol\u00edcia Civil de Santa Catarina, por interm\u00e9dio da Delegacia de Furtos e Roubos de Ve\u00edculos (DFRV\/DEIC), em trabalho conjunto com a Pol\u00edcia Civil de Minas Gerais e Guarda Municipal de Itaja\u00ed, prendeu na quarta-feira (17) um receptador e recuperou ve\u00edculo JEEP COMPASS que havia sido roubado no Rio de Janeiro<\/p>\n<p>Dando continuidade aos trabalhos referentes a ve\u00edculos roubados\/clonados em tr\u00e2mite na DFRV\/DEIC, ap\u00f3s troca de informa\u00e7\u00f5es entre as for\u00e7as de seguran\u00e7a citadas,&nbsp; dilig\u00eancias passaram a ser realizadas constatando-se que o ve\u00edculo estava em circula\u00e7\u00e3o na regi\u00e3o de Itaja\u00ed.<\/p>\n<p>Ap\u00f3s localiza\u00e7\u00e3o e posterior abordagem foi realizada per\u00edcia preliminar sendo verificado que o ve\u00edculo apresentava adultera\u00e7\u00e3o em seus sinais identificadores e correspondia a ve\u00edculo roubado no Rio de Janeiro.&nbsp;<span style=\"font-family: var( --e-global-typography-text-font-family ), Sans-serif; font-size: var( --e-global-typography-text-font-size );\">Confirmada as adultera\u00e7\u00f5es e diante da situa\u00e7\u00e3o de flagrante, o autor foi encaminhado para a CPP de Itaja\u00ed para formaliza\u00e7\u00e3o dos procedimentos.&nbsp;<\/span><span style=\"color: var( --e-global-color-text ); font-family: var( --e-global-typography-primary-font-family ), Sans-serif; font-size: var( --e-global-typography-primary-font-size ); font-weight: var( --e-global-typography-primary-font-weight ); letter-spacing: var( --e-global-typography-primary-letter-spacing );\">&nbsp;<\/span><\/p>\t\t\t\t\t\t\t\t<\/div>\n\t\t\t\t<\/div>\n\t\t\t\t\t<\/div>\n\t\t<\/div>\n\t\t\t\t\t<\/div>\n\t\t<\/section>\n\t\t\t\t<\/div>\n\t\t","protected":false},"excerpt":{"rendered":"<p>DFRV\/DEIC recupera ve\u00edculo roubado no Rio de Janeiro e prende receptador em Itaja\u00ed A Pol\u00edcia Civil de Santa Catarina, por interm\u00e9dio da Delegacia de Furtos e Roubos de Ve\u00edculos (DFRV\/DEIC), em trabalho conjunto com a Pol\u00edcia Civil de Minas Gerais e Guarda Municipal de Itaja\u00ed, prendeu na quarta-feira (17) um receptador e recuperou ve\u00edculo JEEP [&hellip;]<\/p>\n","protected":false},"author":5,"featured_media":19290,"comment_status":"closed","ping_status":"open","sticky":false,"template":"","format":"standard","meta":{"_monsterinsights_skip_tracking":false,"_monsterinsights_sitenote_active":false,"_monsterinsights_sitenote_note":"","_monsterinsights_sitenote_category":0,"footnotes":""},"categories":[1],"tags":[],"class_list":["post-19289","post","type-post","status-publish","format-standard","has-post-thumbnail","hentry","category-sem-categoria"],"_links":{"self":[{"href":"https:\/\/pc.sc.gov.br\/index.php?rest_route=\/wp\/v2\/posts\/19289","targetHints":{"allow":["GET"]}}],"collection":[{"href":"https:\/\/pc.sc.gov.br\/index.php?rest_route=\/wp\/v2\/posts"}],"about":[{"href":"https:\/\/pc.sc.gov.br\/index.php?rest_route=\/wp\/v2\/types\/post"}],"author":[{"embeddable":true,"href":"https:\/\/pc.sc.gov.br\/index.php?rest_route=\/wp\/v2\/users\/5"}],"replies":[{"embeddable":true,"href":"https:\/\/pc.sc.gov.br\/index.php?rest_route=%2Fwp%2Fv2%2Fcomments&post=19289"}],"version-history":[{"count":4,"href":"https:\/\/pc.sc.gov.br\/index.php?rest_route=\/wp\/v2\/posts\/19289\/revisions"}],"predecessor-version":[{"id":19295,"href":"https:\/\/pc.sc.gov.br\/index.php?rest_route=\/wp\/v2\/posts\/19289\/revisions\/19295"}],"wp:featuredmedia":[{"embeddable":true,"href":"https:\/\/pc.sc.gov.br\/index.php?rest_route=\/wp\/v2\/media\/19290"}],"wp:attachment":[{"href":"https:\/\/pc.sc.gov.br\/index.php?rest_route=%2Fwp%2Fv2%2Fmedia&parent=19289"}],"wp:term":[{"taxonomy":"category","embeddable":true,"href":"https:\/\/pc.sc.gov.br\/index.php?rest_route=%2Fwp%2Fv2%2Fcategories&post=19289"},{"taxonomy":"post_tag","embeddable":true,"href":"https:\/\/pc.sc.gov.br\/index.php?rest_route=%2Fwp%2Fv2%2Ftags&post=19289"}],"curies":[{"name":"wp","href":"https:\/\/api.w.org\/{rel}","templated":true}]}}