{"id":19300,"date":"2024-04-18T17:09:14","date_gmt":"2024-04-18T20:09:14","guid":{"rendered":"https:\/\/pc.sc.gov.br\/?p=19300"},"modified":"2024-04-18T17:12:33","modified_gmt":"2024-04-18T20:12:33","slug":"em-rio-negrinho-policia-civil-fecha-ponto-de-trafico-apreende-adolescente-arma-e-drogas","status":"publish","type":"post","link":"https:\/\/pc.sc.gov.br\/?p=19300","title":{"rendered":"Em Rio Negrinho, Pol\u00edcia Civil fecha ponto de tr\u00e1fico, apreende adolescente, arma e drogas"},"content":{"rendered":"\t\t<div data-elementor-type=\"wp-post\" data-elementor-id=\"19300\" class=\"elementor elementor-19300\" data-elementor-post-type=\"post\">\n\t\t\t\t\t\t<section class=\"elementor-section elementor-top-section elementor-element elementor-element-9ed0b24 elementor-section-boxed elementor-section-height-default elementor-section-height-default\" data-id=\"9ed0b24\" data-element_type=\"section\">\n\t\t\t\t\t\t<div class=\"elementor-container elementor-column-gap-default\">\n\t\t\t\t\t<div class=\"elementor-column elementor-col-100 elementor-top-column elementor-element elementor-element-784f529\" data-id=\"784f529\" data-element_type=\"column\">\n\t\t\t<div class=\"elementor-widget-wrap elementor-element-populated\">\n\t\t\t\t\t\t<div class=\"elementor-element elementor-element-ecfeebd elementor-widget elementor-widget-heading\" data-id=\"ecfeebd\" data-element_type=\"widget\" data-widget_type=\"heading.default\">\n\t\t\t\t<div class=\"elementor-widget-container\">\n\t\t\t\t\t<h2 class=\"elementor-heading-title elementor-size-default\">Em Rio Negrinho, Pol\u00edcia Civil fecha ponto de tr\u00e1fico, apreende adolescente, arma e drogas<\/h2>\t\t\t\t<\/div>\n\t\t\t\t<\/div>\n\t\t\t\t\t<\/div>\n\t\t<\/div>\n\t\t\t\t\t<\/div>\n\t\t<\/section>\n\t\t\t\t<section class=\"elementor-section elementor-top-section elementor-element elementor-element-0ffc996 elementor-section-boxed elementor-section-height-default elementor-section-height-default\" data-id=\"0ffc996\" data-element_type=\"section\">\n\t\t\t\t\t\t<div class=\"elementor-container elementor-column-gap-default\">\n\t\t\t\t\t<div class=\"elementor-column elementor-col-100 elementor-top-column elementor-element elementor-element-eba0376\" data-id=\"eba0376\" data-element_type=\"column\">\n\t\t\t<div class=\"elementor-widget-wrap elementor-element-populated\">\n\t\t\t\t\t\t<div class=\"elementor-element elementor-element-21fc010 elementor-widget elementor-widget-image\" data-id=\"21fc010\" data-element_type=\"widget\" data-widget_type=\"image.default\">\n\t\t\t\t<div class=\"elementor-widget-container\">\n\t\t\t\t\t\t\t\t\t\t\t\t\t\t\t<img fetchpriority=\"high\" decoding=\"async\" width=\"696\" height=\"457\" src=\"https:\/\/pc.sc.gov.br\/\/wp-content\/uploads\/2024\/04\/WhatsApp-Image-2024-01-30-at-16.33.05-fotor-20240307163225-1-1024x672.jpg\" class=\"attachment-large size-large wp-image-19301\" alt=\"\" srcset=\"https:\/\/pc.sc.gov.br\/\/wp-content\/uploads\/2024\/04\/WhatsApp-Image-2024-01-30-at-16.33.05-fotor-20240307163225-1-1024x672.jpg 1024w, https:\/\/pc.sc.gov.br\/\/wp-content\/uploads\/2024\/04\/WhatsApp-Image-2024-01-30-at-16.33.05-fotor-20240307163225-1-300x197.jpg 300w, https:\/\/pc.sc.gov.br\/\/wp-content\/uploads\/2024\/04\/WhatsApp-Image-2024-01-30-at-16.33.05-fotor-20240307163225-1-768x504.jpg 768w, https:\/\/pc.sc.gov.br\/\/wp-content\/uploads\/2024\/04\/WhatsApp-Image-2024-01-30-at-16.33.05-fotor-20240307163225-1.jpg 1075w\" sizes=\"(max-width: 696px) 100vw, 696px\" \/>\t\t\t\t\t\t\t\t\t\t\t\t\t\t\t<\/div>\n\t\t\t\t<\/div>\n\t\t\t\t\t<\/div>\n\t\t<\/div>\n\t\t\t\t\t<\/div>\n\t\t<\/section>\n\t\t\t\t<section class=\"elementor-section elementor-top-section elementor-element elementor-element-a76b50e elementor-section-boxed elementor-section-height-default elementor-section-height-default\" data-id=\"a76b50e\" data-element_type=\"section\">\n\t\t\t\t\t\t<div class=\"elementor-container elementor-column-gap-default\">\n\t\t\t\t\t<div class=\"elementor-column elementor-col-100 elementor-top-column elementor-element elementor-element-acdbcd5\" data-id=\"acdbcd5\" data-element_type=\"column\">\n\t\t\t<div class=\"elementor-widget-wrap elementor-element-populated\">\n\t\t\t\t\t\t<div class=\"elementor-element elementor-element-972fb00 elementor-widget elementor-widget-text-editor\" data-id=\"972fb00\" data-element_type=\"widget\" data-widget_type=\"text-editor.default\">\n\t\t\t\t<div class=\"elementor-widget-container\">\n\t\t\t\t\t\t\t\t\t<p>A Pol\u00edcia Civil de Rio Negrinho, na tarde de ontem, cumpriu mandado de busca e apreens\u00e3o em uma resid\u00eancia no bairro Vila Nova, que era utilizada como ponto de venda de entorpecentes.<\/p><p>Ap\u00f3s investiga\u00e7\u00f5es, a Pol\u00edcia Civil observou intensa movimenta\u00e7\u00e3o de usu\u00e1rios no local, onde compravam entorpecentes, sendo ent\u00e3o representada pela expedi\u00e7\u00e3o de mandado de busca e apreens\u00e3o, que foi deferido e cumprido, com aux\u00edlio da Pol\u00edcia Militar.<\/p><p>No local foram apreendidos 253 comprimidos de ecstasy, 44g de crack, 14g de coca\u00edna, 15g de maconha, um rev\u00f3lver calibre .44 municiado, uma balan\u00e7a de precis\u00e3o, um r\u00e1dio comunicador na frequ\u00eancia da Pol\u00edcia Militar e 367 pinos pr\u00f3prios para acondicionar coca\u00edna.<\/p><p>Diante das circunst\u00e2ncias e ind\u00edcios suficientes da pr\u00e1tica de tr\u00e1fico no local, o adolescente respons\u00e1vel pelo ponto foi conduzido \u00e0 Delegacia de Pol\u00edcia, onde ir\u00e1 responder pela pr\u00e1tica de ato infracional an\u00e1logo aos crimes de tr\u00e1fico de entorpecentes e posse ilegal de arma de fogo de uso restrito.<\/p>\t\t\t\t\t\t\t\t<\/div>\n\t\t\t\t<\/div>\n\t\t\t\t\t<\/div>\n\t\t<\/div>\n\t\t\t\t\t<\/div>\n\t\t<\/section>\n\t\t\t\t<\/div>\n\t\t","protected":false},"excerpt":{"rendered":"<p>Em Rio Negrinho, Pol\u00edcia Civil fecha ponto de tr\u00e1fico, apreende adolescente, arma e drogas A Pol\u00edcia Civil de Rio Negrinho, na tarde de ontem, cumpriu mandado de busca e apreens\u00e3o em uma resid\u00eancia no bairro Vila Nova, que era utilizada como ponto de venda de entorpecentes. Ap\u00f3s investiga\u00e7\u00f5es, a Pol\u00edcia Civil observou intensa movimenta\u00e7\u00e3o de [&hellip;]<\/p>\n","protected":false},"author":5,"featured_media":19301,"comment_status":"closed","ping_status":"open","sticky":false,"template":"","format":"standard","meta":{"_monsterinsights_skip_tracking":false,"_monsterinsights_sitenote_active":false,"_monsterinsights_sitenote_note":"","_monsterinsights_sitenote_category":0,"footnotes":""},"categories":[1],"tags":[],"class_list":["post-19300","post","type-post","status-publish","format-standard","has-post-thumbnail","hentry","category-sem-categoria"],"_links":{"self":[{"href":"https:\/\/pc.sc.gov.br\/index.php?rest_route=\/wp\/v2\/posts\/19300","targetHints":{"allow":["GET"]}}],"collection":[{"href":"https:\/\/pc.sc.gov.br\/index.php?rest_route=\/wp\/v2\/posts"}],"about":[{"href":"https:\/\/pc.sc.gov.br\/index.php?rest_route=\/wp\/v2\/types\/post"}],"author":[{"embeddable":true,"href":"https:\/\/pc.sc.gov.br\/index.php?rest_route=\/wp\/v2\/users\/5"}],"replies":[{"embeddable":true,"href":"https:\/\/pc.sc.gov.br\/index.php?rest_route=%2Fwp%2Fv2%2Fcomments&post=19300"}],"version-history":[{"count":3,"href":"https:\/\/pc.sc.gov.br\/index.php?rest_route=\/wp\/v2\/posts\/19300\/revisions"}],"predecessor-version":[{"id":19304,"href":"https:\/\/pc.sc.gov.br\/index.php?rest_route=\/wp\/v2\/posts\/19300\/revisions\/19304"}],"wp:featuredmedia":[{"embeddable":true,"href":"https:\/\/pc.sc.gov.br\/index.php?rest_route=\/wp\/v2\/media\/19301"}],"wp:attachment":[{"href":"https:\/\/pc.sc.gov.br\/index.php?rest_route=%2Fwp%2Fv2%2Fmedia&parent=19300"}],"wp:term":[{"taxonomy":"category","embeddable":true,"href":"https:\/\/pc.sc.gov.br\/index.php?rest_route=%2Fwp%2Fv2%2Fcategories&post=19300"},{"taxonomy":"post_tag","embeddable":true,"href":"https:\/\/pc.sc.gov.br\/index.php?rest_route=%2Fwp%2Fv2%2Ftags&post=19300"}],"curies":[{"name":"wp","href":"https:\/\/api.w.org\/{rel}","templated":true}]}}