{"id":19312,"date":"2024-04-19T13:54:30","date_gmt":"2024-04-19T16:54:30","guid":{"rendered":"https:\/\/pc.sc.gov.br\/?p=19312"},"modified":"2024-04-19T13:55:30","modified_gmt":"2024-04-19T16:55:30","slug":"em-ascurra-policia-civil-prende-duas-pessoas-investigadas-por-trafico-de-drogas-e-associacao-para-o-trafico","status":"publish","type":"post","link":"https:\/\/pc.sc.gov.br\/?p=19312","title":{"rendered":"Em Ascurra, Pol\u00edcia Civil prende duas pessoas investigadas por tr\u00e1fico de drogas e associa\u00e7\u00e3o para o tr\u00e1fico"},"content":{"rendered":"\t\t<div data-elementor-type=\"wp-post\" data-elementor-id=\"19312\" class=\"elementor elementor-19312\" data-elementor-post-type=\"post\">\n\t\t\t\t\t\t<section class=\"elementor-section elementor-top-section elementor-element elementor-element-06caf56 elementor-section-boxed elementor-section-height-default elementor-section-height-default\" data-id=\"06caf56\" data-element_type=\"section\">\n\t\t\t\t\t\t<div class=\"elementor-container elementor-column-gap-default\">\n\t\t\t\t\t<div class=\"elementor-column elementor-col-100 elementor-top-column elementor-element elementor-element-fa1ca43\" data-id=\"fa1ca43\" data-element_type=\"column\">\n\t\t\t<div class=\"elementor-widget-wrap elementor-element-populated\">\n\t\t\t\t\t\t<div class=\"elementor-element elementor-element-c16a117 elementor-widget elementor-widget-heading\" data-id=\"c16a117\" data-element_type=\"widget\" data-widget_type=\"heading.default\">\n\t\t\t\t<div class=\"elementor-widget-container\">\n\t\t\t\t\t<h2 class=\"elementor-heading-title elementor-size-default\">Em Ascurra, Pol\u00edcia Civil prende duas pessoas investigadas por tr\u00e1fico de drogas e associa\u00e7\u00e3o para o tr\u00e1fico<\/h2>\t\t\t\t<\/div>\n\t\t\t\t<\/div>\n\t\t\t\t\t<\/div>\n\t\t<\/div>\n\t\t\t\t\t<\/div>\n\t\t<\/section>\n\t\t\t\t<section class=\"elementor-section elementor-top-section elementor-element elementor-element-1743c6c elementor-section-boxed elementor-section-height-default elementor-section-height-default\" data-id=\"1743c6c\" data-element_type=\"section\">\n\t\t\t\t\t\t<div class=\"elementor-container elementor-column-gap-default\">\n\t\t\t\t\t<div class=\"elementor-column elementor-col-100 elementor-top-column elementor-element elementor-element-53c5dbe\" data-id=\"53c5dbe\" data-element_type=\"column\">\n\t\t\t<div class=\"elementor-widget-wrap elementor-element-populated\">\n\t\t\t\t\t\t<div class=\"elementor-element elementor-element-f4fbc2c elementor-widget elementor-widget-image\" data-id=\"f4fbc2c\" data-element_type=\"widget\" data-widget_type=\"image.default\">\n\t\t\t\t<div class=\"elementor-widget-container\">\n\t\t\t\t\t\t\t\t\t\t\t\t\t\t\t<img fetchpriority=\"high\" decoding=\"async\" width=\"696\" height=\"522\" src=\"https:\/\/pc.sc.gov.br\/\/wp-content\/uploads\/2024\/04\/WhatsApp-Image-2024-04-19-at-12.26.50-1024x768.jpeg\" class=\"attachment-large size-large wp-image-19313\" alt=\"\" srcset=\"https:\/\/pc.sc.gov.br\/\/wp-content\/uploads\/2024\/04\/WhatsApp-Image-2024-04-19-at-12.26.50-1024x768.jpeg 1024w, https:\/\/pc.sc.gov.br\/\/wp-content\/uploads\/2024\/04\/WhatsApp-Image-2024-04-19-at-12.26.50-300x225.jpeg 300w, https:\/\/pc.sc.gov.br\/\/wp-content\/uploads\/2024\/04\/WhatsApp-Image-2024-04-19-at-12.26.50-768x576.jpeg 768w, https:\/\/pc.sc.gov.br\/\/wp-content\/uploads\/2024\/04\/WhatsApp-Image-2024-04-19-at-12.26.50-1536x1152.jpeg 1536w, https:\/\/pc.sc.gov.br\/\/wp-content\/uploads\/2024\/04\/WhatsApp-Image-2024-04-19-at-12.26.50.jpeg 1600w\" sizes=\"(max-width: 696px) 100vw, 696px\" \/>\t\t\t\t\t\t\t\t\t\t\t\t\t\t\t<\/div>\n\t\t\t\t<\/div>\n\t\t\t\t\t<\/div>\n\t\t<\/div>\n\t\t\t\t\t<\/div>\n\t\t<\/section>\n\t\t\t\t<section class=\"elementor-section elementor-top-section elementor-element elementor-element-50413ba elementor-section-boxed elementor-section-height-default elementor-section-height-default\" data-id=\"50413ba\" data-element_type=\"section\">\n\t\t\t\t\t\t<div class=\"elementor-container elementor-column-gap-default\">\n\t\t\t\t\t<div class=\"elementor-column elementor-col-100 elementor-top-column elementor-element elementor-element-648a2a7\" data-id=\"648a2a7\" data-element_type=\"column\">\n\t\t\t<div class=\"elementor-widget-wrap elementor-element-populated\">\n\t\t\t\t\t\t<div class=\"elementor-element elementor-element-b67135a elementor-widget elementor-widget-text-editor\" data-id=\"b67135a\" data-element_type=\"widget\" data-widget_type=\"text-editor.default\">\n\t\t\t\t<div class=\"elementor-widget-container\">\n\t\t\t\t\t\t\t\t\t<p>A Pol\u00edcia Civil de Santa Catarina, por meio da Delegacia de Pol\u00edcia Civil da Comarca de Ascurra, com apoio das Delegacias de Indaial e Timb\u00f3, e do N\u00facleo de Opera\u00e7\u00f5es com C\u00e3es de Joinville, deu cumprimento nesta sexta-feira (19) a tr\u00eas mandados de busca e apreens\u00e3o domiciliar em resid\u00eancias localizadas no bairro Tamandu\u00e1, em Ascurra. Duas pessoas foram presas, sendo uma porte ilegal de arma e, a outra, por posse de drogas<\/p>\n<p>Durante buscas em um im\u00f3vel foi encontrado um rifle, calibre .22 e 75 muni\u00e7\u00f5es e o investigado restou preso em flagrante delito pelo crime de posse irregular de arma de fogo de uso restrito (com numera\u00e7\u00e3o suprimida ou adulterada).<\/p>\n<p>Em outro im\u00f3vel, tamb\u00e9m em Ascurra, foi encontrada uma quantidade de subst\u00e2ncia an\u00e1loga \u00e0 maconha e uma balan\u00e7a de precis\u00e3o. No local, um homem foi preso em flagrante pelo crime de tr\u00e1fico de drogas. Ainda, em um terceiro im\u00f3vel, foi apreendida uma quantidade de drogas.<\/p>\n<p>Os alvos dos mandados de busca e apreens\u00e3o domiciliar s\u00e3o investigados pelos crimes de tr\u00e1fico de drogas e associa\u00e7\u00e3o para o tr\u00e1fico, principalmente na cidade de Ascurra. Ap\u00f3s a lavratura dos procedimentos na delegacia, os presos foram encaminhados ao sistema penitenci\u00e1rio catarinense.<\/p>\n<p><b>Colabore com a Pol\u00edcia Civil, por interm\u00e9dio da delegacia de Ascurra &#8211; den\u00fancias podem ser encaminhadas para o telefone (47)-99793-6769. Sigilo absoluto.<\/b><\/p>\n<div>&nbsp;<\/div>\t\t\t\t\t\t\t\t<\/div>\n\t\t\t\t<\/div>\n\t\t\t\t\t<\/div>\n\t\t<\/div>\n\t\t\t\t\t<\/div>\n\t\t<\/section>\n\t\t\t\t<\/div>\n\t\t","protected":false},"excerpt":{"rendered":"<p>Em Ascurra, Pol\u00edcia Civil prende duas pessoas investigadas por tr\u00e1fico de drogas e associa\u00e7\u00e3o para o tr\u00e1fico A Pol\u00edcia Civil de Santa Catarina, por meio da Delegacia de Pol\u00edcia Civil da Comarca de Ascurra, com apoio das Delegacias de Indaial e Timb\u00f3, e do N\u00facleo de Opera\u00e7\u00f5es com C\u00e3es de Joinville, deu cumprimento nesta sexta-feira [&hellip;]<\/p>\n","protected":false},"author":5,"featured_media":19313,"comment_status":"closed","ping_status":"open","sticky":false,"template":"","format":"standard","meta":{"_monsterinsights_skip_tracking":false,"_monsterinsights_sitenote_active":false,"_monsterinsights_sitenote_note":"","_monsterinsights_sitenote_category":0,"footnotes":""},"categories":[1],"tags":[],"class_list":["post-19312","post","type-post","status-publish","format-standard","has-post-thumbnail","hentry","category-sem-categoria"],"_links":{"self":[{"href":"https:\/\/pc.sc.gov.br\/index.php?rest_route=\/wp\/v2\/posts\/19312","targetHints":{"allow":["GET"]}}],"collection":[{"href":"https:\/\/pc.sc.gov.br\/index.php?rest_route=\/wp\/v2\/posts"}],"about":[{"href":"https:\/\/pc.sc.gov.br\/index.php?rest_route=\/wp\/v2\/types\/post"}],"author":[{"embeddable":true,"href":"https:\/\/pc.sc.gov.br\/index.php?rest_route=\/wp\/v2\/users\/5"}],"replies":[{"embeddable":true,"href":"https:\/\/pc.sc.gov.br\/index.php?rest_route=%2Fwp%2Fv2%2Fcomments&post=19312"}],"version-history":[{"count":4,"href":"https:\/\/pc.sc.gov.br\/index.php?rest_route=\/wp\/v2\/posts\/19312\/revisions"}],"predecessor-version":[{"id":19317,"href":"https:\/\/pc.sc.gov.br\/index.php?rest_route=\/wp\/v2\/posts\/19312\/revisions\/19317"}],"wp:featuredmedia":[{"embeddable":true,"href":"https:\/\/pc.sc.gov.br\/index.php?rest_route=\/wp\/v2\/media\/19313"}],"wp:attachment":[{"href":"https:\/\/pc.sc.gov.br\/index.php?rest_route=%2Fwp%2Fv2%2Fmedia&parent=19312"}],"wp:term":[{"taxonomy":"category","embeddable":true,"href":"https:\/\/pc.sc.gov.br\/index.php?rest_route=%2Fwp%2Fv2%2Fcategories&post=19312"},{"taxonomy":"post_tag","embeddable":true,"href":"https:\/\/pc.sc.gov.br\/index.php?rest_route=%2Fwp%2Fv2%2Ftags&post=19312"}],"curies":[{"name":"wp","href":"https:\/\/api.w.org\/{rel}","templated":true}]}}