{"id":19318,"date":"2024-04-19T14:50:56","date_gmt":"2024-04-19T17:50:56","guid":{"rendered":"https:\/\/pc.sc.gov.br\/?p=19318"},"modified":"2024-04-19T14:54:39","modified_gmt":"2024-04-19T17:54:39","slug":"policia-civil-investiga-dono-de-loja-de-moveis-que-pode-ter-provocado-prejuizo-a-clientes-que-ultrapassam-r-5-milhoes-em-chapeco","status":"publish","type":"post","link":"https:\/\/pc.sc.gov.br\/?p=19318","title":{"rendered":"Pol\u00edcia Civil investiga dono de loja de m\u00f3veis que pode ter provocado preju\u00edzo a clientes que ultrapassam R$ 5 milh\u00f5es em Chapec\u00f3"},"content":{"rendered":"\t\t<div data-elementor-type=\"wp-post\" data-elementor-id=\"19318\" class=\"elementor elementor-19318\" data-elementor-post-type=\"post\">\n\t\t\t\t\t\t<section class=\"elementor-section elementor-top-section elementor-element elementor-element-8b08738 elementor-section-boxed elementor-section-height-default elementor-section-height-default\" data-id=\"8b08738\" data-element_type=\"section\">\n\t\t\t\t\t\t<div class=\"elementor-container elementor-column-gap-default\">\n\t\t\t\t\t<div class=\"elementor-column elementor-col-100 elementor-top-column elementor-element elementor-element-6f32b7c\" data-id=\"6f32b7c\" data-element_type=\"column\">\n\t\t\t<div class=\"elementor-widget-wrap elementor-element-populated\">\n\t\t\t\t\t\t<div class=\"elementor-element elementor-element-6672ade elementor-widget elementor-widget-heading\" data-id=\"6672ade\" data-element_type=\"widget\" data-widget_type=\"heading.default\">\n\t\t\t\t<div class=\"elementor-widget-container\">\n\t\t\t\t\t<h2 class=\"elementor-heading-title elementor-size-default\">Pol\u00edcia Civil investiga dono de loja de m\u00f3veis que pode ter provocado preju\u00edzo a clientes que ultrapassam R$ 5 milh\u00f5es em Chapec\u00f3<\/h2>\t\t\t\t<\/div>\n\t\t\t\t<\/div>\n\t\t\t\t\t<\/div>\n\t\t<\/div>\n\t\t\t\t\t<\/div>\n\t\t<\/section>\n\t\t\t\t<section class=\"elementor-section elementor-top-section elementor-element elementor-element-71a56c9 elementor-section-boxed elementor-section-height-default elementor-section-height-default\" data-id=\"71a56c9\" data-element_type=\"section\">\n\t\t\t\t\t\t<div class=\"elementor-container elementor-column-gap-default\">\n\t\t\t\t\t<div class=\"elementor-column elementor-col-100 elementor-top-column elementor-element elementor-element-9899856\" data-id=\"9899856\" data-element_type=\"column\">\n\t\t\t<div class=\"elementor-widget-wrap elementor-element-populated\">\n\t\t\t\t\t\t<div class=\"elementor-element elementor-element-24224b4 elementor-widget elementor-widget-image\" data-id=\"24224b4\" data-element_type=\"widget\" data-widget_type=\"image.default\">\n\t\t\t\t<div class=\"elementor-widget-container\">\n\t\t\t\t\t\t\t\t\t\t\t\t\t\t\t<img fetchpriority=\"high\" decoding=\"async\" width=\"696\" height=\"466\" src=\"https:\/\/pc.sc.gov.br\/\/wp-content\/uploads\/2024\/04\/WhatsApp-Image-2024-04-15-at-08.55.30-fotor-20240419145218-1024x686.jpg\" class=\"attachment-large size-large wp-image-19319\" alt=\"\" srcset=\"https:\/\/pc.sc.gov.br\/\/wp-content\/uploads\/2024\/04\/WhatsApp-Image-2024-04-15-at-08.55.30-fotor-20240419145218-1024x686.jpg 1024w, https:\/\/pc.sc.gov.br\/\/wp-content\/uploads\/2024\/04\/WhatsApp-Image-2024-04-15-at-08.55.30-fotor-20240419145218-300x201.jpg 300w, https:\/\/pc.sc.gov.br\/\/wp-content\/uploads\/2024\/04\/WhatsApp-Image-2024-04-15-at-08.55.30-fotor-20240419145218-768x514.jpg 768w, https:\/\/pc.sc.gov.br\/\/wp-content\/uploads\/2024\/04\/WhatsApp-Image-2024-04-15-at-08.55.30-fotor-20240419145218.jpg 1189w\" sizes=\"(max-width: 696px) 100vw, 696px\" \/>\t\t\t\t\t\t\t\t\t\t\t\t\t\t\t<\/div>\n\t\t\t\t<\/div>\n\t\t\t\t\t<\/div>\n\t\t<\/div>\n\t\t\t\t\t<\/div>\n\t\t<\/section>\n\t\t\t\t<section class=\"elementor-section elementor-top-section elementor-element elementor-element-cc5d43b elementor-section-boxed elementor-section-height-default elementor-section-height-default\" data-id=\"cc5d43b\" data-element_type=\"section\">\n\t\t\t\t\t\t<div class=\"elementor-container elementor-column-gap-default\">\n\t\t\t\t\t<div class=\"elementor-column elementor-col-100 elementor-top-column elementor-element elementor-element-a833ebc\" data-id=\"a833ebc\" data-element_type=\"column\">\n\t\t\t<div class=\"elementor-widget-wrap elementor-element-populated\">\n\t\t\t\t\t\t<div class=\"elementor-element elementor-element-791ac26 elementor-widget elementor-widget-text-editor\" data-id=\"791ac26\" data-element_type=\"widget\" data-widget_type=\"text-editor.default\">\n\t\t\t\t<div class=\"elementor-widget-container\">\n\t\t\t\t\t\t\t\t\t<p>A Pol\u00edcia Civil de Chapec\u00f3 investiga suposto crime de estelionato cometido por um comerciante do ramo de m\u00f3veis, que possu\u00eda uma loja no Cento da cidade e uma f\u00e1brica de no bairro Efapi, causando preju\u00edzos ainda n\u00e3o calculados a clientes, fornecedores, funcion\u00e1rios e institui\u00e7\u00f5es financeiras. \u00c9 poss\u00edvel que os preju\u00edzos ultrapassem a cifra de R$ 5 milh\u00f5es.<\/p>\n<p>Mais de 20 boletins de ocorr\u00eancias j\u00e1 foram registrados relatando os preju\u00edzos financeiros, mas a pol\u00edcia calcula que o n\u00famero de v\u00edtimas seja muito maior.&nbsp;<span style=\"font-family: var( --e-global-typography-text-font-family ), Sans-serif; font-size: var( --e-global-typography-text-font-size );\">De acordo com os relatos registrados nas ocorr\u00eancias policiais as v\u00edtimas tiveram preju\u00edzos como: mercadorias pagas e n\u00e3o entregues, contrata\u00e7\u00e3o de fabrica\u00e7\u00e3o de m\u00f3veis pagos e n\u00e3o entregues, entrega de m\u00f3veis com defeitos n\u00e3o solucionados, entre outros.&nbsp;<\/span><\/p>\n<p>Os funcion\u00e1rios da empresa tamb\u00e9m registraram boletim de ocorr\u00eancia relatando que foram surpreendidos com o fechamento da loja e da f\u00e1brica e o desaparecimento do propriet\u00e1rio, pois est\u00e3o sem receber sal\u00e1rios, f\u00e9rias, 13\u00ba e comiss\u00f5es.&nbsp;<\/p>\n<p>A Pol\u00edcia Civil tamb\u00e9m investiga a a\u00e7\u00e3o de v\u00edtimas que depredaram o estabelecimento depois do desaparecimento do propriet\u00e1rio.<\/p>\t\t\t\t\t\t\t\t<\/div>\n\t\t\t\t<\/div>\n\t\t\t\t\t<\/div>\n\t\t<\/div>\n\t\t\t\t\t<\/div>\n\t\t<\/section>\n\t\t\t\t<\/div>\n\t\t","protected":false},"excerpt":{"rendered":"<p>Pol\u00edcia Civil investiga dono de loja de m\u00f3veis que pode ter provocado preju\u00edzo a clientes que ultrapassam R$ 5 milh\u00f5es em Chapec\u00f3 A Pol\u00edcia Civil de Chapec\u00f3 investiga suposto crime de estelionato cometido por um comerciante do ramo de m\u00f3veis, que possu\u00eda uma loja no Cento da cidade e uma f\u00e1brica de no bairro Efapi, [&hellip;]<\/p>\n","protected":false},"author":5,"featured_media":19319,"comment_status":"closed","ping_status":"open","sticky":false,"template":"","format":"standard","meta":{"_monsterinsights_skip_tracking":false,"_monsterinsights_sitenote_active":false,"_monsterinsights_sitenote_note":"","_monsterinsights_sitenote_category":0,"footnotes":""},"categories":[1],"tags":[],"class_list":["post-19318","post","type-post","status-publish","format-standard","has-post-thumbnail","hentry","category-sem-categoria"],"_links":{"self":[{"href":"https:\/\/pc.sc.gov.br\/index.php?rest_route=\/wp\/v2\/posts\/19318","targetHints":{"allow":["GET"]}}],"collection":[{"href":"https:\/\/pc.sc.gov.br\/index.php?rest_route=\/wp\/v2\/posts"}],"about":[{"href":"https:\/\/pc.sc.gov.br\/index.php?rest_route=\/wp\/v2\/types\/post"}],"author":[{"embeddable":true,"href":"https:\/\/pc.sc.gov.br\/index.php?rest_route=\/wp\/v2\/users\/5"}],"replies":[{"embeddable":true,"href":"https:\/\/pc.sc.gov.br\/index.php?rest_route=%2Fwp%2Fv2%2Fcomments&post=19318"}],"version-history":[{"count":3,"href":"https:\/\/pc.sc.gov.br\/index.php?rest_route=\/wp\/v2\/posts\/19318\/revisions"}],"predecessor-version":[{"id":19322,"href":"https:\/\/pc.sc.gov.br\/index.php?rest_route=\/wp\/v2\/posts\/19318\/revisions\/19322"}],"wp:featuredmedia":[{"embeddable":true,"href":"https:\/\/pc.sc.gov.br\/index.php?rest_route=\/wp\/v2\/media\/19319"}],"wp:attachment":[{"href":"https:\/\/pc.sc.gov.br\/index.php?rest_route=%2Fwp%2Fv2%2Fmedia&parent=19318"}],"wp:term":[{"taxonomy":"category","embeddable":true,"href":"https:\/\/pc.sc.gov.br\/index.php?rest_route=%2Fwp%2Fv2%2Fcategories&post=19318"},{"taxonomy":"post_tag","embeddable":true,"href":"https:\/\/pc.sc.gov.br\/index.php?rest_route=%2Fwp%2Fv2%2Ftags&post=19318"}],"curies":[{"name":"wp","href":"https:\/\/api.w.org\/{rel}","templated":true}]}}