{"id":19323,"date":"2024-04-19T15:43:10","date_gmt":"2024-04-19T18:43:10","guid":{"rendered":"https:\/\/pc.sc.gov.br\/?p=19323"},"modified":"2024-04-19T15:44:05","modified_gmt":"2024-04-19T18:44:05","slug":"dic-de-lages-prende-mais-dois-caixeiros-que-realizaram-furto-em-agencia-bancaria-de-alfredo-wagner","status":"publish","type":"post","link":"https:\/\/pc.sc.gov.br\/?p=19323","title":{"rendered":"DIC de Lages prende mais dois \u201ccaixeiros\u201d que realizaram furto em ag\u00eancia banc\u00e1ria de Alfredo Wagner"},"content":{"rendered":"\t\t<div data-elementor-type=\"wp-post\" data-elementor-id=\"19323\" class=\"elementor elementor-19323\" data-elementor-post-type=\"post\">\n\t\t\t\t\t\t<section class=\"elementor-section elementor-top-section elementor-element elementor-element-ac14a47 elementor-section-boxed elementor-section-height-default elementor-section-height-default\" data-id=\"ac14a47\" data-element_type=\"section\">\n\t\t\t\t\t\t<div class=\"elementor-container elementor-column-gap-default\">\n\t\t\t\t\t<div class=\"elementor-column elementor-col-100 elementor-top-column elementor-element elementor-element-c589d6f\" data-id=\"c589d6f\" data-element_type=\"column\">\n\t\t\t<div class=\"elementor-widget-wrap elementor-element-populated\">\n\t\t\t\t\t\t<div class=\"elementor-element elementor-element-5a35b86 elementor-widget elementor-widget-heading\" data-id=\"5a35b86\" data-element_type=\"widget\" data-widget_type=\"heading.default\">\n\t\t\t\t<div class=\"elementor-widget-container\">\n\t\t\t\t\t<h2 class=\"elementor-heading-title elementor-size-default\">DIC de Lages deflagra opera\u00e7\u00e3o e prende mais dois \u201ccaixeiros\u201d que realizaram furto em ag\u00eancia banc\u00e1ria de Alfredo Wagner<\/h2>\t\t\t\t<\/div>\n\t\t\t\t<\/div>\n\t\t\t\t\t<\/div>\n\t\t<\/div>\n\t\t\t\t\t<\/div>\n\t\t<\/section>\n\t\t\t\t<section class=\"elementor-section elementor-top-section elementor-element elementor-element-327f8c2 elementor-section-boxed elementor-section-height-default elementor-section-height-default\" data-id=\"327f8c2\" data-element_type=\"section\">\n\t\t\t\t\t\t<div class=\"elementor-container elementor-column-gap-default\">\n\t\t\t\t\t<div class=\"elementor-column elementor-col-100 elementor-top-column elementor-element elementor-element-418e401\" data-id=\"418e401\" data-element_type=\"column\">\n\t\t\t<div class=\"elementor-widget-wrap elementor-element-populated\">\n\t\t\t\t\t\t<div class=\"elementor-element elementor-element-d4d24da elementor-widget elementor-widget-image\" data-id=\"d4d24da\" data-element_type=\"widget\" data-widget_type=\"image.default\">\n\t\t\t\t<div class=\"elementor-widget-container\">\n\t\t\t\t\t\t\t\t\t\t\t\t\t\t\t<img fetchpriority=\"high\" decoding=\"async\" width=\"696\" height=\"435\" src=\"https:\/\/pc.sc.gov.br\/\/wp-content\/uploads\/2024\/04\/c54ddf48-a004-4fd2-846a-6aa0f4a2ddd3-fotor-20240419143550.jpg\" class=\"attachment-large size-large wp-image-19324\" alt=\"\" srcset=\"https:\/\/pc.sc.gov.br\/\/wp-content\/uploads\/2024\/04\/c54ddf48-a004-4fd2-846a-6aa0f4a2ddd3-fotor-20240419143550.jpg 893w, https:\/\/pc.sc.gov.br\/\/wp-content\/uploads\/2024\/04\/c54ddf48-a004-4fd2-846a-6aa0f4a2ddd3-fotor-20240419143550-300x187.jpg 300w, https:\/\/pc.sc.gov.br\/\/wp-content\/uploads\/2024\/04\/c54ddf48-a004-4fd2-846a-6aa0f4a2ddd3-fotor-20240419143550-768x480.jpg 768w\" sizes=\"(max-width: 696px) 100vw, 696px\" \/>\t\t\t\t\t\t\t\t\t\t\t\t\t\t\t<\/div>\n\t\t\t\t<\/div>\n\t\t\t\t\t<\/div>\n\t\t<\/div>\n\t\t\t\t\t<\/div>\n\t\t<\/section>\n\t\t\t\t<section class=\"elementor-section elementor-top-section elementor-element elementor-element-6780eb2 elementor-section-boxed elementor-section-height-default elementor-section-height-default\" data-id=\"6780eb2\" data-element_type=\"section\">\n\t\t\t\t\t\t<div class=\"elementor-container elementor-column-gap-default\">\n\t\t\t\t\t<div class=\"elementor-column elementor-col-100 elementor-top-column elementor-element elementor-element-14e2530\" data-id=\"14e2530\" data-element_type=\"column\">\n\t\t\t<div class=\"elementor-widget-wrap elementor-element-populated\">\n\t\t\t\t\t\t<div class=\"elementor-element elementor-element-2ab8115 elementor-widget elementor-widget-text-editor\" data-id=\"2ab8115\" data-element_type=\"widget\" data-widget_type=\"text-editor.default\">\n\t\t\t\t<div class=\"elementor-widget-container\">\n\t\t\t\t\t\t\t\t\t<p>A Pol\u00edcia Civil de Santa Catarina, por meio da Divis\u00e3o de Investiga\u00e7\u00e3o Criminal (DIC) de Lages, com apoio da DIC de Joinville, realizou opera\u00e7\u00e3o policial nesta sexta-feira, (19), para cumprir tr\u00eas ordens judiciais expedidas pela Comarca de Bom Retiro, sendo dois mandados de pris\u00f5es e um mandado de busca.&nbsp;<span style=\"font-family: var( --e-global-typography-primary-font-family ), Sans-serif; font-size: var( --e-global-typography-primary-font-size ); font-weight: var( --e-global-typography-primary-font-weight ); letter-spacing: var( --e-global-typography-primary-letter-spacing );\">As investiga\u00e7\u00f5es apuraram que um grupo criminoso, composto por cinco integrantes, realizaram furto ao Banco Bradesco, do munic\u00edpio de Alfredo Wagner, em julho de 2023.<\/span><\/p>\n<p>Na terceira fase das investiga\u00e7\u00f5es deflagrada hoje (19) foram presos os 2 \u00faltimos integrantes do grupo criminoso que participaram da empreitada criminosa. Ao todo, foram identificados e presos os cinco integrantes da associa\u00e7\u00e3o criminosa que participaram do furto, durante as investiga\u00e7\u00f5es.<\/p>\n<p>Ap\u00f3s a realiza\u00e7\u00e3o das pris\u00f5es, os investigados foram encaminhados ao Sistema Prisional Catarinense onde permanecer\u00e3o presos \u00e0 disposi\u00e7\u00e3o da justi\u00e7a.<\/p>\t\t\t\t\t\t\t\t<\/div>\n\t\t\t\t<\/div>\n\t\t\t\t\t<\/div>\n\t\t<\/div>\n\t\t\t\t\t<\/div>\n\t\t<\/section>\n\t\t\t\t<\/div>\n\t\t","protected":false},"excerpt":{"rendered":"<p>DIC de Lages deflagra opera\u00e7\u00e3o e prende mais dois \u201ccaixeiros\u201d que realizaram furto em ag\u00eancia banc\u00e1ria de Alfredo Wagner A Pol\u00edcia Civil de Santa Catarina, por meio da Divis\u00e3o de Investiga\u00e7\u00e3o Criminal (DIC) de Lages, com apoio da DIC de Joinville, realizou opera\u00e7\u00e3o policial nesta sexta-feira, (19), para cumprir tr\u00eas ordens judiciais expedidas pela Comarca [&hellip;]<\/p>\n","protected":false},"author":5,"featured_media":19324,"comment_status":"closed","ping_status":"open","sticky":false,"template":"","format":"standard","meta":{"_monsterinsights_skip_tracking":false,"_monsterinsights_sitenote_active":false,"_monsterinsights_sitenote_note":"","_monsterinsights_sitenote_category":0,"footnotes":""},"categories":[1],"tags":[],"class_list":["post-19323","post","type-post","status-publish","format-standard","has-post-thumbnail","hentry","category-sem-categoria"],"_links":{"self":[{"href":"https:\/\/pc.sc.gov.br\/index.php?rest_route=\/wp\/v2\/posts\/19323","targetHints":{"allow":["GET"]}}],"collection":[{"href":"https:\/\/pc.sc.gov.br\/index.php?rest_route=\/wp\/v2\/posts"}],"about":[{"href":"https:\/\/pc.sc.gov.br\/index.php?rest_route=\/wp\/v2\/types\/post"}],"author":[{"embeddable":true,"href":"https:\/\/pc.sc.gov.br\/index.php?rest_route=\/wp\/v2\/users\/5"}],"replies":[{"embeddable":true,"href":"https:\/\/pc.sc.gov.br\/index.php?rest_route=%2Fwp%2Fv2%2Fcomments&post=19323"}],"version-history":[{"count":4,"href":"https:\/\/pc.sc.gov.br\/index.php?rest_route=\/wp\/v2\/posts\/19323\/revisions"}],"predecessor-version":[{"id":19328,"href":"https:\/\/pc.sc.gov.br\/index.php?rest_route=\/wp\/v2\/posts\/19323\/revisions\/19328"}],"wp:featuredmedia":[{"embeddable":true,"href":"https:\/\/pc.sc.gov.br\/index.php?rest_route=\/wp\/v2\/media\/19324"}],"wp:attachment":[{"href":"https:\/\/pc.sc.gov.br\/index.php?rest_route=%2Fwp%2Fv2%2Fmedia&parent=19323"}],"wp:term":[{"taxonomy":"category","embeddable":true,"href":"https:\/\/pc.sc.gov.br\/index.php?rest_route=%2Fwp%2Fv2%2Fcategories&post=19323"},{"taxonomy":"post_tag","embeddable":true,"href":"https:\/\/pc.sc.gov.br\/index.php?rest_route=%2Fwp%2Fv2%2Ftags&post=19323"}],"curies":[{"name":"wp","href":"https:\/\/api.w.org\/{rel}","templated":true}]}}