{"id":19329,"date":"2024-04-19T17:41:38","date_gmt":"2024-04-19T20:41:38","guid":{"rendered":"https:\/\/pc.sc.gov.br\/?p=19329"},"modified":"2024-04-19T17:45:39","modified_gmt":"2024-04-19T20:45:39","slug":"acao-entre-decap-e-dfr-de-brusque-resulta-na-prisao-de-foragido-condenado-a-mais-de-17-anos-de-prisao-que-estava-litoral-gaucho","status":"publish","type":"post","link":"https:\/\/pc.sc.gov.br\/?p=19329","title":{"rendered":"A\u00e7\u00e3o entre DECAP e DFR de Brusque resulta na pris\u00e3o de foragido condenado a mais de 17 anos  que estava litoral ga\u00facho"},"content":{"rendered":"\t\t<div data-elementor-type=\"wp-post\" data-elementor-id=\"19329\" class=\"elementor elementor-19329\" data-elementor-post-type=\"post\">\n\t\t\t\t\t\t<section class=\"elementor-section elementor-top-section elementor-element elementor-element-2430542 elementor-section-boxed elementor-section-height-default elementor-section-height-default\" data-id=\"2430542\" data-element_type=\"section\">\n\t\t\t\t\t\t<div class=\"elementor-container elementor-column-gap-default\">\n\t\t\t\t\t<div class=\"elementor-column elementor-col-100 elementor-top-column elementor-element elementor-element-6486449\" data-id=\"6486449\" data-element_type=\"column\">\n\t\t\t<div class=\"elementor-widget-wrap elementor-element-populated\">\n\t\t\t\t\t\t<div class=\"elementor-element elementor-element-bbc5be9 elementor-widget elementor-widget-heading\" data-id=\"bbc5be9\" data-element_type=\"widget\" data-widget_type=\"heading.default\">\n\t\t\t\t<div class=\"elementor-widget-container\">\n\t\t\t\t\t<h2 class=\"elementor-heading-title elementor-size-default\">A\u00e7\u00e3o entre DECAP e DFR de Brusque resulta na pris\u00e3o de foragido, condenado a mais de 17 anos, que estava litoral ga\u00facho<\/h2>\t\t\t\t<\/div>\n\t\t\t\t<\/div>\n\t\t\t\t\t<\/div>\n\t\t<\/div>\n\t\t\t\t\t<\/div>\n\t\t<\/section>\n\t\t\t\t<section class=\"elementor-section elementor-top-section elementor-element elementor-element-ca06aa0 elementor-section-boxed elementor-section-height-default elementor-section-height-default\" data-id=\"ca06aa0\" data-element_type=\"section\">\n\t\t\t\t\t\t<div class=\"elementor-container elementor-column-gap-default\">\n\t\t\t\t\t<div class=\"elementor-column elementor-col-100 elementor-top-column elementor-element elementor-element-b0eb6a1\" data-id=\"b0eb6a1\" data-element_type=\"column\">\n\t\t\t<div class=\"elementor-widget-wrap elementor-element-populated\">\n\t\t\t\t\t\t<div class=\"elementor-element elementor-element-19a3d4c elementor-widget elementor-widget-image\" data-id=\"19a3d4c\" data-element_type=\"widget\" data-widget_type=\"image.default\">\n\t\t\t\t<div class=\"elementor-widget-container\">\n\t\t\t\t\t\t\t\t\t\t\t\t\t\t\t<img fetchpriority=\"high\" decoding=\"async\" width=\"696\" height=\"457\" src=\"https:\/\/pc.sc.gov.br\/\/wp-content\/uploads\/2024\/04\/WhatsApp-Image-2024-01-30-at-16.33.05-fotor-20240307163225-2-1024x672.jpg\" class=\"attachment-large size-large wp-image-19330\" alt=\"\" srcset=\"https:\/\/pc.sc.gov.br\/\/wp-content\/uploads\/2024\/04\/WhatsApp-Image-2024-01-30-at-16.33.05-fotor-20240307163225-2-1024x672.jpg 1024w, https:\/\/pc.sc.gov.br\/\/wp-content\/uploads\/2024\/04\/WhatsApp-Image-2024-01-30-at-16.33.05-fotor-20240307163225-2-300x197.jpg 300w, https:\/\/pc.sc.gov.br\/\/wp-content\/uploads\/2024\/04\/WhatsApp-Image-2024-01-30-at-16.33.05-fotor-20240307163225-2-768x504.jpg 768w, https:\/\/pc.sc.gov.br\/\/wp-content\/uploads\/2024\/04\/WhatsApp-Image-2024-01-30-at-16.33.05-fotor-20240307163225-2.jpg 1075w\" sizes=\"(max-width: 696px) 100vw, 696px\" \/>\t\t\t\t\t\t\t\t\t\t\t\t\t\t\t<\/div>\n\t\t\t\t<\/div>\n\t\t\t\t\t<\/div>\n\t\t<\/div>\n\t\t\t\t\t<\/div>\n\t\t<\/section>\n\t\t\t\t<section class=\"elementor-section elementor-top-section elementor-element elementor-element-bcf7c43 elementor-section-boxed elementor-section-height-default elementor-section-height-default\" data-id=\"bcf7c43\" data-element_type=\"section\">\n\t\t\t\t\t\t<div class=\"elementor-container elementor-column-gap-default\">\n\t\t\t\t\t<div class=\"elementor-column elementor-col-100 elementor-top-column elementor-element elementor-element-0225911\" data-id=\"0225911\" data-element_type=\"column\">\n\t\t\t<div class=\"elementor-widget-wrap elementor-element-populated\">\n\t\t\t\t\t\t<div class=\"elementor-element elementor-element-6522957 elementor-widget elementor-widget-text-editor\" data-id=\"6522957\" data-element_type=\"widget\" data-widget_type=\"text-editor.default\">\n\t\t\t\t<div class=\"elementor-widget-container\">\n\t\t\t\t\t\t\t\t\t<p>A Pol\u00edcia Civil de Santa Catarina, por meio da Delegacia de Capturas (DECAP\/DEIC), em conjunto com a Delegacia de Furtos e Roubos de Brusque prendeu, nesta sexta-feira (19), um foragido da justi\u00e7a com duas condena\u00e7\u00f5es a penas que, somadas, chegam a mais de 17 anos de pris\u00e3o, por crimes contra a administra\u00e7\u00e3o p\u00fablica, previsto nos artigos 90 da Lei 8666\/93 (3x) e artigos 312 e 317 \u00a7 1 do C\u00f3digo Penal.<\/p>\n<p>Ap\u00f3s as condena\u00e7\u00f5es e respectivas expedi\u00e7\u00f5es dos mandados de pris\u00e3o, em mar\u00e7o deste ano, o procurado evadiu-se para o Rio Grande do Sul, onde passou a residir temporariamente em pousadas do litoral ga\u00facho, tendo sido localizado pelos policiais da DECAP e DFR hoje (19), na cidade de Torres, onde foi abordado e recebeu voz de pris\u00e3o.<\/p>\n<p>A DECAP\/DEIC refor\u00e7a seu compromisso em prol da seguran\u00e7a da sociedade catarinense e se compromete com as demais unidades Policiais do Estado no aux\u00edlio \u00e0 captura de foragidos atrav\u00e9s do aplicativo INTEGRA no link https:\/\/integra.pc.sc.gov.br\/sistemas\/foragidos&nbsp;<\/p>\n<p><b>Den\u00fancias e informa\u00e7\u00f5es relacionadas a foragidos da justi\u00e7a podem ser encaminhadas para o e-mail deic-capturas@pc.sc.gov.br sendo garantido o anonimato.<\/b><\/p>\n<div>&nbsp;<\/div>\t\t\t\t\t\t\t\t<\/div>\n\t\t\t\t<\/div>\n\t\t\t\t\t<\/div>\n\t\t<\/div>\n\t\t\t\t\t<\/div>\n\t\t<\/section>\n\t\t\t\t<\/div>\n\t\t","protected":false},"excerpt":{"rendered":"<p>A\u00e7\u00e3o entre DECAP e DFR de Brusque resulta na pris\u00e3o de foragido, condenado a mais de 17 anos, que estava litoral ga\u00facho A Pol\u00edcia Civil de Santa Catarina, por meio da Delegacia de Capturas (DECAP\/DEIC), em conjunto com a Delegacia de Furtos e Roubos de Brusque prendeu, nesta sexta-feira (19), um foragido da justi\u00e7a com [&hellip;]<\/p>\n","protected":false},"author":5,"featured_media":19330,"comment_status":"closed","ping_status":"open","sticky":false,"template":"","format":"standard","meta":{"_monsterinsights_skip_tracking":false,"_monsterinsights_sitenote_active":false,"_monsterinsights_sitenote_note":"","_monsterinsights_sitenote_category":0,"footnotes":""},"categories":[1],"tags":[],"class_list":["post-19329","post","type-post","status-publish","format-standard","has-post-thumbnail","hentry","category-sem-categoria"],"_links":{"self":[{"href":"https:\/\/pc.sc.gov.br\/index.php?rest_route=\/wp\/v2\/posts\/19329","targetHints":{"allow":["GET"]}}],"collection":[{"href":"https:\/\/pc.sc.gov.br\/index.php?rest_route=\/wp\/v2\/posts"}],"about":[{"href":"https:\/\/pc.sc.gov.br\/index.php?rest_route=\/wp\/v2\/types\/post"}],"author":[{"embeddable":true,"href":"https:\/\/pc.sc.gov.br\/index.php?rest_route=\/wp\/v2\/users\/5"}],"replies":[{"embeddable":true,"href":"https:\/\/pc.sc.gov.br\/index.php?rest_route=%2Fwp%2Fv2%2Fcomments&post=19329"}],"version-history":[{"count":8,"href":"https:\/\/pc.sc.gov.br\/index.php?rest_route=\/wp\/v2\/posts\/19329\/revisions"}],"predecessor-version":[{"id":19338,"href":"https:\/\/pc.sc.gov.br\/index.php?rest_route=\/wp\/v2\/posts\/19329\/revisions\/19338"}],"wp:featuredmedia":[{"embeddable":true,"href":"https:\/\/pc.sc.gov.br\/index.php?rest_route=\/wp\/v2\/media\/19330"}],"wp:attachment":[{"href":"https:\/\/pc.sc.gov.br\/index.php?rest_route=%2Fwp%2Fv2%2Fmedia&parent=19329"}],"wp:term":[{"taxonomy":"category","embeddable":true,"href":"https:\/\/pc.sc.gov.br\/index.php?rest_route=%2Fwp%2Fv2%2Fcategories&post=19329"},{"taxonomy":"post_tag","embeddable":true,"href":"https:\/\/pc.sc.gov.br\/index.php?rest_route=%2Fwp%2Fv2%2Ftags&post=19329"}],"curies":[{"name":"wp","href":"https:\/\/api.w.org\/{rel}","templated":true}]}}