{"id":19339,"date":"2024-04-19T18:06:49","date_gmt":"2024-04-19T21:06:49","guid":{"rendered":"https:\/\/pc.sc.gov.br\/?p=19339"},"modified":"2024-04-19T18:14:40","modified_gmt":"2024-04-19T21:14:40","slug":"policia-civil-recebe-mocao-de-aplauso-na-alesc","status":"publish","type":"post","link":"https:\/\/pc.sc.gov.br\/?p=19339","title":{"rendered":"Pol\u00edcia Civil recebe mo\u00e7\u00e3o de aplauso na Alesc"},"content":{"rendered":"\t\t<div data-elementor-type=\"wp-post\" data-elementor-id=\"19339\" class=\"elementor elementor-19339\" data-elementor-post-type=\"post\">\n\t\t\t\t\t\t<section class=\"elementor-section elementor-top-section elementor-element elementor-element-75379fd elementor-section-boxed elementor-section-height-default elementor-section-height-default\" data-id=\"75379fd\" data-element_type=\"section\">\n\t\t\t\t\t\t<div class=\"elementor-container elementor-column-gap-default\">\n\t\t\t\t\t<div class=\"elementor-column elementor-col-100 elementor-top-column elementor-element elementor-element-52404f3\" data-id=\"52404f3\" data-element_type=\"column\">\n\t\t\t<div class=\"elementor-widget-wrap elementor-element-populated\">\n\t\t\t\t\t\t<div class=\"elementor-element elementor-element-dffda3e elementor-widget elementor-widget-heading\" data-id=\"dffda3e\" data-element_type=\"widget\" data-widget_type=\"heading.default\">\n\t\t\t\t<div class=\"elementor-widget-container\">\n\t\t\t\t\t<h2 class=\"elementor-heading-title elementor-size-default\">Pol\u00edcia Civil recebe mo\u00e7\u00e3o de aplauso na Alesc<\/h2>\t\t\t\t<\/div>\n\t\t\t\t<\/div>\n\t\t\t\t\t<\/div>\n\t\t<\/div>\n\t\t\t\t\t<\/div>\n\t\t<\/section>\n\t\t\t\t<section class=\"elementor-section elementor-top-section elementor-element elementor-element-a7902ba elementor-section-boxed elementor-section-height-default elementor-section-height-default\" data-id=\"a7902ba\" data-element_type=\"section\">\n\t\t\t\t\t\t<div class=\"elementor-container elementor-column-gap-default\">\n\t\t\t\t\t<div class=\"elementor-column elementor-col-100 elementor-top-column elementor-element elementor-element-9b9e64d\" data-id=\"9b9e64d\" data-element_type=\"column\">\n\t\t\t<div class=\"elementor-widget-wrap elementor-element-populated\">\n\t\t\t\t\t\t<div class=\"elementor-element elementor-element-846d488 elementor-widget elementor-widget-image\" data-id=\"846d488\" data-element_type=\"widget\" data-widget_type=\"image.default\">\n\t\t\t\t<div class=\"elementor-widget-container\">\n\t\t\t\t\t\t\t\t\t\t\t\t\t\t\t<img fetchpriority=\"high\" decoding=\"async\" width=\"696\" height=\"464\" src=\"https:\/\/pc.sc.gov.br\/\/wp-content\/uploads\/2024\/04\/fotonoticia_180424_Sessao_Ordinaria_BC121-1024x683.jpg\" class=\"attachment-large size-large wp-image-19342\" alt=\"\" srcset=\"https:\/\/pc.sc.gov.br\/\/wp-content\/uploads\/2024\/04\/fotonoticia_180424_Sessao_Ordinaria_BC121-1024x683.jpg 1024w, https:\/\/pc.sc.gov.br\/\/wp-content\/uploads\/2024\/04\/fotonoticia_180424_Sessao_Ordinaria_BC121-300x200.jpg 300w, https:\/\/pc.sc.gov.br\/\/wp-content\/uploads\/2024\/04\/fotonoticia_180424_Sessao_Ordinaria_BC121-768x512.jpg 768w, https:\/\/pc.sc.gov.br\/\/wp-content\/uploads\/2024\/04\/fotonoticia_180424_Sessao_Ordinaria_BC121-1536x1024.jpg 1536w, https:\/\/pc.sc.gov.br\/\/wp-content\/uploads\/2024\/04\/fotonoticia_180424_Sessao_Ordinaria_BC121.jpg 2047w\" sizes=\"(max-width: 696px) 100vw, 696px\" \/>\t\t\t\t\t\t\t\t\t\t\t\t\t\t\t<\/div>\n\t\t\t\t<\/div>\n\t\t\t\t\t<\/div>\n\t\t<\/div>\n\t\t\t\t\t<\/div>\n\t\t<\/section>\n\t\t\t\t<section class=\"elementor-section elementor-top-section elementor-element elementor-element-83cce70 elementor-section-boxed elementor-section-height-default elementor-section-height-default\" data-id=\"83cce70\" data-element_type=\"section\">\n\t\t\t\t\t\t<div class=\"elementor-container elementor-column-gap-default\">\n\t\t\t\t\t<div class=\"elementor-column elementor-col-100 elementor-top-column elementor-element elementor-element-c32b5f6\" data-id=\"c32b5f6\" data-element_type=\"column\">\n\t\t\t<div class=\"elementor-widget-wrap elementor-element-populated\">\n\t\t\t\t\t\t<div class=\"elementor-element elementor-element-b25e5b5 elementor-widget elementor-widget-text-editor\" data-id=\"b25e5b5\" data-element_type=\"widget\" data-widget_type=\"text-editor.default\">\n\t\t\t\t<div class=\"elementor-widget-container\">\n\t\t\t\t\t\t\t\t\t<p>Por iniciativa do deputado Delegado Eg\u00eddio Ferrari, o delegado-geral da PCSC, Ulisses Gabriel recebeu na quinta-feira (18), na Alesc uma mo\u00e7\u00e3o de aplauso em nome da Pol\u00edcia Civil. O ato ocorreu ap\u00f3s a apresenta\u00e7\u00e3o de um diagn\u00f3stico do trabalho que a corpora\u00e7\u00e3o tem desempenhado em prol da seguran\u00e7a dos catarinenses no combate a criminalidade.<\/p>\n<p>Ulisses Gabriel relatou que desde que assumiu o cargo no ano passado, no in\u00edcio do Governo Jorginho Mello, centrou sua a\u00e7\u00e3o em desenvolver um planejamento estrat\u00e9gico voltado para o combate ostensivo \u00e0 criminalidade. \u201cN\u00f3s aumentamos em 65% o n\u00famero de mandados de pris\u00e3o cumpridos e em 59% o n\u00famero de busca e apreens\u00e3o entre 2022 e 2023. Isso representa um conjunto de opera\u00e7\u00f5es, totalizando 530 no ano passado, realizadas pela Pol\u00edcia Civil\u201d, revelou.<\/p>\n<p>Os resultados positivos n\u00e3o foram apenas fruto do aumento das opera\u00e7\u00f5es policiais, mas tamb\u00e9m de uma atua\u00e7\u00e3o conjunta das for\u00e7as de seguran\u00e7a, incluindo a Pol\u00edcia Militar, a Pol\u00edcia Cient\u00edfica e o Corpo de Bombeiros, em colabora\u00e7\u00e3o com o Minist\u00e9rio P\u00fablico e o Poder Judici\u00e1rio, observou.<\/p>\n<p>\u201cOs \u00edndices de roubo, furto, homic\u00eddio, latroc\u00ednio e feminic\u00eddio tiveram uma grande queda de 2022 para 2023, demonstrando a efic\u00e1cia das medidas adotadas\u201d, destacou o delegado, sinalizando que atualmente a Pol\u00edcia Civil enfrenta um apag\u00e3o de m\u00e3o de obra. \u201cPrecisamos reconstruir o nosso efetivo\u201d, informou, enaltecendo a import\u00e2ncia do apoio do Parlamento para a Pol\u00edcia Civil no estado. \u201cTemos um time unido, que luta para dar respostas efetivas para a sociedade. Com humildade, buscamos entregar o melhor para o cidad\u00e3o\u201d, afirmou.<\/p>\n<p>Diante dos desafios, Ulisses Gabriel reafirmou o compromisso de sua gest\u00e3o em garantir a seguran\u00e7a e a tranquilidade da popula\u00e7\u00e3o catarinense, buscando constantemente aprimorar os servi\u00e7os prestados pela Pol\u00edcia Civil. \u201cA atua\u00e7\u00e3o da Pol\u00edcia Civil n\u00e3o se limita apenas \u00e0 investiga\u00e7\u00e3o e repress\u00e3o ao crime, mas tamb\u00e9m engloba iniciativas que visam prevenir e combater a criminalidade em todas as suas formas\u201d, assegurou.<\/p>\n<p><\/p>\n<p>Homenagem<\/p>\n<p>A s\u00e9rie de a\u00e7\u00f5es empreendidas pelo delegado e sua equipe inspirou uma Mo\u00e7\u00e3o de Aplauso de reconhecimento do Parlamento catarinense. A homenagem partiu do deputado Delegado Eg\u00eddio, com a aprova\u00e7\u00e3o un\u00e2nime dos demais parlamentares.<\/p>\n<p>O deputado destacou que o Parlamento reconhece o desempenho de Ulisses Gabriel \u00e0 frente da Pol\u00edcia Civil catarinense. \u201cO delegado Ulisses Gabriel possui grande comprometimento com os catarinenses. Ele \u00e9 uma lideran\u00e7a da Pol\u00edcia catarinense\u201d, avaliou, observando que a mo\u00e7\u00e3o \u00e9 um justo reconhecimento a esse trabalho.&nbsp; \u201cAtrav\u00e9s de seu trabalho e de toda a sua equipe no enfrentamento \u00e0 criminalidade, Santa Catarina \u00e9 hoje o estado mais seguro do pa\u00eds\u201d, afirmou.<\/p>\n<p>A homenagem repercutiu positivamente entre os demais deputados presentes na sess\u00e3o desta quinta-feira. Todos foram un\u00e2nimes em enaltecer e parabenizar o trabalho desenvolvido pela corpora\u00e7\u00e3o no combate \u00e0 criminalidade.<\/p>\n<p><i>* Com informa\u00e7\u00f5es da Ag\u00eancia AL<\/i><span style=\"color: var( --e-global-color-text ); font-family: var( --e-global-typography-primary-font-family ), Sans-serif; font-size: var( --e-global-typography-primary-font-size ); font-weight: var( --e-global-typography-primary-font-weight ); letter-spacing: var( --e-global-typography-primary-letter-spacing );\">&nbsp;<\/span><\/p>\t\t\t\t\t\t\t\t<\/div>\n\t\t\t\t<\/div>\n\t\t\t\t\t<\/div>\n\t\t<\/div>\n\t\t\t\t\t<\/div>\n\t\t<\/section>\n\t\t\t\t<\/div>\n\t\t","protected":false},"excerpt":{"rendered":"<p>Pol\u00edcia Civil recebe mo\u00e7\u00e3o de aplauso na Alesc Por iniciativa do deputado Delegado Eg\u00eddio Ferrari, o delegado-geral da PCSC, Ulisses Gabriel recebeu na quinta-feira (18), na Alesc uma mo\u00e7\u00e3o de aplauso em nome da Pol\u00edcia Civil. O ato ocorreu ap\u00f3s a apresenta\u00e7\u00e3o de um diagn\u00f3stico do trabalho que a corpora\u00e7\u00e3o tem desempenhado em prol da [&hellip;]<\/p>\n","protected":false},"author":5,"featured_media":19340,"comment_status":"closed","ping_status":"open","sticky":false,"template":"","format":"standard","meta":{"_monsterinsights_skip_tracking":false,"_monsterinsights_sitenote_active":false,"_monsterinsights_sitenote_note":"","_monsterinsights_sitenote_category":0,"footnotes":""},"categories":[1],"tags":[],"class_list":["post-19339","post","type-post","status-publish","format-standard","has-post-thumbnail","hentry","category-sem-categoria"],"_links":{"self":[{"href":"https:\/\/pc.sc.gov.br\/index.php?rest_route=\/wp\/v2\/posts\/19339","targetHints":{"allow":["GET"]}}],"collection":[{"href":"https:\/\/pc.sc.gov.br\/index.php?rest_route=\/wp\/v2\/posts"}],"about":[{"href":"https:\/\/pc.sc.gov.br\/index.php?rest_route=\/wp\/v2\/types\/post"}],"author":[{"embeddable":true,"href":"https:\/\/pc.sc.gov.br\/index.php?rest_route=\/wp\/v2\/users\/5"}],"replies":[{"embeddable":true,"href":"https:\/\/pc.sc.gov.br\/index.php?rest_route=%2Fwp%2Fv2%2Fcomments&post=19339"}],"version-history":[{"count":4,"href":"https:\/\/pc.sc.gov.br\/index.php?rest_route=\/wp\/v2\/posts\/19339\/revisions"}],"predecessor-version":[{"id":19345,"href":"https:\/\/pc.sc.gov.br\/index.php?rest_route=\/wp\/v2\/posts\/19339\/revisions\/19345"}],"wp:featuredmedia":[{"embeddable":true,"href":"https:\/\/pc.sc.gov.br\/index.php?rest_route=\/wp\/v2\/media\/19340"}],"wp:attachment":[{"href":"https:\/\/pc.sc.gov.br\/index.php?rest_route=%2Fwp%2Fv2%2Fmedia&parent=19339"}],"wp:term":[{"taxonomy":"category","embeddable":true,"href":"https:\/\/pc.sc.gov.br\/index.php?rest_route=%2Fwp%2Fv2%2Fcategories&post=19339"},{"taxonomy":"post_tag","embeddable":true,"href":"https:\/\/pc.sc.gov.br\/index.php?rest_route=%2Fwp%2Fv2%2Ftags&post=19339"}],"curies":[{"name":"wp","href":"https:\/\/api.w.org\/{rel}","templated":true}]}}