{"id":19346,"date":"2024-04-19T18:21:57","date_gmt":"2024-04-19T21:21:57","guid":{"rendered":"https:\/\/pc.sc.gov.br\/?p=19346"},"modified":"2024-04-19T18:25:30","modified_gmt":"2024-04-19T21:25:30","slug":"dic-esclarece-homicidio-ocorrido-em-chapeco","status":"publish","type":"post","link":"https:\/\/pc.sc.gov.br\/?p=19346","title":{"rendered":"DIC\/fron esclarece homic\u00eddio ocorrido em Chapec\u00f3"},"content":{"rendered":"\t\t<div data-elementor-type=\"wp-post\" data-elementor-id=\"19346\" class=\"elementor elementor-19346\" data-elementor-post-type=\"post\">\n\t\t\t\t\t\t<section class=\"elementor-section elementor-top-section elementor-element elementor-element-f880e5f elementor-section-boxed elementor-section-height-default elementor-section-height-default\" data-id=\"f880e5f\" data-element_type=\"section\">\n\t\t\t\t\t\t<div class=\"elementor-container elementor-column-gap-default\">\n\t\t\t\t\t<div class=\"elementor-column elementor-col-100 elementor-top-column elementor-element elementor-element-af9597d\" data-id=\"af9597d\" data-element_type=\"column\">\n\t\t\t<div class=\"elementor-widget-wrap elementor-element-populated\">\n\t\t\t\t\t\t<div class=\"elementor-element elementor-element-c92106a elementor-widget elementor-widget-heading\" data-id=\"c92106a\" data-element_type=\"widget\" data-widget_type=\"heading.default\">\n\t\t\t\t<div class=\"elementor-widget-container\">\n\t\t\t\t\t<h2 class=\"elementor-heading-title elementor-size-default\">DIC\/FRON esclarece homic\u00eddio ocorrido em Chapec\u00f3<\/h2>\t\t\t\t<\/div>\n\t\t\t\t<\/div>\n\t\t\t\t\t<\/div>\n\t\t<\/div>\n\t\t\t\t\t<\/div>\n\t\t<\/section>\n\t\t\t\t<section class=\"elementor-section elementor-top-section elementor-element elementor-element-2cd1d71 elementor-section-boxed elementor-section-height-default elementor-section-height-default\" data-id=\"2cd1d71\" data-element_type=\"section\">\n\t\t\t\t\t\t<div class=\"elementor-container elementor-column-gap-default\">\n\t\t\t\t\t<div class=\"elementor-column elementor-col-100 elementor-top-column elementor-element elementor-element-20ca26c\" data-id=\"20ca26c\" data-element_type=\"column\">\n\t\t\t<div class=\"elementor-widget-wrap elementor-element-populated\">\n\t\t\t\t\t\t<div class=\"elementor-element elementor-element-fda25da elementor-widget elementor-widget-image\" data-id=\"fda25da\" data-element_type=\"widget\" data-widget_type=\"image.default\">\n\t\t\t\t<div class=\"elementor-widget-container\">\n\t\t\t\t\t\t\t\t\t\t\t\t\t\t\t<img fetchpriority=\"high\" decoding=\"async\" width=\"696\" height=\"610\" src=\"https:\/\/pc.sc.gov.br\/\/wp-content\/uploads\/2024\/04\/whatsapp-image-2021-02-23-at-105633_51467796478_o-fotor-20231101135042.jpg\" class=\"attachment-large size-large wp-image-19347\" alt=\"\" srcset=\"https:\/\/pc.sc.gov.br\/\/wp-content\/uploads\/2024\/04\/whatsapp-image-2021-02-23-at-105633_51467796478_o-fotor-20231101135042.jpg 911w, https:\/\/pc.sc.gov.br\/\/wp-content\/uploads\/2024\/04\/whatsapp-image-2021-02-23-at-105633_51467796478_o-fotor-20231101135042-300x263.jpg 300w, https:\/\/pc.sc.gov.br\/\/wp-content\/uploads\/2024\/04\/whatsapp-image-2021-02-23-at-105633_51467796478_o-fotor-20231101135042-768x673.jpg 768w\" sizes=\"(max-width: 696px) 100vw, 696px\" \/>\t\t\t\t\t\t\t\t\t\t\t\t\t\t\t<\/div>\n\t\t\t\t<\/div>\n\t\t\t\t\t<\/div>\n\t\t<\/div>\n\t\t\t\t\t<\/div>\n\t\t<\/section>\n\t\t\t\t<section class=\"elementor-section elementor-top-section elementor-element elementor-element-152f392 elementor-section-boxed elementor-section-height-default elementor-section-height-default\" data-id=\"152f392\" data-element_type=\"section\">\n\t\t\t\t\t\t<div class=\"elementor-container elementor-column-gap-default\">\n\t\t\t\t\t<div class=\"elementor-column elementor-col-100 elementor-top-column elementor-element elementor-element-af73f9e\" data-id=\"af73f9e\" data-element_type=\"column\">\n\t\t\t<div class=\"elementor-widget-wrap elementor-element-populated\">\n\t\t\t\t\t\t<div class=\"elementor-element elementor-element-7a46a99 elementor-widget elementor-widget-text-editor\" data-id=\"7a46a99\" data-element_type=\"widget\" data-widget_type=\"text-editor.default\">\n\t\t\t\t<div class=\"elementor-widget-container\">\n\t\t\t\t\t\t\t\t\t<p>A Pol\u00edcia Civil de Santa Catarina, por meio da Divis\u00e3o de investiga\u00e7\u00f5es Criminais (DIC) de Chapec\u00f3, esclarece homic\u00eddio ocorrido na noite do \u00faltimo domingo (14\/04), que resultou na morte de homem de 32 anos. Os fatos aconteceram nas proximidades de casa noturna de Chapec\u00f3 localizada na Avenida Get\u00falio Vargas, Bairro L\u00edder.&nbsp; A v\u00edtima foi atingida por quatro golpes de arma branca (faca) na regi\u00e3o tor\u00e1cica. Ap\u00f3s ser ferida, a v\u00edtima foi socorrida por um amigo, entretanto, durante deslocamento, o ve\u00edculo utilizado acabou ficando sem combust\u00edvel, momento que foi acionado o SAMU para prestar os primeiros socorros. Ao dar entrada no hospital HRO a v\u00edtima j\u00e1 estava em \u00f3bito.&nbsp;<\/p>\n<p>Segundo apurado a v\u00edtima e dois homens haviam discutido em frente a uma casa noturna naquela noite, chegando a entrar em vias de fato com um deles.&nbsp; Posterior a isso, a v\u00edtima e um conhecido foram at\u00e9 o estacionamento a fim de pegar o ve\u00edculo e deslocar para suas resid\u00eancias, momento que resolveram voltar at\u00e9 a frente da casa de shows.&nbsp;<\/p>\n<p>Chegando ao local a v\u00edtima desceu do ve\u00edculo e partiu para cima de um dos desafetos com um fac\u00e3o em m\u00e3os, momento que este teria sa\u00eddo correndo. A persegui\u00e7\u00e3o perdurou por duas quadras, em seguida a v\u00edtima e seus desafetos acabaram entrando em luta corporal, novamente. A v\u00edtima acabou atingida com quatro golpes de arma branca na regi\u00e3o do t\u00f3rax. Todos envolvidos e testemunhas foram identificados e ouvidos, as condutas e circunst\u00e2ncias do fato ser\u00e3o minuciosamente analisadas e o Inqu\u00e9rito Policial ser\u00e1 encaminhado ao Poder Judici\u00e1rio no prazo legal.&nbsp;<\/p>\n<p><b>Colabore com a Pol\u00edcia Civil!&nbsp; Denuncie pelo Whatsapp Da DIC\/Fron Chapec\u00f3 (49) 2049-9842.<\/b><span style=\"color: var( --e-global-color-text ); font-family: var( --e-global-typography-primary-font-family ), Sans-serif; font-size: var( --e-global-typography-primary-font-size ); font-weight: var( --e-global-typography-primary-font-weight ); letter-spacing: var( --e-global-typography-primary-letter-spacing );\">&nbsp;<\/span><\/p><p><span style=\"color: var( --e-global-color-text ); font-family: var( --e-global-typography-primary-font-family ), Sans-serif; font-size: var( --e-global-typography-primary-font-size ); font-weight: var( --e-global-typography-primary-font-weight ); letter-spacing: var( --e-global-typography-primary-letter-spacing );\">V\u00eddeo: Delegado \u00c9der Matte<\/span><\/p>\t\t\t\t\t\t\t\t<\/div>\n\t\t\t\t<\/div>\n\t\t\t\t\t<\/div>\n\t\t<\/div>\n\t\t\t\t\t<\/div>\n\t\t<\/section>\n\t\t\t\t<section class=\"elementor-section elementor-top-section elementor-element elementor-element-e6ed77a elementor-section-boxed elementor-section-height-default elementor-section-height-default\" data-id=\"e6ed77a\" data-element_type=\"section\">\n\t\t\t\t\t\t<div class=\"elementor-container elementor-column-gap-default\">\n\t\t\t\t\t<div class=\"elementor-column elementor-col-100 elementor-top-column elementor-element elementor-element-a94d640\" data-id=\"a94d640\" data-element_type=\"column\">\n\t\t\t<div class=\"elementor-widget-wrap elementor-element-populated\">\n\t\t\t\t\t\t<div class=\"elementor-element elementor-element-a91994b elementor-widget__width-initial elementor-widget elementor-widget-video\" data-id=\"a91994b\" data-element_type=\"widget\" data-settings=\"{&quot;video_type&quot;:&quot;hosted&quot;,&quot;controls&quot;:&quot;yes&quot;}\" data-widget_type=\"video.default\">\n\t\t\t\t<div class=\"elementor-widget-container\">\n\t\t\t\t\t\t\t<div class=\"e-hosted-video elementor-wrapper elementor-open-inline\">\n\t\t\t\t\t<video class=\"elementor-video\" src=\"https:\/\/pc.sc.gov.br\/wp-content\/uploads\/2024\/04\/WhatsApp-Video-2024-04-19-at-11.55.15-1.mp4\" controls=\"\" preload=\"metadata\"><\/video>\n\t\t\t\t<\/div>\n\t\t\t\t\t\t<\/div>\n\t\t\t\t<\/div>\n\t\t\t\t\t<\/div>\n\t\t<\/div>\n\t\t\t\t\t<\/div>\n\t\t<\/section>\n\t\t\t\t<\/div>\n\t\t","protected":false},"excerpt":{"rendered":"<p>DIC\/FRON esclarece homic\u00eddio ocorrido em Chapec\u00f3 A Pol\u00edcia Civil de Santa Catarina, por meio da Divis\u00e3o de investiga\u00e7\u00f5es Criminais (DIC) de Chapec\u00f3, esclarece homic\u00eddio ocorrido na noite do \u00faltimo domingo (14\/04), que resultou na morte de homem de 32 anos. Os fatos aconteceram nas proximidades de casa noturna de Chapec\u00f3 localizada na Avenida Get\u00falio Vargas, [&hellip;]<\/p>\n","protected":false},"author":5,"featured_media":19347,"comment_status":"closed","ping_status":"open","sticky":false,"template":"","format":"standard","meta":{"_monsterinsights_skip_tracking":false,"_monsterinsights_sitenote_active":false,"_monsterinsights_sitenote_note":"","_monsterinsights_sitenote_category":0,"footnotes":""},"categories":[1],"tags":[],"class_list":["post-19346","post","type-post","status-publish","format-standard","has-post-thumbnail","hentry","category-sem-categoria"],"_links":{"self":[{"href":"https:\/\/pc.sc.gov.br\/index.php?rest_route=\/wp\/v2\/posts\/19346","targetHints":{"allow":["GET"]}}],"collection":[{"href":"https:\/\/pc.sc.gov.br\/index.php?rest_route=\/wp\/v2\/posts"}],"about":[{"href":"https:\/\/pc.sc.gov.br\/index.php?rest_route=\/wp\/v2\/types\/post"}],"author":[{"embeddable":true,"href":"https:\/\/pc.sc.gov.br\/index.php?rest_route=\/wp\/v2\/users\/5"}],"replies":[{"embeddable":true,"href":"https:\/\/pc.sc.gov.br\/index.php?rest_route=%2Fwp%2Fv2%2Fcomments&post=19346"}],"version-history":[{"count":7,"href":"https:\/\/pc.sc.gov.br\/index.php?rest_route=\/wp\/v2\/posts\/19346\/revisions"}],"predecessor-version":[{"id":19355,"href":"https:\/\/pc.sc.gov.br\/index.php?rest_route=\/wp\/v2\/posts\/19346\/revisions\/19355"}],"wp:featuredmedia":[{"embeddable":true,"href":"https:\/\/pc.sc.gov.br\/index.php?rest_route=\/wp\/v2\/media\/19347"}],"wp:attachment":[{"href":"https:\/\/pc.sc.gov.br\/index.php?rest_route=%2Fwp%2Fv2%2Fmedia&parent=19346"}],"wp:term":[{"taxonomy":"category","embeddable":true,"href":"https:\/\/pc.sc.gov.br\/index.php?rest_route=%2Fwp%2Fv2%2Fcategories&post=19346"},{"taxonomy":"post_tag","embeddable":true,"href":"https:\/\/pc.sc.gov.br\/index.php?rest_route=%2Fwp%2Fv2%2Ftags&post=19346"}],"curies":[{"name":"wp","href":"https:\/\/api.w.org\/{rel}","templated":true}]}}