{"id":19356,"date":"2024-04-19T18:45:15","date_gmt":"2024-04-19T21:45:15","guid":{"rendered":"https:\/\/pc.sc.gov.br\/?p=19356"},"modified":"2024-04-19T18:50:59","modified_gmt":"2024-04-19T21:50:59","slug":"dic-de-joinville-conclui-inquerito-referente-ao-acidente-ambiental-na-serra-dona-francisca","status":"publish","type":"post","link":"https:\/\/pc.sc.gov.br\/?p=19356","title":{"rendered":"DIC de Joinville conclui inqu\u00e9rito sobre acidente na Serra Dona Francisca e danos ambientais foram avaliados em R$ 3,6 milh\u00f5es"},"content":{"rendered":"\t\t<div data-elementor-type=\"wp-post\" data-elementor-id=\"19356\" class=\"elementor elementor-19356\" data-elementor-post-type=\"post\">\n\t\t\t\t\t\t<section class=\"elementor-section elementor-top-section elementor-element elementor-element-e5a3b30 elementor-section-boxed elementor-section-height-default elementor-section-height-default\" data-id=\"e5a3b30\" data-element_type=\"section\">\n\t\t\t\t\t\t<div class=\"elementor-container elementor-column-gap-default\">\n\t\t\t\t\t<div class=\"elementor-column elementor-col-100 elementor-top-column elementor-element elementor-element-62fd29f\" data-id=\"62fd29f\" data-element_type=\"column\">\n\t\t\t<div class=\"elementor-widget-wrap elementor-element-populated\">\n\t\t\t\t\t\t<div class=\"elementor-element elementor-element-ac594b3 elementor-widget elementor-widget-heading\" data-id=\"ac594b3\" data-element_type=\"widget\" data-widget_type=\"heading.default\">\n\t\t\t\t<div class=\"elementor-widget-container\">\n\t\t\t\t\t<h2 class=\"elementor-heading-title elementor-size-default\">DIC de Joinville conclui inqu\u00e9rito sobre acidente na Serra Dona Francisca que provocou danos ambientais avaliados em R$ 3,6 milh\u00f5es<\/h2>\t\t\t\t<\/div>\n\t\t\t\t<\/div>\n\t\t\t\t\t<\/div>\n\t\t<\/div>\n\t\t\t\t\t<\/div>\n\t\t<\/section>\n\t\t\t\t<section class=\"elementor-section elementor-top-section elementor-element elementor-element-d97571b elementor-section-boxed elementor-section-height-default elementor-section-height-default\" data-id=\"d97571b\" data-element_type=\"section\">\n\t\t\t\t\t\t<div class=\"elementor-container elementor-column-gap-default\">\n\t\t\t\t\t<div class=\"elementor-column elementor-col-100 elementor-top-column elementor-element elementor-element-3f736e9\" data-id=\"3f736e9\" data-element_type=\"column\">\n\t\t\t<div class=\"elementor-widget-wrap elementor-element-populated\">\n\t\t\t\t\t\t<div class=\"elementor-element elementor-element-f688ac2 elementor-widget elementor-widget-image\" data-id=\"f688ac2\" data-element_type=\"widget\" data-widget_type=\"image.default\">\n\t\t\t\t<div class=\"elementor-widget-container\">\n\t\t\t\t\t\t\t\t\t\t\t\t\t\t\t<img fetchpriority=\"high\" decoding=\"async\" width=\"696\" height=\"313\" src=\"https:\/\/pc.sc.gov.br\/\/wp-content\/uploads\/2023\/11\/WhatsApp-Image-2023-11-16-at-18.14.31-1.jpeg\" class=\"attachment-large size-large wp-image-15277\" alt=\"\" srcset=\"https:\/\/pc.sc.gov.br\/\/wp-content\/uploads\/2023\/11\/WhatsApp-Image-2023-11-16-at-18.14.31-1.jpeg 1024w, https:\/\/pc.sc.gov.br\/\/wp-content\/uploads\/2023\/11\/WhatsApp-Image-2023-11-16-at-18.14.31-1-300x135.jpeg 300w, https:\/\/pc.sc.gov.br\/\/wp-content\/uploads\/2023\/11\/WhatsApp-Image-2023-11-16-at-18.14.31-1-768x346.jpeg 768w\" sizes=\"(max-width: 696px) 100vw, 696px\" \/>\t\t\t\t\t\t\t\t\t\t\t\t\t\t\t<\/div>\n\t\t\t\t<\/div>\n\t\t\t\t\t<\/div>\n\t\t<\/div>\n\t\t\t\t\t<\/div>\n\t\t<\/section>\n\t\t\t\t<section class=\"elementor-section elementor-top-section elementor-element elementor-element-2d185b4 elementor-section-boxed elementor-section-height-default elementor-section-height-default\" data-id=\"2d185b4\" data-element_type=\"section\">\n\t\t\t\t\t\t<div class=\"elementor-container elementor-column-gap-default\">\n\t\t\t\t\t<div class=\"elementor-column elementor-col-100 elementor-top-column elementor-element elementor-element-16464bc\" data-id=\"16464bc\" data-element_type=\"column\">\n\t\t\t<div class=\"elementor-widget-wrap elementor-element-populated\">\n\t\t\t\t\t\t<div class=\"elementor-element elementor-element-83a4ccf elementor-widget elementor-widget-text-editor\" data-id=\"83a4ccf\" data-element_type=\"widget\" data-widget_type=\"text-editor.default\">\n\t\t\t\t<div class=\"elementor-widget-container\">\n\t\t\t\t\t\t\t\t\t<p>A Pol\u00edcia Civil de Santa Catarina, por meio da Divis\u00e3o de Investiga\u00e7\u00e3o criminal (DIC) de Joinville encaminhou nesta sexta-feira ao Poder Judici\u00e1rio o inqu\u00e9rito policial de n\u00ba 13\/2024, que atribui a responsabiliza\u00e7\u00e3o no \u00e2mbito criminal referente ao acidente ocorrido na Serra Dina Francisca pessoa f\u00edsica e pessoas jur\u00eddicas envolvidas.<\/p><p>Com base principalmente nos laudos periciais provenientes da Pol\u00edcia Cient\u00edfica de Joinville, a conclus\u00e3o foi pela imputa\u00e7\u00e3o \u00e0 pessoa f\u00edsica investigada, no caso, o motorista, da pr\u00e1tica do crime de polui\u00e7\u00e3o culposa, prevista no artigo 54, \u00a71\u00ba, da Lei de Repress\u00e3o a Crimes Ambientais (Lei 9605\/1998). Neste crime, a pena prevista \u00e9 de seis meses a um ano, al\u00e9m de multa.\u00a0<\/p><p>Tal conclus\u00e3o se fundamentou no laudo referente ao ve\u00edculo, o qual apontou superaquecimento do sistema de freios, pela n\u00e3o utiliza\u00e7\u00e3o adequada do mecanismo de freio motor. Conforme j\u00e1 divulgado anteriormente, o motorista nunca havia passado pelo trecho onde o acidente se deu, sendo desconhecidas para ele as peculiaridades da Estrada Dona Francisca.<\/p><p>No que se refere \u00e0s pessoas jur\u00eddicas envolvidas, concluiu-se pela responsabiliza\u00e7\u00e3o criminal de tr\u00eas delas: a transportadora, a empresa propriet\u00e1ria do caminh\u00e3o trator e a respons\u00e1vel pelo semirreboque. Nestes casos, diferente do que foi conclu\u00eddo com rela\u00e7\u00e3o ao motorista, a responsabiliza\u00e7\u00e3o se deu a t\u00edtulo doloso, considerando-se no caso o instituto do dolo eventual. Este se caracteriza quando se assume o risco de ocorr\u00eancia do resultado.\u00a0<\/p><p>Para tanto, se levou em conta que era de conhecimento das pessoas jur\u00eddicas indiciadas as dificuldades e os riscos de transporte de produtos perigosos no trecho analisado, o qual se situa em \u00e1rea de preserva\u00e7\u00e3o ambiental, o que tamb\u00e9m era de conhecimento destas empresas. A transportadora, por exemplo, tem mais de 20 anos de atua\u00e7\u00e3o, com diversas opera\u00e7\u00f5es nesta regi\u00e3o, tanto que a sua matriz se situa no Estado de Santa Catarina, no munic\u00edpio de Ilhota.\u00a0<\/p><p>A escolha da rota se deu pelo pr\u00f3prio motorista que, via de regra, escolhe o percurso mais curto, quando deveria ter havido por parte da transportadora, que conhecia os riscos inerentes ao transporte de produtos perigosos pela Estrada Dona Francisca, a defini\u00e7\u00e3o de origem, trajeto e destino. A rota mais segura, a partir de Curitiba, acresceria 160 quil\u00f4metros \u00e0 opera\u00e7\u00e3o.<\/p><p>As empresas foram ent\u00e3o responsabilizadas pelo crime previsto no artigo 54, \u00a72\u00ba, inciso III, da mesma Lei, considerando-se ainda a causa de aumento de pena prevista no artigo 58, inciso I, uma vez que se atestou em laudo pericial que os danos ambientais s\u00e3o irrevers\u00edveis.<\/p><p>As puni\u00e7\u00f5es previstas em lei para pessoas jur\u00eddicas v\u00e3o desde a imposi\u00e7\u00e3o de multa, at\u00e9 a possibilidade de suspens\u00e3o de suas atividades e proibi\u00e7\u00e3o de recebimento de subs\u00eddios do setor p\u00fablico. Os danos ambientais foram avaliados pela per\u00edcia em R$ 3.666.019,60.\u00a0<\/p>\t\t\t\t\t\t\t\t<\/div>\n\t\t\t\t<\/div>\n\t\t\t\t\t<\/div>\n\t\t<\/div>\n\t\t\t\t\t<\/div>\n\t\t<\/section>\n\t\t\t\t<\/div>\n\t\t","protected":false},"excerpt":{"rendered":"<p>DIC de Joinville conclui inqu\u00e9rito sobre acidente na Serra Dona Francisca que provocou danos ambientais avaliados em R$ 3,6 milh\u00f5es A Pol\u00edcia Civil de Santa Catarina, por meio da Divis\u00e3o de Investiga\u00e7\u00e3o criminal (DIC) de Joinville encaminhou nesta sexta-feira ao Poder Judici\u00e1rio o inqu\u00e9rito policial de n\u00ba 13\/2024, que atribui a responsabiliza\u00e7\u00e3o no \u00e2mbito criminal [&hellip;]<\/p>\n","protected":false},"author":5,"featured_media":14024,"comment_status":"closed","ping_status":"open","sticky":false,"template":"","format":"standard","meta":{"_monsterinsights_skip_tracking":false,"_monsterinsights_sitenote_active":false,"_monsterinsights_sitenote_note":"","_monsterinsights_sitenote_category":0,"footnotes":""},"categories":[1],"tags":[],"class_list":["post-19356","post","type-post","status-publish","format-standard","has-post-thumbnail","hentry","category-sem-categoria"],"_links":{"self":[{"href":"https:\/\/pc.sc.gov.br\/index.php?rest_route=\/wp\/v2\/posts\/19356","targetHints":{"allow":["GET"]}}],"collection":[{"href":"https:\/\/pc.sc.gov.br\/index.php?rest_route=\/wp\/v2\/posts"}],"about":[{"href":"https:\/\/pc.sc.gov.br\/index.php?rest_route=\/wp\/v2\/types\/post"}],"author":[{"embeddable":true,"href":"https:\/\/pc.sc.gov.br\/index.php?rest_route=\/wp\/v2\/users\/5"}],"replies":[{"embeddable":true,"href":"https:\/\/pc.sc.gov.br\/index.php?rest_route=%2Fwp%2Fv2%2Fcomments&post=19356"}],"version-history":[{"count":4,"href":"https:\/\/pc.sc.gov.br\/index.php?rest_route=\/wp\/v2\/posts\/19356\/revisions"}],"predecessor-version":[{"id":19361,"href":"https:\/\/pc.sc.gov.br\/index.php?rest_route=\/wp\/v2\/posts\/19356\/revisions\/19361"}],"wp:featuredmedia":[{"embeddable":true,"href":"https:\/\/pc.sc.gov.br\/index.php?rest_route=\/wp\/v2\/media\/14024"}],"wp:attachment":[{"href":"https:\/\/pc.sc.gov.br\/index.php?rest_route=%2Fwp%2Fv2%2Fmedia&parent=19356"}],"wp:term":[{"taxonomy":"category","embeddable":true,"href":"https:\/\/pc.sc.gov.br\/index.php?rest_route=%2Fwp%2Fv2%2Fcategories&post=19356"},{"taxonomy":"post_tag","embeddable":true,"href":"https:\/\/pc.sc.gov.br\/index.php?rest_route=%2Fwp%2Fv2%2Ftags&post=19356"}],"curies":[{"name":"wp","href":"https:\/\/api.w.org\/{rel}","templated":true}]}}