{"id":19368,"date":"2024-04-22T13:23:52","date_gmt":"2024-04-22T16:23:52","guid":{"rendered":"https:\/\/pc.sc.gov.br\/?p=19368"},"modified":"2024-04-22T13:24:54","modified_gmt":"2024-04-22T16:24:54","slug":"policia-civil-prende-foragido-da-paraiba-condenado-por-tres-homicidios-qualificados","status":"publish","type":"post","link":"https:\/\/pc.sc.gov.br\/?p=19368","title":{"rendered":"Pol\u00edcia Civil prende foragido da Para\u00edba condenado por tr\u00eas homic\u00eddios qualificados"},"content":{"rendered":"\t\t<div data-elementor-type=\"wp-post\" data-elementor-id=\"19368\" class=\"elementor elementor-19368\" data-elementor-post-type=\"post\">\n\t\t\t\t\t\t<section class=\"elementor-section elementor-top-section elementor-element elementor-element-451c927 elementor-section-boxed elementor-section-height-default elementor-section-height-default\" data-id=\"451c927\" data-element_type=\"section\">\n\t\t\t\t\t\t<div class=\"elementor-container elementor-column-gap-default\">\n\t\t\t\t\t<div class=\"elementor-column elementor-col-100 elementor-top-column elementor-element elementor-element-91b45fd\" data-id=\"91b45fd\" data-element_type=\"column\">\n\t\t\t<div class=\"elementor-widget-wrap elementor-element-populated\">\n\t\t\t\t\t\t<div class=\"elementor-element elementor-element-0f16863 elementor-widget elementor-widget-heading\" data-id=\"0f16863\" data-element_type=\"widget\" data-widget_type=\"heading.default\">\n\t\t\t\t<div class=\"elementor-widget-container\">\n\t\t\t\t\t<h2 class=\"elementor-heading-title elementor-size-default\">Pol\u00edcia Civil prende foragido da Para\u00edba condenado por tr\u00eas homic\u00eddios qualificados <\/h2>\t\t\t\t<\/div>\n\t\t\t\t<\/div>\n\t\t\t\t\t<\/div>\n\t\t<\/div>\n\t\t\t\t\t<\/div>\n\t\t<\/section>\n\t\t\t\t<section class=\"elementor-section elementor-top-section elementor-element elementor-element-9cc7994 elementor-section-boxed elementor-section-height-default elementor-section-height-default\" data-id=\"9cc7994\" data-element_type=\"section\">\n\t\t\t\t\t\t<div class=\"elementor-container elementor-column-gap-default\">\n\t\t\t\t\t<div class=\"elementor-column elementor-col-100 elementor-top-column elementor-element elementor-element-f8adeaa\" data-id=\"f8adeaa\" data-element_type=\"column\">\n\t\t\t<div class=\"elementor-widget-wrap elementor-element-populated\">\n\t\t\t\t\t\t<div class=\"elementor-element elementor-element-5a79c57 elementor-widget elementor-widget-image\" data-id=\"5a79c57\" data-element_type=\"widget\" data-widget_type=\"image.default\">\n\t\t\t\t<div class=\"elementor-widget-container\">\n\t\t\t\t\t\t\t\t\t\t\t\t\t\t\t<img fetchpriority=\"high\" decoding=\"async\" width=\"696\" height=\"584\" src=\"https:\/\/pc.sc.gov.br\/\/wp-content\/uploads\/2024\/04\/WhatsApp-Image-2024-03-14-at-1.40.07-PM-1-fotor-20240418163818.jpg\" class=\"attachment-large size-large wp-image-19292\" alt=\"\" srcset=\"https:\/\/pc.sc.gov.br\/\/wp-content\/uploads\/2024\/04\/WhatsApp-Image-2024-03-14-at-1.40.07-PM-1-fotor-20240418163818.jpg 717w, https:\/\/pc.sc.gov.br\/\/wp-content\/uploads\/2024\/04\/WhatsApp-Image-2024-03-14-at-1.40.07-PM-1-fotor-20240418163818-300x252.jpg 300w\" sizes=\"(max-width: 696px) 100vw, 696px\" \/>\t\t\t\t\t\t\t\t\t\t\t\t\t\t\t<\/div>\n\t\t\t\t<\/div>\n\t\t\t\t\t<\/div>\n\t\t<\/div>\n\t\t\t\t\t<\/div>\n\t\t<\/section>\n\t\t\t\t<section class=\"elementor-section elementor-top-section elementor-element elementor-element-eff2f69 elementor-section-boxed elementor-section-height-default elementor-section-height-default\" data-id=\"eff2f69\" data-element_type=\"section\">\n\t\t\t\t\t\t<div class=\"elementor-container elementor-column-gap-default\">\n\t\t\t\t\t<div class=\"elementor-column elementor-col-100 elementor-top-column elementor-element elementor-element-6b299f7\" data-id=\"6b299f7\" data-element_type=\"column\">\n\t\t\t<div class=\"elementor-widget-wrap elementor-element-populated\">\n\t\t\t\t\t\t<div class=\"elementor-element elementor-element-bd585d8 elementor-widget elementor-widget-text-editor\" data-id=\"bd585d8\" data-element_type=\"widget\" data-widget_type=\"text-editor.default\">\n\t\t\t\t<div class=\"elementor-widget-container\">\n\t\t\t\t\t\t\t\t\t<p>Na sexta-feira (19\/04), a Pol\u00edcia Civil de Santa Catarina, por meio da Divis\u00e3o de Investiga\u00e7\u00e3o Criminal de Itaja\u00ed (DIC), deu cumprimento a mandado de pris\u00e3o em desfavor de um homem que estava foragido por tr\u00eas homic\u00eddios qualificados cometidos na Para\u00edba. Segundo a Pol\u00edcia Civil da Para\u00edba, ele estaria foragido h\u00e1 12 anos e vinha se utilizando da identidade de seu irm\u00e3o para se manter oculto.<\/p><p>Ap\u00f3s trocas de informa\u00e7\u00f5es de intelig\u00eancia entre as equipes da Delegacia de Homic\u00eddio de Campina Grande\/PB e da Divis\u00e3o de Investiga\u00e7\u00e3o Criminal de Itaja\u00ed, o foragido foi capturado, quando retornava para sua resid\u00eancia no centro de Itaja\u00ed.<\/p><p>O preso foi encaminhado ao Sistema Penitenci\u00e1rio, onde permanece \u00e0 disposi\u00e7\u00e3o da Justi\u00e7a.<\/p>\t\t\t\t\t\t\t\t<\/div>\n\t\t\t\t<\/div>\n\t\t\t\t\t<\/div>\n\t\t<\/div>\n\t\t\t\t\t<\/div>\n\t\t<\/section>\n\t\t\t\t<\/div>\n\t\t","protected":false},"excerpt":{"rendered":"<p>Pol\u00edcia Civil prende foragido da Para\u00edba condenado por tr\u00eas homic\u00eddios qualificados Na sexta-feira (19\/04), a Pol\u00edcia Civil de Santa Catarina, por meio da Divis\u00e3o de Investiga\u00e7\u00e3o Criminal de Itaja\u00ed (DIC), deu cumprimento a mandado de pris\u00e3o em desfavor de um homem que estava foragido por tr\u00eas homic\u00eddios qualificados cometidos na Para\u00edba. Segundo a Pol\u00edcia Civil [&hellip;]<\/p>\n","protected":false},"author":5,"featured_media":19292,"comment_status":"closed","ping_status":"open","sticky":false,"template":"","format":"standard","meta":{"_monsterinsights_skip_tracking":false,"_monsterinsights_sitenote_active":false,"_monsterinsights_sitenote_note":"","_monsterinsights_sitenote_category":0,"footnotes":""},"categories":[1],"tags":[],"class_list":["post-19368","post","type-post","status-publish","format-standard","has-post-thumbnail","hentry","category-sem-categoria"],"_links":{"self":[{"href":"https:\/\/pc.sc.gov.br\/index.php?rest_route=\/wp\/v2\/posts\/19368","targetHints":{"allow":["GET"]}}],"collection":[{"href":"https:\/\/pc.sc.gov.br\/index.php?rest_route=\/wp\/v2\/posts"}],"about":[{"href":"https:\/\/pc.sc.gov.br\/index.php?rest_route=\/wp\/v2\/types\/post"}],"author":[{"embeddable":true,"href":"https:\/\/pc.sc.gov.br\/index.php?rest_route=\/wp\/v2\/users\/5"}],"replies":[{"embeddable":true,"href":"https:\/\/pc.sc.gov.br\/index.php?rest_route=%2Fwp%2Fv2%2Fcomments&post=19368"}],"version-history":[{"count":4,"href":"https:\/\/pc.sc.gov.br\/index.php?rest_route=\/wp\/v2\/posts\/19368\/revisions"}],"predecessor-version":[{"id":19372,"href":"https:\/\/pc.sc.gov.br\/index.php?rest_route=\/wp\/v2\/posts\/19368\/revisions\/19372"}],"wp:featuredmedia":[{"embeddable":true,"href":"https:\/\/pc.sc.gov.br\/index.php?rest_route=\/wp\/v2\/media\/19292"}],"wp:attachment":[{"href":"https:\/\/pc.sc.gov.br\/index.php?rest_route=%2Fwp%2Fv2%2Fmedia&parent=19368"}],"wp:term":[{"taxonomy":"category","embeddable":true,"href":"https:\/\/pc.sc.gov.br\/index.php?rest_route=%2Fwp%2Fv2%2Fcategories&post=19368"},{"taxonomy":"post_tag","embeddable":true,"href":"https:\/\/pc.sc.gov.br\/index.php?rest_route=%2Fwp%2Fv2%2Ftags&post=19368"}],"curies":[{"name":"wp","href":"https:\/\/api.w.org\/{rel}","templated":true}]}}