{"id":19374,"date":"2024-04-22T13:46:32","date_gmt":"2024-04-22T16:46:32","guid":{"rendered":"https:\/\/pc.sc.gov.br\/?p=19374"},"modified":"2024-04-22T13:47:59","modified_gmt":"2024-04-22T16:47:59","slug":"policia-civil-e-cidasc-deflagram-operacao-e-apreendem-cerca-de-tres-toneladas-de-carnes-suinas","status":"publish","type":"post","link":"https:\/\/pc.sc.gov.br\/?p=19374","title":{"rendered":"Pol\u00edcia Civil e Cidasc deflagram opera\u00e7\u00e3o e apreendem cerca de tr\u00eas toneladas de carnes su\u00ednas"},"content":{"rendered":"\t\t<div data-elementor-type=\"wp-post\" data-elementor-id=\"19374\" class=\"elementor elementor-19374\" data-elementor-post-type=\"post\">\n\t\t\t\t\t\t<section class=\"elementor-section elementor-top-section elementor-element elementor-element-fa961b0 elementor-section-boxed elementor-section-height-default elementor-section-height-default\" data-id=\"fa961b0\" data-element_type=\"section\">\n\t\t\t\t\t\t<div class=\"elementor-container elementor-column-gap-default\">\n\t\t\t\t\t<div class=\"elementor-column elementor-col-100 elementor-top-column elementor-element elementor-element-bfcac05\" data-id=\"bfcac05\" data-element_type=\"column\">\n\t\t\t<div class=\"elementor-widget-wrap elementor-element-populated\">\n\t\t\t\t\t\t<div class=\"elementor-element elementor-element-f14d5a7 elementor-widget elementor-widget-heading\" data-id=\"f14d5a7\" data-element_type=\"widget\" data-widget_type=\"heading.default\">\n\t\t\t\t<div class=\"elementor-widget-container\">\n\t\t\t\t\t<h2 class=\"elementor-heading-title elementor-size-default\">Pol\u00edcia Civil e Cidasc deflagram opera\u00e7\u00e3o e apreendem cerca de tr\u00eas toneladas de carnes su\u00ednas <\/h2>\t\t\t\t<\/div>\n\t\t\t\t<\/div>\n\t\t\t\t\t<\/div>\n\t\t<\/div>\n\t\t\t\t\t<\/div>\n\t\t<\/section>\n\t\t\t\t<section class=\"elementor-section elementor-top-section elementor-element elementor-element-ea3ec0d elementor-section-boxed elementor-section-height-default elementor-section-height-default\" data-id=\"ea3ec0d\" data-element_type=\"section\">\n\t\t\t\t\t\t<div class=\"elementor-container elementor-column-gap-default\">\n\t\t\t\t\t<div class=\"elementor-column elementor-col-100 elementor-top-column elementor-element elementor-element-e52754f\" data-id=\"e52754f\" data-element_type=\"column\">\n\t\t\t<div class=\"elementor-widget-wrap elementor-element-populated\">\n\t\t\t\t\t\t<div class=\"elementor-element elementor-element-7d42c46 elementor-widget elementor-widget-image\" data-id=\"7d42c46\" data-element_type=\"widget\" data-widget_type=\"image.default\">\n\t\t\t\t<div class=\"elementor-widget-container\">\n\t\t\t\t\t\t\t\t\t\t\t\t\t\t\t<img fetchpriority=\"high\" decoding=\"async\" width=\"696\" height=\"522\" src=\"https:\/\/pc.sc.gov.br\/\/wp-content\/uploads\/2024\/04\/WhatsApp-Image-2024-04-22-at-12.59.48-1024x768.jpeg\" class=\"attachment-large size-large wp-image-19375\" alt=\"\" srcset=\"https:\/\/pc.sc.gov.br\/\/wp-content\/uploads\/2024\/04\/WhatsApp-Image-2024-04-22-at-12.59.48-1024x768.jpeg 1024w, https:\/\/pc.sc.gov.br\/\/wp-content\/uploads\/2024\/04\/WhatsApp-Image-2024-04-22-at-12.59.48-300x225.jpeg 300w, https:\/\/pc.sc.gov.br\/\/wp-content\/uploads\/2024\/04\/WhatsApp-Image-2024-04-22-at-12.59.48-768x576.jpeg 768w, https:\/\/pc.sc.gov.br\/\/wp-content\/uploads\/2024\/04\/WhatsApp-Image-2024-04-22-at-12.59.48-1536x1152.jpeg 1536w, https:\/\/pc.sc.gov.br\/\/wp-content\/uploads\/2024\/04\/WhatsApp-Image-2024-04-22-at-12.59.48.jpeg 1600w\" sizes=\"(max-width: 696px) 100vw, 696px\" \/>\t\t\t\t\t\t\t\t\t\t\t\t\t\t\t<\/div>\n\t\t\t\t<\/div>\n\t\t\t\t\t<\/div>\n\t\t<\/div>\n\t\t\t\t\t<\/div>\n\t\t<\/section>\n\t\t\t\t<section class=\"elementor-section elementor-top-section elementor-element elementor-element-072a1bd elementor-section-boxed elementor-section-height-default elementor-section-height-default\" data-id=\"072a1bd\" data-element_type=\"section\">\n\t\t\t\t\t\t<div class=\"elementor-container elementor-column-gap-default\">\n\t\t\t\t\t<div class=\"elementor-column elementor-col-100 elementor-top-column elementor-element elementor-element-98bda99\" data-id=\"98bda99\" data-element_type=\"column\">\n\t\t\t<div class=\"elementor-widget-wrap elementor-element-populated\">\n\t\t\t\t\t\t<div class=\"elementor-element elementor-element-c6c5c54 elementor-widget elementor-widget-text-editor\" data-id=\"c6c5c54\" data-element_type=\"widget\" data-widget_type=\"text-editor.default\">\n\t\t\t\t<div class=\"elementor-widget-container\">\n\t\t\t\t\t\t\t\t\t<p>A Pol\u00edcia de Santa Catarina e a Cidasc deflagraram a opera\u00e7\u00e3o \u201cImproprius Alimentum\u201d, que resultou na pris\u00e3o em flagrante de um individuo pela pr\u00e1tica de crime contra o consumidor. A ouvidoria da Cidasc recebeu den\u00fancia que apontava individuo que detinha abatedouro clandestino com objetivo de com\u00e9rcio.<br \/><br \/>No intuito de flagrar a conduta denunciada, a Pol\u00edcia Civil e o Cidasc ao chegarem ao local encontraram quantidade expressiva de produto de carne su\u00edna, em torno de 3 (tr\u00eas) toneladas, que foram apreendidas. <br \/><br \/>O homem detentor da atividade clandestina foi conduzido \u00e0 delegacia e foi instaurado contra ele instaurado procedimento flagrancial pelo crime previsto no art. 7, inciso IX da lei 8137\/90, o qual det\u00e9m como pena de 2 a 5 anos de pris\u00e3o.<br \/><br \/>A carne, conforme se apurou, tinha como destino as cidades de Laguna, Bra\u00e7o do Norte e regi\u00e3o (inclusive a Serra Catarinense).<br \/><br \/>Por fim, realizaram-se os procedimentos de praxe da pris\u00e3o, sendo o preso posteriormente conduzido ao Pres\u00eddio Regional de Tubar\u00e3o. <br \/><br \/><\/p>\t\t\t\t\t\t\t\t<\/div>\n\t\t\t\t<\/div>\n\t\t\t\t\t<\/div>\n\t\t<\/div>\n\t\t\t\t\t<\/div>\n\t\t<\/section>\n\t\t\t\t<section class=\"elementor-section elementor-top-section elementor-element elementor-element-5e61f7c elementor-section-boxed elementor-section-height-default elementor-section-height-default\" data-id=\"5e61f7c\" data-element_type=\"section\">\n\t\t\t\t\t\t<div class=\"elementor-container elementor-column-gap-default\">\n\t\t\t\t\t<div class=\"elementor-column elementor-col-100 elementor-top-column elementor-element elementor-element-7735e9c\" data-id=\"7735e9c\" data-element_type=\"column\">\n\t\t\t<div class=\"elementor-widget-wrap elementor-element-populated\">\n\t\t\t\t\t\t<div class=\"elementor-element elementor-element-656c33d elementor-widget elementor-widget-image\" data-id=\"656c33d\" data-element_type=\"widget\" data-widget_type=\"image.default\">\n\t\t\t\t<div class=\"elementor-widget-container\">\n\t\t\t\t\t\t\t\t\t\t\t\t\t\t\t<img decoding=\"async\" width=\"696\" height=\"928\" src=\"https:\/\/pc.sc.gov.br\/\/wp-content\/uploads\/2024\/04\/WhatsApp-Image-2024-04-22-at-12.59.44-768x1024.jpeg\" class=\"attachment-large size-large wp-image-19376\" alt=\"\" srcset=\"https:\/\/pc.sc.gov.br\/\/wp-content\/uploads\/2024\/04\/WhatsApp-Image-2024-04-22-at-12.59.44-768x1024.jpeg 768w, https:\/\/pc.sc.gov.br\/\/wp-content\/uploads\/2024\/04\/WhatsApp-Image-2024-04-22-at-12.59.44-225x300.jpeg 225w, https:\/\/pc.sc.gov.br\/\/wp-content\/uploads\/2024\/04\/WhatsApp-Image-2024-04-22-at-12.59.44-1152x1536.jpeg 1152w, https:\/\/pc.sc.gov.br\/\/wp-content\/uploads\/2024\/04\/WhatsApp-Image-2024-04-22-at-12.59.44.jpeg 1200w\" sizes=\"(max-width: 696px) 100vw, 696px\" \/>\t\t\t\t\t\t\t\t\t\t\t\t\t\t\t<\/div>\n\t\t\t\t<\/div>\n\t\t\t\t\t<\/div>\n\t\t<\/div>\n\t\t\t\t\t<\/div>\n\t\t<\/section>\n\t\t\t\t<\/div>\n\t\t","protected":false},"excerpt":{"rendered":"<p>Pol\u00edcia Civil e Cidasc deflagram opera\u00e7\u00e3o e apreendem cerca de tr\u00eas toneladas de carnes su\u00ednas A Pol\u00edcia de Santa Catarina e a Cidasc deflagraram a opera\u00e7\u00e3o \u201cImproprius Alimentum\u201d, que resultou na pris\u00e3o em flagrante de um individuo pela pr\u00e1tica de crime contra o consumidor. A ouvidoria da Cidasc recebeu den\u00fancia que apontava individuo que detinha [&hellip;]<\/p>\n","protected":false},"author":5,"featured_media":19376,"comment_status":"closed","ping_status":"open","sticky":false,"template":"","format":"standard","meta":{"_monsterinsights_skip_tracking":false,"_monsterinsights_sitenote_active":false,"_monsterinsights_sitenote_note":"","_monsterinsights_sitenote_category":0,"footnotes":""},"categories":[1],"tags":[],"class_list":["post-19374","post","type-post","status-publish","format-standard","has-post-thumbnail","hentry","category-sem-categoria"],"_links":{"self":[{"href":"https:\/\/pc.sc.gov.br\/index.php?rest_route=\/wp\/v2\/posts\/19374","targetHints":{"allow":["GET"]}}],"collection":[{"href":"https:\/\/pc.sc.gov.br\/index.php?rest_route=\/wp\/v2\/posts"}],"about":[{"href":"https:\/\/pc.sc.gov.br\/index.php?rest_route=\/wp\/v2\/types\/post"}],"author":[{"embeddable":true,"href":"https:\/\/pc.sc.gov.br\/index.php?rest_route=\/wp\/v2\/users\/5"}],"replies":[{"embeddable":true,"href":"https:\/\/pc.sc.gov.br\/index.php?rest_route=%2Fwp%2Fv2%2Fcomments&post=19374"}],"version-history":[{"count":4,"href":"https:\/\/pc.sc.gov.br\/index.php?rest_route=\/wp\/v2\/posts\/19374\/revisions"}],"predecessor-version":[{"id":19380,"href":"https:\/\/pc.sc.gov.br\/index.php?rest_route=\/wp\/v2\/posts\/19374\/revisions\/19380"}],"wp:featuredmedia":[{"embeddable":true,"href":"https:\/\/pc.sc.gov.br\/index.php?rest_route=\/wp\/v2\/media\/19376"}],"wp:attachment":[{"href":"https:\/\/pc.sc.gov.br\/index.php?rest_route=%2Fwp%2Fv2%2Fmedia&parent=19374"}],"wp:term":[{"taxonomy":"category","embeddable":true,"href":"https:\/\/pc.sc.gov.br\/index.php?rest_route=%2Fwp%2Fv2%2Fcategories&post=19374"},{"taxonomy":"post_tag","embeddable":true,"href":"https:\/\/pc.sc.gov.br\/index.php?rest_route=%2Fwp%2Fv2%2Ftags&post=19374"}],"curies":[{"name":"wp","href":"https:\/\/api.w.org\/{rel}","templated":true}]}}