{"id":19381,"date":"2024-04-22T14:33:12","date_gmt":"2024-04-22T17:33:12","guid":{"rendered":"https:\/\/pc.sc.gov.br\/?p=19381"},"modified":"2024-04-22T14:34:19","modified_gmt":"2024-04-22T17:34:19","slug":"acao-integrada-resulta-na-apreensao-de-grande-quantidade-de-drogas-e-na-prisao-de-tres-suspeitos","status":"publish","type":"post","link":"https:\/\/pc.sc.gov.br\/?p=19381","title":{"rendered":"A\u00e7\u00e3o integrada resulta na apreens\u00e3o de grande quantidade de drogas e na pris\u00e3o de tr\u00eas suspeitos"},"content":{"rendered":"\t\t<div data-elementor-type=\"wp-post\" data-elementor-id=\"19381\" class=\"elementor elementor-19381\" data-elementor-post-type=\"post\">\n\t\t\t\t\t\t<section class=\"elementor-section elementor-top-section elementor-element elementor-element-3453427 elementor-section-boxed elementor-section-height-default elementor-section-height-default\" data-id=\"3453427\" data-element_type=\"section\">\n\t\t\t\t\t\t<div class=\"elementor-container elementor-column-gap-default\">\n\t\t\t\t\t<div class=\"elementor-column elementor-col-100 elementor-top-column elementor-element elementor-element-4a8b38e\" data-id=\"4a8b38e\" data-element_type=\"column\">\n\t\t\t<div class=\"elementor-widget-wrap elementor-element-populated\">\n\t\t\t\t\t\t<div class=\"elementor-element elementor-element-fa88cd0 elementor-widget elementor-widget-heading\" data-id=\"fa88cd0\" data-element_type=\"widget\" data-widget_type=\"heading.default\">\n\t\t\t\t<div class=\"elementor-widget-container\">\n\t\t\t\t\t<h2 class=\"elementor-heading-title elementor-size-default\">A\u00e7\u00e3o integrada resulta na apreens\u00e3o de grande quantidade de drogas e na pris\u00e3o de tr\u00eas suspeitos<\/h2>\t\t\t\t<\/div>\n\t\t\t\t<\/div>\n\t\t\t\t\t<\/div>\n\t\t<\/div>\n\t\t\t\t\t<\/div>\n\t\t<\/section>\n\t\t\t\t<section class=\"elementor-section elementor-top-section elementor-element elementor-element-5940e1e elementor-section-boxed elementor-section-height-default elementor-section-height-default\" data-id=\"5940e1e\" data-element_type=\"section\">\n\t\t\t\t\t\t<div class=\"elementor-container elementor-column-gap-default\">\n\t\t\t\t\t<div class=\"elementor-column elementor-col-100 elementor-top-column elementor-element elementor-element-b3f5bf7\" data-id=\"b3f5bf7\" data-element_type=\"column\">\n\t\t\t<div class=\"elementor-widget-wrap elementor-element-populated\">\n\t\t\t\t\t\t<div class=\"elementor-element elementor-element-45fc5e8 elementor-widget elementor-widget-image\" data-id=\"45fc5e8\" data-element_type=\"widget\" data-widget_type=\"image.default\">\n\t\t\t\t<div class=\"elementor-widget-container\">\n\t\t\t\t\t\t\t\t\t\t\t\t\t\t\t<img fetchpriority=\"high\" decoding=\"async\" width=\"696\" height=\"653\" src=\"https:\/\/pc.sc.gov.br\/\/wp-content\/uploads\/2024\/04\/WhatsApp-Image-2024-04-20-at-01.42.51-1024x960.jpeg\" class=\"attachment-large size-large wp-image-19383\" alt=\"\" srcset=\"https:\/\/pc.sc.gov.br\/\/wp-content\/uploads\/2024\/04\/WhatsApp-Image-2024-04-20-at-01.42.51-1024x960.jpeg 1024w, https:\/\/pc.sc.gov.br\/\/wp-content\/uploads\/2024\/04\/WhatsApp-Image-2024-04-20-at-01.42.51-300x281.jpeg 300w, https:\/\/pc.sc.gov.br\/\/wp-content\/uploads\/2024\/04\/WhatsApp-Image-2024-04-20-at-01.42.51-768x720.jpeg 768w, https:\/\/pc.sc.gov.br\/\/wp-content\/uploads\/2024\/04\/WhatsApp-Image-2024-04-20-at-01.42.51.jpeg 1027w\" sizes=\"(max-width: 696px) 100vw, 696px\" \/>\t\t\t\t\t\t\t\t\t\t\t\t\t\t\t<\/div>\n\t\t\t\t<\/div>\n\t\t\t\t\t<\/div>\n\t\t<\/div>\n\t\t\t\t\t<\/div>\n\t\t<\/section>\n\t\t\t\t<section class=\"elementor-section elementor-top-section elementor-element elementor-element-bd82756 elementor-section-boxed elementor-section-height-default elementor-section-height-default\" data-id=\"bd82756\" data-element_type=\"section\">\n\t\t\t\t\t\t<div class=\"elementor-container elementor-column-gap-default\">\n\t\t\t\t\t<div class=\"elementor-column elementor-col-100 elementor-top-column elementor-element elementor-element-a50138d\" data-id=\"a50138d\" data-element_type=\"column\">\n\t\t\t<div class=\"elementor-widget-wrap elementor-element-populated\">\n\t\t\t\t\t\t<div class=\"elementor-element elementor-element-bc6fee0 elementor-widget elementor-widget-text-editor\" data-id=\"bc6fee0\" data-element_type=\"widget\" data-widget_type=\"text-editor.default\">\n\t\t\t\t<div class=\"elementor-widget-container\">\n\t\t\t\t\t\t\t\t\t<p><\/p>\n<p>Na sexta-feira (19\/04), a Pol\u00edcia Civil de Santa Catarina e Pol\u00edcia Rodovi\u00e1ria Federal, prestaram apoio \u00e0 opera\u00e7\u00e3o deflagrada pela Pol\u00edcia Civil do Rio Grande de Sul, por meio da 1\u00aa DIN\/DENARC.<\/p>\n<p><\/p>\n<p>Durante a a\u00e7\u00e3o, foram presos em flagrante por tr\u00e1fico de drogas de tr\u00eas homens na cidade de Bom Jesus do Oeste, regi\u00e3o de Chapec\u00f3 (SC), quando transportavam grande quantidade de entorpecentes.<\/p>\n<p><\/p>\n<p>A investiga\u00e7\u00e3o iniciou a partir da troca de informa\u00e7\u00f5es dos servi\u00e7os de intelig\u00eancia acerca de uma carreta que estaria trazendo grande quantidade de entorpecentes para o Estado do Rio Grande do Sul.<\/p>\n<p><\/p>\n<p>Com as investiga\u00e7\u00f5es em andamento, os policiais monitoraram os prov\u00e1veis ve\u00edculos que estariam envolvidos, transportando drogas a partir do Estado do Paran\u00e1.<\/p>\n<p><\/p>\n<p>Foi solicitado apoio da Equipe com helic\u00f3ptero do Servi\u00e7o Aeropolicial de Fronteira, SAER-FRON, sendo localizados e abordados um carro e uma carreta, avistados na BR 160, pr\u00f3ximo a Bom Jesus do Oeste, regi\u00e3o de Chapec\u00f3 (SC), em dire\u00e7\u00e3o ao Rio Grande do Sul.<\/p>\n<p><\/p>\n<p>No interior da carreta foram localizados 707 quilos de maconha que tinham como destino o Rio Grande do Sul. O motorista da carreta e outros dois suspeitos do ve\u00edculo que estavam auxiliando no transporte da carga foram presos em flagrante. O preju\u00edzo ao crime organizado \u00e9 de um milh\u00e3o e quinhentos mil reais.<\/p>\n<p><\/p>\n<p>O delegado Albert Silveira, Coordenador do SAER-FRON, da Pol\u00edcia Civil de Santa Catarina, informou que a apreens\u00e3o da droga e pris\u00e3o dos suspeitos s\u00f3 foi poss\u00edvel em raz\u00e3o da integra\u00e7\u00e3o entre as for\u00e7as que atuaram nesta a\u00e7\u00e3o policial.<\/p>\t\t\t\t\t\t\t\t<\/div>\n\t\t\t\t<\/div>\n\t\t\t\t\t<\/div>\n\t\t<\/div>\n\t\t\t\t\t<\/div>\n\t\t<\/section>\n\t\t\t\t<section class=\"elementor-section elementor-top-section elementor-element elementor-element-29f0c08 elementor-section-boxed elementor-section-height-default elementor-section-height-default\" data-id=\"29f0c08\" data-element_type=\"section\">\n\t\t\t\t\t\t<div class=\"elementor-container elementor-column-gap-default\">\n\t\t\t\t\t<div class=\"elementor-column elementor-col-100 elementor-top-column elementor-element elementor-element-9746aad\" data-id=\"9746aad\" data-element_type=\"column\">\n\t\t\t<div class=\"elementor-widget-wrap elementor-element-populated\">\n\t\t\t\t\t\t<div class=\"elementor-element elementor-element-322b304 elementor-widget elementor-widget-image\" data-id=\"322b304\" data-element_type=\"widget\" data-widget_type=\"image.default\">\n\t\t\t\t<div class=\"elementor-widget-container\">\n\t\t\t\t\t\t\t\t\t\t\t\t\t\t\t<img decoding=\"async\" width=\"696\" height=\"563\" src=\"https:\/\/pc.sc.gov.br\/\/wp-content\/uploads\/2024\/04\/WhatsApp-Image-2024-04-20-at-01.43.02-1024x829.jpeg\" class=\"attachment-large size-large wp-image-19382\" alt=\"\" srcset=\"https:\/\/pc.sc.gov.br\/\/wp-content\/uploads\/2024\/04\/WhatsApp-Image-2024-04-20-at-01.43.02-1024x829.jpeg 1024w, https:\/\/pc.sc.gov.br\/\/wp-content\/uploads\/2024\/04\/WhatsApp-Image-2024-04-20-at-01.43.02-300x243.jpeg 300w, https:\/\/pc.sc.gov.br\/\/wp-content\/uploads\/2024\/04\/WhatsApp-Image-2024-04-20-at-01.43.02-768x622.jpeg 768w, https:\/\/pc.sc.gov.br\/\/wp-content\/uploads\/2024\/04\/WhatsApp-Image-2024-04-20-at-01.43.02.jpeg 1280w\" sizes=\"(max-width: 696px) 100vw, 696px\" \/>\t\t\t\t\t\t\t\t\t\t\t\t\t\t\t<\/div>\n\t\t\t\t<\/div>\n\t\t\t\t\t<\/div>\n\t\t<\/div>\n\t\t\t\t\t<\/div>\n\t\t<\/section>\n\t\t\t\t<\/div>\n\t\t","protected":false},"excerpt":{"rendered":"<p>A\u00e7\u00e3o integrada resulta na apreens\u00e3o de grande quantidade de drogas e na pris\u00e3o de tr\u00eas suspeitos Na sexta-feira (19\/04), a Pol\u00edcia Civil de Santa Catarina e Pol\u00edcia Rodovi\u00e1ria Federal, prestaram apoio \u00e0 opera\u00e7\u00e3o deflagrada pela Pol\u00edcia Civil do Rio Grande de Sul, por meio da 1\u00aa DIN\/DENARC. Durante a a\u00e7\u00e3o, foram presos em flagrante por [&hellip;]<\/p>\n","protected":false},"author":5,"featured_media":19383,"comment_status":"closed","ping_status":"open","sticky":false,"template":"","format":"standard","meta":{"_monsterinsights_skip_tracking":false,"_monsterinsights_sitenote_active":false,"_monsterinsights_sitenote_note":"","_monsterinsights_sitenote_category":0,"footnotes":""},"categories":[1],"tags":[],"class_list":["post-19381","post","type-post","status-publish","format-standard","has-post-thumbnail","hentry","category-sem-categoria"],"_links":{"self":[{"href":"https:\/\/pc.sc.gov.br\/index.php?rest_route=\/wp\/v2\/posts\/19381","targetHints":{"allow":["GET"]}}],"collection":[{"href":"https:\/\/pc.sc.gov.br\/index.php?rest_route=\/wp\/v2\/posts"}],"about":[{"href":"https:\/\/pc.sc.gov.br\/index.php?rest_route=\/wp\/v2\/types\/post"}],"author":[{"embeddable":true,"href":"https:\/\/pc.sc.gov.br\/index.php?rest_route=\/wp\/v2\/users\/5"}],"replies":[{"embeddable":true,"href":"https:\/\/pc.sc.gov.br\/index.php?rest_route=%2Fwp%2Fv2%2Fcomments&post=19381"}],"version-history":[{"count":4,"href":"https:\/\/pc.sc.gov.br\/index.php?rest_route=\/wp\/v2\/posts\/19381\/revisions"}],"predecessor-version":[{"id":19387,"href":"https:\/\/pc.sc.gov.br\/index.php?rest_route=\/wp\/v2\/posts\/19381\/revisions\/19387"}],"wp:featuredmedia":[{"embeddable":true,"href":"https:\/\/pc.sc.gov.br\/index.php?rest_route=\/wp\/v2\/media\/19383"}],"wp:attachment":[{"href":"https:\/\/pc.sc.gov.br\/index.php?rest_route=%2Fwp%2Fv2%2Fmedia&parent=19381"}],"wp:term":[{"taxonomy":"category","embeddable":true,"href":"https:\/\/pc.sc.gov.br\/index.php?rest_route=%2Fwp%2Fv2%2Fcategories&post=19381"},{"taxonomy":"post_tag","embeddable":true,"href":"https:\/\/pc.sc.gov.br\/index.php?rest_route=%2Fwp%2Fv2%2Ftags&post=19381"}],"curies":[{"name":"wp","href":"https:\/\/api.w.org\/{rel}","templated":true}]}}