{"id":19388,"date":"2024-04-22T14:48:58","date_gmt":"2024-04-22T17:48:58","guid":{"rendered":"https:\/\/pc.sc.gov.br\/?p=19388"},"modified":"2024-04-22T14:49:57","modified_gmt":"2024-04-22T17:49:57","slug":"policia-civil-elucida-crime-de-homicidio-qualificado-de-um-homem-em-biguacu","status":"publish","type":"post","link":"https:\/\/pc.sc.gov.br\/?p=19388","title":{"rendered":"Pol\u00edcia Civil elucida crime de homic\u00eddio qualificado de um homem em Bigua\u00e7u"},"content":{"rendered":"\t\t<div data-elementor-type=\"wp-post\" data-elementor-id=\"19388\" class=\"elementor elementor-19388\" data-elementor-post-type=\"post\">\n\t\t\t\t\t\t<section class=\"elementor-section elementor-top-section elementor-element elementor-element-54fa0b2 elementor-section-boxed elementor-section-height-default elementor-section-height-default\" data-id=\"54fa0b2\" data-element_type=\"section\">\n\t\t\t\t\t\t<div class=\"elementor-container elementor-column-gap-default\">\n\t\t\t\t\t<div class=\"elementor-column elementor-col-100 elementor-top-column elementor-element elementor-element-3c56f04\" data-id=\"3c56f04\" data-element_type=\"column\">\n\t\t\t<div class=\"elementor-widget-wrap elementor-element-populated\">\n\t\t\t\t\t\t<div class=\"elementor-element elementor-element-93d11b0 elementor-widget elementor-widget-heading\" data-id=\"93d11b0\" data-element_type=\"widget\" data-widget_type=\"heading.default\">\n\t\t\t\t<div class=\"elementor-widget-container\">\n\t\t\t\t\t<h2 class=\"elementor-heading-title elementor-size-default\">Pol\u00edcia Civil elucida crime de homic\u00eddio qualificado de um homem em Bigua\u00e7u <\/h2>\t\t\t\t<\/div>\n\t\t\t\t<\/div>\n\t\t\t\t\t<\/div>\n\t\t<\/div>\n\t\t\t\t\t<\/div>\n\t\t<\/section>\n\t\t\t\t<section class=\"elementor-section elementor-top-section elementor-element elementor-element-0409c2b elementor-section-boxed elementor-section-height-default elementor-section-height-default\" data-id=\"0409c2b\" data-element_type=\"section\">\n\t\t\t\t\t\t<div class=\"elementor-container elementor-column-gap-default\">\n\t\t\t\t\t<div class=\"elementor-column elementor-col-100 elementor-top-column elementor-element elementor-element-903bb8b\" data-id=\"903bb8b\" data-element_type=\"column\">\n\t\t\t<div class=\"elementor-widget-wrap elementor-element-populated\">\n\t\t\t\t\t\t<div class=\"elementor-element elementor-element-5f3d2d4 elementor-widget elementor-widget-image\" data-id=\"5f3d2d4\" data-element_type=\"widget\" data-widget_type=\"image.default\">\n\t\t\t\t<div class=\"elementor-widget-container\">\n\t\t\t\t\t\t\t\t\t\t\t\t\t\t\t<img fetchpriority=\"high\" decoding=\"async\" width=\"696\" height=\"466\" src=\"https:\/\/pc.sc.gov.br\/\/wp-content\/uploads\/2024\/04\/WhatsApp-Image-2024-04-15-at-08.55.30-fotor-20240419145218-1024x686.jpg\" class=\"attachment-large size-large wp-image-19319\" alt=\"\" srcset=\"https:\/\/pc.sc.gov.br\/\/wp-content\/uploads\/2024\/04\/WhatsApp-Image-2024-04-15-at-08.55.30-fotor-20240419145218-1024x686.jpg 1024w, https:\/\/pc.sc.gov.br\/\/wp-content\/uploads\/2024\/04\/WhatsApp-Image-2024-04-15-at-08.55.30-fotor-20240419145218-300x201.jpg 300w, https:\/\/pc.sc.gov.br\/\/wp-content\/uploads\/2024\/04\/WhatsApp-Image-2024-04-15-at-08.55.30-fotor-20240419145218-768x514.jpg 768w, https:\/\/pc.sc.gov.br\/\/wp-content\/uploads\/2024\/04\/WhatsApp-Image-2024-04-15-at-08.55.30-fotor-20240419145218.jpg 1189w\" sizes=\"(max-width: 696px) 100vw, 696px\" \/>\t\t\t\t\t\t\t\t\t\t\t\t\t\t\t<\/div>\n\t\t\t\t<\/div>\n\t\t\t\t\t<\/div>\n\t\t<\/div>\n\t\t\t\t\t<\/div>\n\t\t<\/section>\n\t\t\t\t<section class=\"elementor-section elementor-top-section elementor-element elementor-element-4e86d3a elementor-section-boxed elementor-section-height-default elementor-section-height-default\" data-id=\"4e86d3a\" data-element_type=\"section\">\n\t\t\t\t\t\t<div class=\"elementor-container elementor-column-gap-default\">\n\t\t\t\t\t<div class=\"elementor-column elementor-col-100 elementor-top-column elementor-element elementor-element-04f19b7\" data-id=\"04f19b7\" data-element_type=\"column\">\n\t\t\t<div class=\"elementor-widget-wrap elementor-element-populated\">\n\t\t\t\t\t\t<div class=\"elementor-element elementor-element-17ce8a4 elementor-widget elementor-widget-text-editor\" data-id=\"17ce8a4\" data-element_type=\"widget\" data-widget_type=\"text-editor.default\">\n\t\t\t\t<div class=\"elementor-widget-container\">\n\t\t\t\t\t\t\t\t\t<p>A Pol\u00edcia Civil de Santa Catarina, por meio da Delegacia de Pol\u00edcia da Comarca de Bigua\u00e7u,\u00a0deu cumprimento a\u00a0tr\u00eas\u00a0mandados de busca e apreens\u00e3o em resid\u00eancias para fins de angariar provas do crime de homic\u00eddio\u00a0qualificado\u00a0ocorrido em\u00a0fevereiro deste ano no Bairro Bom Viver, em Bigua\u00e7u. Na a\u00e7\u00e3o, obteve-se \u00eaxito em elucidar o crime brutal que ceifou a vida de um rapaz de 19 anos de idade com mais de 20 disparos de arma de fogo.<\/p><p>\u00a0<\/p><p>Conforme se apurou, o crime foi motivado por disputa de \u201cponto\u201d de\u00a0tr\u00e1fico de\u00a0drogas\u00a0e teria sido cometido em\u00a0coautoria por dois suspeitos. Um deles, de elevada periculosidade, j\u00e1 responde por mais dois homic\u00eddios, por roubo e tr\u00e1fico de drogas.\u00a0O outro tamb\u00e9m possui passagens por tr\u00e1fico de drogas.<\/p><p>\u00a0<\/p><p>Os suspeitos do crime de homic\u00eddio j\u00e1 se encontram presos\u00a0e foram indiciados pelo crime de homic\u00eddio triplamente qualificado, por motivo torpe, cruel e\u00a0por ter sido cometido\u00a0mediante trai\u00e7\u00e3o e emboscada.<\/p><p>\u00a0<\/p><p>As dilig\u00eancias contaram com o apoio de policiais civis da DMPU de Governador Celso Ramos e de Policiais Militares de Bigua\u00e7u. O inqu\u00e9rito\u00a0policial\u00a0foi\u00a0finalizado e encaminhado ao Poder Judici\u00e1rio.<\/p>\t\t\t\t\t\t\t\t<\/div>\n\t\t\t\t<\/div>\n\t\t\t\t\t<\/div>\n\t\t<\/div>\n\t\t\t\t\t<\/div>\n\t\t<\/section>\n\t\t\t\t<\/div>\n\t\t","protected":false},"excerpt":{"rendered":"<p>Pol\u00edcia Civil elucida crime de homic\u00eddio qualificado de um homem em Bigua\u00e7u A Pol\u00edcia Civil de Santa Catarina, por meio da Delegacia de Pol\u00edcia da Comarca de Bigua\u00e7u,\u00a0deu cumprimento a\u00a0tr\u00eas\u00a0mandados de busca e apreens\u00e3o em resid\u00eancias para fins de angariar provas do crime de homic\u00eddio\u00a0qualificado\u00a0ocorrido em\u00a0fevereiro deste ano no Bairro Bom Viver, em Bigua\u00e7u. Na [&hellip;]<\/p>\n","protected":false},"author":5,"featured_media":19181,"comment_status":"closed","ping_status":"open","sticky":false,"template":"","format":"standard","meta":{"_monsterinsights_skip_tracking":false,"_monsterinsights_sitenote_active":false,"_monsterinsights_sitenote_note":"","_monsterinsights_sitenote_category":0,"footnotes":""},"categories":[1],"tags":[],"class_list":["post-19388","post","type-post","status-publish","format-standard","has-post-thumbnail","hentry","category-sem-categoria"],"_links":{"self":[{"href":"https:\/\/pc.sc.gov.br\/index.php?rest_route=\/wp\/v2\/posts\/19388","targetHints":{"allow":["GET"]}}],"collection":[{"href":"https:\/\/pc.sc.gov.br\/index.php?rest_route=\/wp\/v2\/posts"}],"about":[{"href":"https:\/\/pc.sc.gov.br\/index.php?rest_route=\/wp\/v2\/types\/post"}],"author":[{"embeddable":true,"href":"https:\/\/pc.sc.gov.br\/index.php?rest_route=\/wp\/v2\/users\/5"}],"replies":[{"embeddable":true,"href":"https:\/\/pc.sc.gov.br\/index.php?rest_route=%2Fwp%2Fv2%2Fcomments&post=19388"}],"version-history":[{"count":4,"href":"https:\/\/pc.sc.gov.br\/index.php?rest_route=\/wp\/v2\/posts\/19388\/revisions"}],"predecessor-version":[{"id":19392,"href":"https:\/\/pc.sc.gov.br\/index.php?rest_route=\/wp\/v2\/posts\/19388\/revisions\/19392"}],"wp:featuredmedia":[{"embeddable":true,"href":"https:\/\/pc.sc.gov.br\/index.php?rest_route=\/wp\/v2\/media\/19181"}],"wp:attachment":[{"href":"https:\/\/pc.sc.gov.br\/index.php?rest_route=%2Fwp%2Fv2%2Fmedia&parent=19388"}],"wp:term":[{"taxonomy":"category","embeddable":true,"href":"https:\/\/pc.sc.gov.br\/index.php?rest_route=%2Fwp%2Fv2%2Fcategories&post=19388"},{"taxonomy":"post_tag","embeddable":true,"href":"https:\/\/pc.sc.gov.br\/index.php?rest_route=%2Fwp%2Fv2%2Ftags&post=19388"}],"curies":[{"name":"wp","href":"https:\/\/api.w.org\/{rel}","templated":true}]}}