{"id":19394,"date":"2024-04-22T16:16:56","date_gmt":"2024-04-22T19:16:56","guid":{"rendered":"https:\/\/pc.sc.gov.br\/?p=19394"},"modified":"2024-04-22T16:18:26","modified_gmt":"2024-04-22T19:18:26","slug":"dfrv-deic-estoura-desmanche-e-prende-quatro-pessoas-por-receptacao-adulteracao-e-associacao-criminosa-em-sao-jose","status":"publish","type":"post","link":"https:\/\/pc.sc.gov.br\/?p=19394","title":{"rendered":"DFRV\/DEIC estoura desmanche e prende quatro pessoas por recepta\u00e7\u00e3o, adultera\u00e7\u00e3o e associa\u00e7\u00e3o criminosa em S\u00e3o Jos\u00e9"},"content":{"rendered":"\t\t<div data-elementor-type=\"wp-post\" data-elementor-id=\"19394\" class=\"elementor elementor-19394\" data-elementor-post-type=\"post\">\n\t\t\t\t\t\t<section class=\"elementor-section elementor-top-section elementor-element elementor-element-75b552d elementor-section-boxed elementor-section-height-default elementor-section-height-default\" data-id=\"75b552d\" data-element_type=\"section\">\n\t\t\t\t\t\t<div class=\"elementor-container elementor-column-gap-default\">\n\t\t\t\t\t<div class=\"elementor-column elementor-col-100 elementor-top-column elementor-element elementor-element-60325a4\" data-id=\"60325a4\" data-element_type=\"column\">\n\t\t\t<div class=\"elementor-widget-wrap elementor-element-populated\">\n\t\t\t\t\t\t<div class=\"elementor-element elementor-element-02eaf85 elementor-widget elementor-widget-heading\" data-id=\"02eaf85\" data-element_type=\"widget\" data-widget_type=\"heading.default\">\n\t\t\t\t<div class=\"elementor-widget-container\">\n\t\t\t\t\t<h2 class=\"elementor-heading-title elementor-size-default\">DFRV\/DEIC estoura desmanche e prende quatro pessoas por recepta\u00e7\u00e3o, adultera\u00e7\u00e3o e associa\u00e7\u00e3o criminosa em S\u00e3o Jos\u00e9<\/h2>\t\t\t\t<\/div>\n\t\t\t\t<\/div>\n\t\t\t\t\t<\/div>\n\t\t<\/div>\n\t\t\t\t\t<\/div>\n\t\t<\/section>\n\t\t\t\t<section class=\"elementor-section elementor-top-section elementor-element elementor-element-f5cc54d elementor-section-boxed elementor-section-height-default elementor-section-height-default\" data-id=\"f5cc54d\" data-element_type=\"section\">\n\t\t\t\t\t\t<div class=\"elementor-container elementor-column-gap-default\">\n\t\t\t\t\t<div class=\"elementor-column elementor-col-100 elementor-top-column elementor-element elementor-element-6c5f240\" data-id=\"6c5f240\" data-element_type=\"column\">\n\t\t\t<div class=\"elementor-widget-wrap elementor-element-populated\">\n\t\t\t\t\t\t<div class=\"elementor-element elementor-element-3b9d2d3 elementor-widget elementor-widget-image\" data-id=\"3b9d2d3\" data-element_type=\"widget\" data-widget_type=\"image.default\">\n\t\t\t\t<div class=\"elementor-widget-container\">\n\t\t\t\t\t\t\t\t\t\t\t\t\t\t\t<img fetchpriority=\"high\" decoding=\"async\" width=\"696\" height=\"314\" src=\"https:\/\/pc.sc.gov.br\/\/wp-content\/uploads\/2024\/04\/WhatsApp-Image-2024-04-22-at-15.01.05-1024x462.jpeg\" class=\"attachment-large size-large wp-image-19395\" alt=\"\" srcset=\"https:\/\/pc.sc.gov.br\/\/wp-content\/uploads\/2024\/04\/WhatsApp-Image-2024-04-22-at-15.01.05-1024x462.jpeg 1024w, https:\/\/pc.sc.gov.br\/\/wp-content\/uploads\/2024\/04\/WhatsApp-Image-2024-04-22-at-15.01.05-300x135.jpeg 300w, https:\/\/pc.sc.gov.br\/\/wp-content\/uploads\/2024\/04\/WhatsApp-Image-2024-04-22-at-15.01.05-768x346.jpeg 768w, https:\/\/pc.sc.gov.br\/\/wp-content\/uploads\/2024\/04\/WhatsApp-Image-2024-04-22-at-15.01.05.jpeg 1156w\" sizes=\"(max-width: 696px) 100vw, 696px\" \/>\t\t\t\t\t\t\t\t\t\t\t\t\t\t\t<\/div>\n\t\t\t\t<\/div>\n\t\t\t\t\t<\/div>\n\t\t<\/div>\n\t\t\t\t\t<\/div>\n\t\t<\/section>\n\t\t\t\t<section class=\"elementor-section elementor-top-section elementor-element elementor-element-586ff60 elementor-section-boxed elementor-section-height-default elementor-section-height-default\" data-id=\"586ff60\" data-element_type=\"section\">\n\t\t\t\t\t\t<div class=\"elementor-container elementor-column-gap-default\">\n\t\t\t\t\t<div class=\"elementor-column elementor-col-100 elementor-top-column elementor-element elementor-element-f087075\" data-id=\"f087075\" data-element_type=\"column\">\n\t\t\t<div class=\"elementor-widget-wrap elementor-element-populated\">\n\t\t\t\t\t\t<div class=\"elementor-element elementor-element-7bc3574 elementor-widget elementor-widget-text-editor\" data-id=\"7bc3574\" data-element_type=\"widget\" data-widget_type=\"text-editor.default\">\n\t\t\t\t<div class=\"elementor-widget-container\">\n\t\t\t\t\t\t\t\t\t<p>A Pol\u00edcia Civil de Santa Catarina, por interm\u00e9dio da Delegacia de Furtos e Roubos de Ve\u00edculos (DFRV\/DEIC) realizou na sexta-feira (19) a 16\u00aa edi\u00e7\u00e3o da opera\u00e7\u00e3o 311, que visa coibir o com\u00e9rcio ilegal de pe\u00e7as automotivas. Em parceria com a Guarda Municipal e Pol\u00edcia Cient\u00edfica, os policiais da DFRV\/DEIC identificaram mais um estabelecimento respons\u00e1vel pela&nbsp; venda irregular de pe\u00e7as de ve\u00edculos, no Bairro&nbsp; Barreiros, S\u00e3o Jos\u00e9.<\/p>\n<p>Durante as dilig\u00eancias, realizadas na loja e no dep\u00f3sito, foi localizado um ve\u00edculo Renault Leaf Tekna, totalmente desmanchado e identificado como roubado em S\u00e3o Jos\u00e9 e pe\u00e7as\/partes de outros quatro ve\u00edculos com os sinais identificadores suprimidos.&nbsp;&nbsp;<\/p>\n<p>Os quatro respons\u00e1veis pelo estabelecimento foram conduzidos para sede da DEIC e autuados em flagrante pelo crime de recepta\u00e7\u00e3o qualificada, adultera\u00e7\u00e3o de sinal identificador de ve\u00edculo e associa\u00e7\u00e3o criminosa.<\/p>\n<p>A opera\u00e7\u00e3o 311 \u00e9 uma a\u00e7\u00e3o de fiscaliza\u00e7\u00e3o de Empresas do ramo de autope\u00e7as, que visa o combate ao crime de recepta\u00e7\u00e3o de pe\u00e7as automotivas de proced\u00eancia il\u00edcita. Essa fiscaliza\u00e7\u00e3o \u00e9 coordenada pela Delegacia de Furtos e Roubos de ve\u00edculos (DFRV\/DEIC), em conjunto com a Pol\u00edcia Cient\u00edfica e a Guarda Municipal de S\u00e3o Jos\u00e9.&nbsp;<span style=\"color: var( --e-global-color-text ); font-family: var( --e-global-typography-primary-font-family ), Sans-serif; font-size: var( --e-global-typography-primary-font-size ); font-weight: var( --e-global-typography-primary-font-weight ); letter-spacing: var( --e-global-typography-primary-letter-spacing );\">&nbsp;<\/span><\/p>\t\t\t\t\t\t\t\t<\/div>\n\t\t\t\t<\/div>\n\t\t\t\t\t<\/div>\n\t\t<\/div>\n\t\t\t\t\t<\/div>\n\t\t<\/section>\n\t\t\t\t<\/div>\n\t\t","protected":false},"excerpt":{"rendered":"<p>DFRV\/DEIC estoura desmanche e prende quatro pessoas por recepta\u00e7\u00e3o, adultera\u00e7\u00e3o e associa\u00e7\u00e3o criminosa em S\u00e3o Jos\u00e9 A Pol\u00edcia Civil de Santa Catarina, por interm\u00e9dio da Delegacia de Furtos e Roubos de Ve\u00edculos (DFRV\/DEIC) realizou na sexta-feira (19) a 16\u00aa edi\u00e7\u00e3o da opera\u00e7\u00e3o 311, que visa coibir o com\u00e9rcio ilegal de pe\u00e7as automotivas. Em parceria com [&hellip;]<\/p>\n","protected":false},"author":5,"featured_media":19395,"comment_status":"closed","ping_status":"open","sticky":false,"template":"","format":"standard","meta":{"_monsterinsights_skip_tracking":false,"_monsterinsights_sitenote_active":false,"_monsterinsights_sitenote_note":"","_monsterinsights_sitenote_category":0,"footnotes":""},"categories":[1],"tags":[],"class_list":["post-19394","post","type-post","status-publish","format-standard","has-post-thumbnail","hentry","category-sem-categoria"],"_links":{"self":[{"href":"https:\/\/pc.sc.gov.br\/index.php?rest_route=\/wp\/v2\/posts\/19394","targetHints":{"allow":["GET"]}}],"collection":[{"href":"https:\/\/pc.sc.gov.br\/index.php?rest_route=\/wp\/v2\/posts"}],"about":[{"href":"https:\/\/pc.sc.gov.br\/index.php?rest_route=\/wp\/v2\/types\/post"}],"author":[{"embeddable":true,"href":"https:\/\/pc.sc.gov.br\/index.php?rest_route=\/wp\/v2\/users\/5"}],"replies":[{"embeddable":true,"href":"https:\/\/pc.sc.gov.br\/index.php?rest_route=%2Fwp%2Fv2%2Fcomments&post=19394"}],"version-history":[{"count":4,"href":"https:\/\/pc.sc.gov.br\/index.php?rest_route=\/wp\/v2\/posts\/19394\/revisions"}],"predecessor-version":[{"id":19399,"href":"https:\/\/pc.sc.gov.br\/index.php?rest_route=\/wp\/v2\/posts\/19394\/revisions\/19399"}],"wp:featuredmedia":[{"embeddable":true,"href":"https:\/\/pc.sc.gov.br\/index.php?rest_route=\/wp\/v2\/media\/19395"}],"wp:attachment":[{"href":"https:\/\/pc.sc.gov.br\/index.php?rest_route=%2Fwp%2Fv2%2Fmedia&parent=19394"}],"wp:term":[{"taxonomy":"category","embeddable":true,"href":"https:\/\/pc.sc.gov.br\/index.php?rest_route=%2Fwp%2Fv2%2Fcategories&post=19394"},{"taxonomy":"post_tag","embeddable":true,"href":"https:\/\/pc.sc.gov.br\/index.php?rest_route=%2Fwp%2Fv2%2Ftags&post=19394"}],"curies":[{"name":"wp","href":"https:\/\/api.w.org\/{rel}","templated":true}]}}