{"id":19413,"date":"2024-04-23T17:58:57","date_gmt":"2024-04-23T20:58:57","guid":{"rendered":"https:\/\/pc.sc.gov.br\/?p=19413"},"modified":"2024-04-23T18:01:49","modified_gmt":"2024-04-23T21:01:49","slug":"dh-de-criciuma-prende-cinco-pessoas-por-envolvimento-em-homicidio-e-apreende-arma-droga-e-dinheiro","status":"publish","type":"post","link":"https:\/\/pc.sc.gov.br\/?p=19413","title":{"rendered":"DH de Crici\u00fama prende cinco pessoas por envolvimento em homic\u00eddio e apreende arma, droga e dinheiro"},"content":{"rendered":"\t\t<div data-elementor-type=\"wp-post\" data-elementor-id=\"19413\" class=\"elementor elementor-19413\" data-elementor-post-type=\"post\">\n\t\t\t\t\t\t<section class=\"elementor-section elementor-top-section elementor-element elementor-element-9946986 elementor-section-boxed elementor-section-height-default elementor-section-height-default\" data-id=\"9946986\" data-element_type=\"section\">\n\t\t\t\t\t\t<div class=\"elementor-container elementor-column-gap-default\">\n\t\t\t\t\t<div class=\"elementor-column elementor-col-100 elementor-top-column elementor-element elementor-element-bcda2a1\" data-id=\"bcda2a1\" data-element_type=\"column\">\n\t\t\t<div class=\"elementor-widget-wrap elementor-element-populated\">\n\t\t\t\t\t\t<div class=\"elementor-element elementor-element-9df5e9d elementor-widget elementor-widget-heading\" data-id=\"9df5e9d\" data-element_type=\"widget\" data-widget_type=\"heading.default\">\n\t\t\t\t<div class=\"elementor-widget-container\">\n\t\t\t\t\t<h2 class=\"elementor-heading-title elementor-size-default\">DH de Crici\u00fama prende cinco pessoas por envolvimento em homic\u00eddio e apreende arma de fogo, droga e dinheiro<\/h2>\t\t\t\t<\/div>\n\t\t\t\t<\/div>\n\t\t\t\t\t<\/div>\n\t\t<\/div>\n\t\t\t\t\t<\/div>\n\t\t<\/section>\n\t\t\t\t<section class=\"elementor-section elementor-top-section elementor-element elementor-element-4c59c56 elementor-section-boxed elementor-section-height-default elementor-section-height-default\" data-id=\"4c59c56\" data-element_type=\"section\">\n\t\t\t\t\t\t<div class=\"elementor-container elementor-column-gap-default\">\n\t\t\t\t\t<div class=\"elementor-column elementor-col-100 elementor-top-column elementor-element elementor-element-57d9daf\" data-id=\"57d9daf\" data-element_type=\"column\">\n\t\t\t<div class=\"elementor-widget-wrap elementor-element-populated\">\n\t\t\t\t\t\t<div class=\"elementor-element elementor-element-701742f elementor-widget elementor-widget-image\" data-id=\"701742f\" data-element_type=\"widget\" data-widget_type=\"image.default\">\n\t\t\t\t<div class=\"elementor-widget-container\">\n\t\t\t\t\t\t\t\t\t\t\t\t\t\t\t<img fetchpriority=\"high\" decoding=\"async\" width=\"696\" height=\"425\" src=\"https:\/\/pc.sc.gov.br\/\/wp-content\/uploads\/2024\/04\/WhatsApp-Image-2024-04-23-at-11.08.20-1-1024x626.jpeg\" class=\"attachment-large size-large wp-image-19414\" alt=\"\" srcset=\"https:\/\/pc.sc.gov.br\/\/wp-content\/uploads\/2024\/04\/WhatsApp-Image-2024-04-23-at-11.08.20-1-1024x626.jpeg 1024w, https:\/\/pc.sc.gov.br\/\/wp-content\/uploads\/2024\/04\/WhatsApp-Image-2024-04-23-at-11.08.20-1-300x183.jpeg 300w, https:\/\/pc.sc.gov.br\/\/wp-content\/uploads\/2024\/04\/WhatsApp-Image-2024-04-23-at-11.08.20-1-768x470.jpeg 768w, https:\/\/pc.sc.gov.br\/\/wp-content\/uploads\/2024\/04\/WhatsApp-Image-2024-04-23-at-11.08.20-1.jpeg 1500w\" sizes=\"(max-width: 696px) 100vw, 696px\" \/>\t\t\t\t\t\t\t\t\t\t\t\t\t\t\t<\/div>\n\t\t\t\t<\/div>\n\t\t\t\t\t<\/div>\n\t\t<\/div>\n\t\t\t\t\t<\/div>\n\t\t<\/section>\n\t\t\t\t<section class=\"elementor-section elementor-top-section elementor-element elementor-element-dbbcee7 elementor-section-boxed elementor-section-height-default elementor-section-height-default\" data-id=\"dbbcee7\" data-element_type=\"section\">\n\t\t\t\t\t\t<div class=\"elementor-container elementor-column-gap-default\">\n\t\t\t\t\t<div class=\"elementor-column elementor-col-100 elementor-top-column elementor-element elementor-element-e12487e\" data-id=\"e12487e\" data-element_type=\"column\">\n\t\t\t<div class=\"elementor-widget-wrap elementor-element-populated\">\n\t\t\t\t\t\t<div class=\"elementor-element elementor-element-34c6ac7 elementor-widget elementor-widget-text-editor\" data-id=\"34c6ac7\" data-element_type=\"widget\" data-widget_type=\"text-editor.default\">\n\t\t\t\t<div class=\"elementor-widget-container\">\n\t\t\t\t\t\t\t\t\t<p>A Pol\u00edcia Civil de Santa Catarina, por meio da Divis\u00e3o de Homic\u00eddios (DH\/DIC Crici\u00fama), realizou grande opera\u00e7\u00e3o policial nesta ter\u00e7a-feira (23) que resultou na pris\u00e3o de cinco pessoas. Destas, tr\u00eas pessoas foram capturadas por mandados de pris\u00e3o em investiga\u00e7\u00e3o envolvendo homic\u00eddio em Crici\u00fama. No decorrer das buscas, um homem foi preso em flagrante por posse de arma de fogo de calibre restrito e recepta\u00e7\u00e3o. Ainda, uma mulher foi autuada em flagrante por tr\u00e1fico de drogas.\u00a0<\/p><p>A investiga\u00e7\u00e3o policial apura o homic\u00eddio de um homem, cujo corpo foi encontrado em fevereiro nas margens de um rio, no bairro Para\u00edso, em Crici\u00fama. Constatada diversas agress\u00f5es na v\u00edtima, que teve m\u00faltiplos traumatismos como a causa da morte. Os ind\u00edcios preliminares apontam que os autores espancaram o homem at\u00e9 causar seu \u00f3bito.<\/p><p>Mais de cinquenta policiais civis participaram da opera\u00e7\u00e3o coordenada pela DIC de Crici\u00fama. A CORE (Coordenadoria de Opera\u00e7\u00f5es Policiais Especiais), o SAER (Servi\u00e7o Aeropolicial), os NOC (N\u00facleos de Opera\u00e7\u00f5es com C\u00e3es) e efetivo de diversas unidades policiais civis da regi\u00e3o prestaram suporte e apoio. Os presos foram encaminhados ao sistema prisional.<\/p>\t\t\t\t\t\t\t\t<\/div>\n\t\t\t\t<\/div>\n\t\t\t\t\t<\/div>\n\t\t<\/div>\n\t\t\t\t\t<\/div>\n\t\t<\/section>\n\t\t\t\t<section class=\"elementor-section elementor-top-section elementor-element elementor-element-292a204 elementor-section-boxed elementor-section-height-default elementor-section-height-default\" data-id=\"292a204\" data-element_type=\"section\">\n\t\t\t\t\t\t<div class=\"elementor-container elementor-column-gap-default\">\n\t\t\t\t\t<div class=\"elementor-column elementor-col-100 elementor-top-column elementor-element elementor-element-0f330c3\" data-id=\"0f330c3\" data-element_type=\"column\">\n\t\t\t<div class=\"elementor-widget-wrap elementor-element-populated\">\n\t\t\t\t\t\t<div class=\"elementor-element elementor-element-bff40f4 elementor-widget__width-initial elementor-widget elementor-widget-video\" data-id=\"bff40f4\" data-element_type=\"widget\" data-settings=\"{&quot;video_type&quot;:&quot;hosted&quot;,&quot;controls&quot;:&quot;yes&quot;}\" data-widget_type=\"video.default\">\n\t\t\t\t<div class=\"elementor-widget-container\">\n\t\t\t\t\t\t\t<div class=\"e-hosted-video elementor-wrapper elementor-open-inline\">\n\t\t\t\t\t<video class=\"elementor-video\" src=\"https:\/\/pc.sc.gov.br\/wp-content\/uploads\/2024\/04\/WhatsApp-Video-2024-04-23-at-11.08.20.mp4\" controls=\"\" preload=\"metadata\"><\/video>\n\t\t\t\t<\/div>\n\t\t\t\t\t\t<\/div>\n\t\t\t\t<\/div>\n\t\t\t\t\t<\/div>\n\t\t<\/div>\n\t\t\t\t\t<\/div>\n\t\t<\/section>\n\t\t\t\t<\/div>\n\t\t","protected":false},"excerpt":{"rendered":"<p>DH de Crici\u00fama prende cinco pessoas por envolvimento em homic\u00eddio e apreende arma de fogo, droga e dinheiro A Pol\u00edcia Civil de Santa Catarina, por meio da Divis\u00e3o de Homic\u00eddios (DH\/DIC Crici\u00fama), realizou grande opera\u00e7\u00e3o policial nesta ter\u00e7a-feira (23) que resultou na pris\u00e3o de cinco pessoas. Destas, tr\u00eas pessoas foram capturadas por mandados de pris\u00e3o [&hellip;]<\/p>\n","protected":false},"author":5,"featured_media":19414,"comment_status":"closed","ping_status":"open","sticky":false,"template":"","format":"standard","meta":{"_monsterinsights_skip_tracking":false,"_monsterinsights_sitenote_active":false,"_monsterinsights_sitenote_note":"","_monsterinsights_sitenote_category":0,"footnotes":""},"categories":[1],"tags":[],"class_list":["post-19413","post","type-post","status-publish","format-standard","has-post-thumbnail","hentry","category-sem-categoria"],"_links":{"self":[{"href":"https:\/\/pc.sc.gov.br\/index.php?rest_route=\/wp\/v2\/posts\/19413","targetHints":{"allow":["GET"]}}],"collection":[{"href":"https:\/\/pc.sc.gov.br\/index.php?rest_route=\/wp\/v2\/posts"}],"about":[{"href":"https:\/\/pc.sc.gov.br\/index.php?rest_route=\/wp\/v2\/types\/post"}],"author":[{"embeddable":true,"href":"https:\/\/pc.sc.gov.br\/index.php?rest_route=\/wp\/v2\/users\/5"}],"replies":[{"embeddable":true,"href":"https:\/\/pc.sc.gov.br\/index.php?rest_route=%2Fwp%2Fv2%2Fcomments&post=19413"}],"version-history":[{"count":3,"href":"https:\/\/pc.sc.gov.br\/index.php?rest_route=\/wp\/v2\/posts\/19413\/revisions"}],"predecessor-version":[{"id":19423,"href":"https:\/\/pc.sc.gov.br\/index.php?rest_route=\/wp\/v2\/posts\/19413\/revisions\/19423"}],"wp:featuredmedia":[{"embeddable":true,"href":"https:\/\/pc.sc.gov.br\/index.php?rest_route=\/wp\/v2\/media\/19414"}],"wp:attachment":[{"href":"https:\/\/pc.sc.gov.br\/index.php?rest_route=%2Fwp%2Fv2%2Fmedia&parent=19413"}],"wp:term":[{"taxonomy":"category","embeddable":true,"href":"https:\/\/pc.sc.gov.br\/index.php?rest_route=%2Fwp%2Fv2%2Fcategories&post=19413"},{"taxonomy":"post_tag","embeddable":true,"href":"https:\/\/pc.sc.gov.br\/index.php?rest_route=%2Fwp%2Fv2%2Ftags&post=19413"}],"curies":[{"name":"wp","href":"https:\/\/api.w.org\/{rel}","templated":true}]}}