{"id":19424,"date":"2024-04-23T18:18:27","date_gmt":"2024-04-23T21:18:27","guid":{"rendered":"https:\/\/pc.sc.gov.br\/?p=19424"},"modified":"2024-04-23T18:19:30","modified_gmt":"2024-04-23T21:19:30","slug":"dic-de-lages-realiza-a-prisao-de-tres-investigados-por-crimes-de-extorsao-tortura-e-violencia-domestica","status":"publish","type":"post","link":"https:\/\/pc.sc.gov.br\/?p=19424","title":{"rendered":"DIC de Lages realiza a pris\u00e3o de tr\u00eas investigados por crimes de extors\u00e3o, tortura e viol\u00eancia dom\u00e9stica"},"content":{"rendered":"\t\t<div data-elementor-type=\"wp-post\" data-elementor-id=\"19424\" class=\"elementor elementor-19424\" data-elementor-post-type=\"post\">\n\t\t\t\t\t\t<section class=\"elementor-section elementor-top-section elementor-element elementor-element-0aa6259 elementor-section-boxed elementor-section-height-default elementor-section-height-default\" data-id=\"0aa6259\" data-element_type=\"section\">\n\t\t\t\t\t\t<div class=\"elementor-container elementor-column-gap-default\">\n\t\t\t\t\t<div class=\"elementor-column elementor-col-100 elementor-top-column elementor-element elementor-element-8c78501\" data-id=\"8c78501\" data-element_type=\"column\">\n\t\t\t<div class=\"elementor-widget-wrap elementor-element-populated\">\n\t\t\t\t\t\t<div class=\"elementor-element elementor-element-ecc7592 elementor-widget elementor-widget-heading\" data-id=\"ecc7592\" data-element_type=\"widget\" data-widget_type=\"heading.default\">\n\t\t\t\t<div class=\"elementor-widget-container\">\n\t\t\t\t\t<h2 class=\"elementor-heading-title elementor-size-default\">DIC de Lages realiza a pris\u00e3o de tr\u00eas investigados por crimes de extors\u00e3o, tortura e viol\u00eancia dom\u00e9stica<\/h2>\t\t\t\t<\/div>\n\t\t\t\t<\/div>\n\t\t\t\t\t<\/div>\n\t\t<\/div>\n\t\t\t\t\t<\/div>\n\t\t<\/section>\n\t\t\t\t<section class=\"elementor-section elementor-top-section elementor-element elementor-element-61085f1 elementor-section-boxed elementor-section-height-default elementor-section-height-default\" data-id=\"61085f1\" data-element_type=\"section\">\n\t\t\t\t\t\t<div class=\"elementor-container elementor-column-gap-default\">\n\t\t\t\t\t<div class=\"elementor-column elementor-col-100 elementor-top-column elementor-element elementor-element-bd1b85b\" data-id=\"bd1b85b\" data-element_type=\"column\">\n\t\t\t<div class=\"elementor-widget-wrap elementor-element-populated\">\n\t\t\t\t\t\t<div class=\"elementor-element elementor-element-d71c5a7 elementor-widget elementor-widget-image\" data-id=\"d71c5a7\" data-element_type=\"widget\" data-widget_type=\"image.default\">\n\t\t\t\t<div class=\"elementor-widget-container\">\n\t\t\t\t\t\t\t\t\t\t\t\t\t\t\t<img fetchpriority=\"high\" decoding=\"async\" width=\"696\" height=\"313\" src=\"https:\/\/pc.sc.gov.br\/\/wp-content\/uploads\/2024\/04\/WhatsApp-Image-2023-11-16-at-18.14.31.jpeg\" class=\"attachment-large size-large wp-image-19425\" alt=\"\" srcset=\"https:\/\/pc.sc.gov.br\/\/wp-content\/uploads\/2024\/04\/WhatsApp-Image-2023-11-16-at-18.14.31.jpeg 1024w, https:\/\/pc.sc.gov.br\/\/wp-content\/uploads\/2024\/04\/WhatsApp-Image-2023-11-16-at-18.14.31-300x135.jpeg 300w, https:\/\/pc.sc.gov.br\/\/wp-content\/uploads\/2024\/04\/WhatsApp-Image-2023-11-16-at-18.14.31-768x346.jpeg 768w\" sizes=\"(max-width: 696px) 100vw, 696px\" \/>\t\t\t\t\t\t\t\t\t\t\t\t\t\t\t<\/div>\n\t\t\t\t<\/div>\n\t\t\t\t\t<\/div>\n\t\t<\/div>\n\t\t\t\t\t<\/div>\n\t\t<\/section>\n\t\t\t\t<section class=\"elementor-section elementor-top-section elementor-element elementor-element-7a138b3 elementor-section-boxed elementor-section-height-default elementor-section-height-default\" data-id=\"7a138b3\" data-element_type=\"section\">\n\t\t\t\t\t\t<div class=\"elementor-container elementor-column-gap-default\">\n\t\t\t\t\t<div class=\"elementor-column elementor-col-100 elementor-top-column elementor-element elementor-element-ae0b96d\" data-id=\"ae0b96d\" data-element_type=\"column\">\n\t\t\t<div class=\"elementor-widget-wrap elementor-element-populated\">\n\t\t\t\t\t\t<div class=\"elementor-element elementor-element-bfafd40 elementor-widget elementor-widget-text-editor\" data-id=\"bfafd40\" data-element_type=\"widget\" data-widget_type=\"text-editor.default\">\n\t\t\t\t<div class=\"elementor-widget-container\">\n\t\t\t\t\t\t\t\t\t<p>A Pol\u00edcia Civil de Santa Catarina, atrav\u00e9s da Divis\u00e3o de Investiga\u00e7\u00e3o Criminal de Lages, realizou na tarde desta ter\u00e7a-feira (23), a pris\u00e3o de tr\u00eas investigados foragidos, dois pela pr\u00e1tica dos crimes de extors\u00e3o mediante sequestro, tortura e organiza\u00e7\u00e3o criminosa, e o terceiro pela pr\u00e1tica de crime de viol\u00eancia dom\u00e9stica.&nbsp;<\/p>\n<p>Os dois primeiros foram localizados e presos nos bairros Santo Ant\u00f4nio e Vila Maria, e o terceiro investigado foi localizado e preso no bairro Centro, Lages.&nbsp;<span style=\"font-family: var( --e-global-typography-primary-font-family ), Sans-serif; font-size: var( --e-global-typography-primary-font-size ); font-weight: var( --e-global-typography-primary-font-weight ); letter-spacing: var( --e-global-typography-primary-letter-spacing );\">Todos os investigados foram encaminhados \u00e0 DIC de Lages para oitivas e outros atos dos procedimentos policiais, em seguida foram encaminhados para o Pres\u00eddio de Lages.<\/span><span style=\"color: var( --e-global-color-text ); font-family: var( --e-global-typography-primary-font-family ), Sans-serif; font-size: var( --e-global-typography-primary-font-size ); font-weight: var( --e-global-typography-primary-font-weight ); letter-spacing: var( --e-global-typography-primary-letter-spacing );\">&nbsp;<\/span><\/p>\t\t\t\t\t\t\t\t<\/div>\n\t\t\t\t<\/div>\n\t\t\t\t\t<\/div>\n\t\t<\/div>\n\t\t\t\t\t<\/div>\n\t\t<\/section>\n\t\t\t\t<\/div>\n\t\t","protected":false},"excerpt":{"rendered":"<p>DIC de Lages realiza a pris\u00e3o de tr\u00eas investigados por crimes de extors\u00e3o, tortura e viol\u00eancia dom\u00e9stica A Pol\u00edcia Civil de Santa Catarina, atrav\u00e9s da Divis\u00e3o de Investiga\u00e7\u00e3o Criminal de Lages, realizou na tarde desta ter\u00e7a-feira (23), a pris\u00e3o de tr\u00eas investigados foragidos, dois pela pr\u00e1tica dos crimes de extors\u00e3o mediante sequestro, tortura e organiza\u00e7\u00e3o [&hellip;]<\/p>\n","protected":false},"author":5,"featured_media":19425,"comment_status":"closed","ping_status":"open","sticky":false,"template":"","format":"standard","meta":{"_monsterinsights_skip_tracking":false,"_monsterinsights_sitenote_active":false,"_monsterinsights_sitenote_note":"","_monsterinsights_sitenote_category":0,"footnotes":""},"categories":[1],"tags":[],"class_list":["post-19424","post","type-post","status-publish","format-standard","has-post-thumbnail","hentry","category-sem-categoria"],"_links":{"self":[{"href":"https:\/\/pc.sc.gov.br\/index.php?rest_route=\/wp\/v2\/posts\/19424","targetHints":{"allow":["GET"]}}],"collection":[{"href":"https:\/\/pc.sc.gov.br\/index.php?rest_route=\/wp\/v2\/posts"}],"about":[{"href":"https:\/\/pc.sc.gov.br\/index.php?rest_route=\/wp\/v2\/types\/post"}],"author":[{"embeddable":true,"href":"https:\/\/pc.sc.gov.br\/index.php?rest_route=\/wp\/v2\/users\/5"}],"replies":[{"embeddable":true,"href":"https:\/\/pc.sc.gov.br\/index.php?rest_route=%2Fwp%2Fv2%2Fcomments&post=19424"}],"version-history":[{"count":4,"href":"https:\/\/pc.sc.gov.br\/index.php?rest_route=\/wp\/v2\/posts\/19424\/revisions"}],"predecessor-version":[{"id":19429,"href":"https:\/\/pc.sc.gov.br\/index.php?rest_route=\/wp\/v2\/posts\/19424\/revisions\/19429"}],"wp:featuredmedia":[{"embeddable":true,"href":"https:\/\/pc.sc.gov.br\/index.php?rest_route=\/wp\/v2\/media\/19425"}],"wp:attachment":[{"href":"https:\/\/pc.sc.gov.br\/index.php?rest_route=%2Fwp%2Fv2%2Fmedia&parent=19424"}],"wp:term":[{"taxonomy":"category","embeddable":true,"href":"https:\/\/pc.sc.gov.br\/index.php?rest_route=%2Fwp%2Fv2%2Fcategories&post=19424"},{"taxonomy":"post_tag","embeddable":true,"href":"https:\/\/pc.sc.gov.br\/index.php?rest_route=%2Fwp%2Fv2%2Ftags&post=19424"}],"curies":[{"name":"wp","href":"https:\/\/api.w.org\/{rel}","templated":true}]}}