{"id":19430,"date":"2024-04-23T18:35:26","date_gmt":"2024-04-23T21:35:26","guid":{"rendered":"https:\/\/pc.sc.gov.br\/?p=19430"},"modified":"2024-04-23T18:36:21","modified_gmt":"2024-04-23T21:36:21","slug":"delegacia-de-repressao-as-drogas-da-deic-prende-homem-condenado-por-trafico-de-drogas","status":"publish","type":"post","link":"https:\/\/pc.sc.gov.br\/?p=19430","title":{"rendered":"Delegacia de Repress\u00e3o \u00e0s Drogas da DEIC prende homem condenado por tr\u00e1fico de drogas"},"content":{"rendered":"\t\t<div data-elementor-type=\"wp-post\" data-elementor-id=\"19430\" class=\"elementor elementor-19430\" data-elementor-post-type=\"post\">\n\t\t\t\t\t\t<section class=\"elementor-section elementor-top-section elementor-element elementor-element-1102aa6 elementor-section-boxed elementor-section-height-default elementor-section-height-default\" data-id=\"1102aa6\" data-element_type=\"section\">\n\t\t\t\t\t\t<div class=\"elementor-container elementor-column-gap-default\">\n\t\t\t\t\t<div class=\"elementor-column elementor-col-100 elementor-top-column elementor-element elementor-element-bb9b801\" data-id=\"bb9b801\" data-element_type=\"column\">\n\t\t\t<div class=\"elementor-widget-wrap elementor-element-populated\">\n\t\t\t\t\t\t<div class=\"elementor-element elementor-element-e4f5580 elementor-widget elementor-widget-heading\" data-id=\"e4f5580\" data-element_type=\"widget\" data-widget_type=\"heading.default\">\n\t\t\t\t<div class=\"elementor-widget-container\">\n\t\t\t\t\t<h2 class=\"elementor-heading-title elementor-size-default\">Delegacia de Repress\u00e3o \u00e0s Drogas da DEIC prende homem condenado por tr\u00e1fico de drogas<\/h2>\t\t\t\t<\/div>\n\t\t\t\t<\/div>\n\t\t\t\t\t<\/div>\n\t\t<\/div>\n\t\t\t\t\t<\/div>\n\t\t<\/section>\n\t\t\t\t<section class=\"elementor-section elementor-top-section elementor-element elementor-element-99da0d2 elementor-section-boxed elementor-section-height-default elementor-section-height-default\" data-id=\"99da0d2\" data-element_type=\"section\">\n\t\t\t\t\t\t<div class=\"elementor-container elementor-column-gap-default\">\n\t\t\t\t\t<div class=\"elementor-column elementor-col-100 elementor-top-column elementor-element elementor-element-6fa7283\" data-id=\"6fa7283\" data-element_type=\"column\">\n\t\t\t<div class=\"elementor-widget-wrap elementor-element-populated\">\n\t\t\t\t\t\t<div class=\"elementor-element elementor-element-0fd6725 elementor-widget elementor-widget-image\" data-id=\"0fd6725\" data-element_type=\"widget\" data-widget_type=\"image.default\">\n\t\t\t\t<div class=\"elementor-widget-container\">\n\t\t\t\t\t\t\t\t\t\t\t\t\t\t\t<img fetchpriority=\"high\" decoding=\"async\" width=\"696\" height=\"927\" src=\"https:\/\/pc.sc.gov.br\/\/wp-content\/uploads\/2024\/02\/WhatsApp-Image-2024-02-06-at-13.53.20-769x1024.jpeg\" class=\"attachment-large size-large wp-image-17181\" alt=\"\" srcset=\"https:\/\/pc.sc.gov.br\/\/wp-content\/uploads\/2024\/02\/WhatsApp-Image-2024-02-06-at-13.53.20-769x1024.jpeg 769w, https:\/\/pc.sc.gov.br\/\/wp-content\/uploads\/2024\/02\/WhatsApp-Image-2024-02-06-at-13.53.20-225x300.jpeg 225w, https:\/\/pc.sc.gov.br\/\/wp-content\/uploads\/2024\/02\/WhatsApp-Image-2024-02-06-at-13.53.20-768x1023.jpeg 768w, https:\/\/pc.sc.gov.br\/\/wp-content\/uploads\/2024\/02\/WhatsApp-Image-2024-02-06-at-13.53.20.jpeg 868w\" sizes=\"(max-width: 696px) 100vw, 696px\" \/>\t\t\t\t\t\t\t\t\t\t\t\t\t\t\t<\/div>\n\t\t\t\t<\/div>\n\t\t\t\t\t<\/div>\n\t\t<\/div>\n\t\t\t\t\t<\/div>\n\t\t<\/section>\n\t\t\t\t<section class=\"elementor-section elementor-top-section elementor-element elementor-element-d9bd1b6 elementor-section-boxed elementor-section-height-default elementor-section-height-default\" data-id=\"d9bd1b6\" data-element_type=\"section\">\n\t\t\t\t\t\t<div class=\"elementor-container elementor-column-gap-default\">\n\t\t\t\t\t<div class=\"elementor-column elementor-col-100 elementor-top-column elementor-element elementor-element-19e81b2\" data-id=\"19e81b2\" data-element_type=\"column\">\n\t\t\t<div class=\"elementor-widget-wrap elementor-element-populated\">\n\t\t\t\t\t\t<div class=\"elementor-element elementor-element-0bbea15 elementor-widget elementor-widget-text-editor\" data-id=\"0bbea15\" data-element_type=\"widget\" data-widget_type=\"text-editor.default\">\n\t\t\t\t<div class=\"elementor-widget-container\">\n\t\t\t\t\t\t\t\t\t<p>A Pol\u00edcia Civil de Santa Catarina, por meio da Delegacia de Repress\u00e3o \u00e0s Drogas da DEIC, deu cumprimento a um mandado de pris\u00e3o por senten\u00e7a condenat\u00f3ria por tr\u00e1fico de drogas na tarde desta ter\u00e7a-feira, 23\/04\/2024, no munic\u00edpio de S\u00e3o Jos\u00e9\/SC.<\/p><p>A a\u00e7\u00e3o da Delegacia de Repress\u00e3o \u00e0s Drogas ocorreu no \u00e2mbito da Opera\u00e7\u00e3o N\u00c1RKE, coordenada pela Diretoria de Opera\u00e7\u00f5es de Intelig\u00eancia &#8211; Diopi\/Senasp\/MJSP, que visa combater o tr\u00e1fico de drogas e crimes conexos, com a execu\u00e7\u00e3o de a\u00e7\u00f5es repressivas de cumprimento de Mandados Judiciais em todos os Estados e no Distrito Federal, por meio das Unidades Especializadas de Combate ao Narcotr\u00e1fico das Pol\u00edcias Civis.<\/p>\t\t\t\t\t\t\t\t<\/div>\n\t\t\t\t<\/div>\n\t\t\t\t\t<\/div>\n\t\t<\/div>\n\t\t\t\t\t<\/div>\n\t\t<\/section>\n\t\t\t\t<\/div>\n\t\t","protected":false},"excerpt":{"rendered":"<p>Delegacia de Repress\u00e3o \u00e0s Drogas da DEIC prende homem condenado por tr\u00e1fico de drogas A Pol\u00edcia Civil de Santa Catarina, por meio da Delegacia de Repress\u00e3o \u00e0s Drogas da DEIC, deu cumprimento a um mandado de pris\u00e3o por senten\u00e7a condenat\u00f3ria por tr\u00e1fico de drogas na tarde desta ter\u00e7a-feira, 23\/04\/2024, no munic\u00edpio de S\u00e3o Jos\u00e9\/SC. A [&hellip;]<\/p>\n","protected":false},"author":5,"featured_media":17181,"comment_status":"closed","ping_status":"open","sticky":false,"template":"","format":"standard","meta":{"_monsterinsights_skip_tracking":false,"_monsterinsights_sitenote_active":false,"_monsterinsights_sitenote_note":"","_monsterinsights_sitenote_category":0,"footnotes":""},"categories":[1],"tags":[],"class_list":["post-19430","post","type-post","status-publish","format-standard","has-post-thumbnail","hentry","category-sem-categoria"],"_links":{"self":[{"href":"https:\/\/pc.sc.gov.br\/index.php?rest_route=\/wp\/v2\/posts\/19430","targetHints":{"allow":["GET"]}}],"collection":[{"href":"https:\/\/pc.sc.gov.br\/index.php?rest_route=\/wp\/v2\/posts"}],"about":[{"href":"https:\/\/pc.sc.gov.br\/index.php?rest_route=\/wp\/v2\/types\/post"}],"author":[{"embeddable":true,"href":"https:\/\/pc.sc.gov.br\/index.php?rest_route=\/wp\/v2\/users\/5"}],"replies":[{"embeddable":true,"href":"https:\/\/pc.sc.gov.br\/index.php?rest_route=%2Fwp%2Fv2%2Fcomments&post=19430"}],"version-history":[{"count":4,"href":"https:\/\/pc.sc.gov.br\/index.php?rest_route=\/wp\/v2\/posts\/19430\/revisions"}],"predecessor-version":[{"id":19435,"href":"https:\/\/pc.sc.gov.br\/index.php?rest_route=\/wp\/v2\/posts\/19430\/revisions\/19435"}],"wp:featuredmedia":[{"embeddable":true,"href":"https:\/\/pc.sc.gov.br\/index.php?rest_route=\/wp\/v2\/media\/17181"}],"wp:attachment":[{"href":"https:\/\/pc.sc.gov.br\/index.php?rest_route=%2Fwp%2Fv2%2Fmedia&parent=19430"}],"wp:term":[{"taxonomy":"category","embeddable":true,"href":"https:\/\/pc.sc.gov.br\/index.php?rest_route=%2Fwp%2Fv2%2Fcategories&post=19430"},{"taxonomy":"post_tag","embeddable":true,"href":"https:\/\/pc.sc.gov.br\/index.php?rest_route=%2Fwp%2Fv2%2Ftags&post=19430"}],"curies":[{"name":"wp","href":"https:\/\/api.w.org\/{rel}","templated":true}]}}