{"id":19448,"date":"2024-04-24T16:24:38","date_gmt":"2024-04-24T19:24:38","guid":{"rendered":"https:\/\/pc.sc.gov.br\/?p=19448"},"modified":"2024-04-24T16:25:25","modified_gmt":"2024-04-24T19:25:25","slug":"em-itajai-ficco-em-santa-catarina-prende-homem-considerado-um-dos-novos-lideres-de-organizacao-criminosa","status":"publish","type":"post","link":"https:\/\/pc.sc.gov.br\/?p=19448","title":{"rendered":"Em Itaja\u00ed, Ficco em Santa Catarina prende homem considerado um dos novos l\u00edderes de organiza\u00e7\u00e3o criminosa"},"content":{"rendered":"\t\t<div data-elementor-type=\"wp-post\" data-elementor-id=\"19448\" class=\"elementor elementor-19448\" data-elementor-post-type=\"post\">\n\t\t\t\t\t\t<section class=\"elementor-section elementor-top-section elementor-element elementor-element-10725bc elementor-section-boxed elementor-section-height-default elementor-section-height-default\" data-id=\"10725bc\" data-element_type=\"section\">\n\t\t\t\t\t\t<div class=\"elementor-container elementor-column-gap-default\">\n\t\t\t\t\t<div class=\"elementor-column elementor-col-100 elementor-top-column elementor-element elementor-element-90f1244\" data-id=\"90f1244\" data-element_type=\"column\">\n\t\t\t<div class=\"elementor-widget-wrap elementor-element-populated\">\n\t\t\t\t\t\t<div class=\"elementor-element elementor-element-676a245 elementor-widget elementor-widget-heading\" data-id=\"676a245\" data-element_type=\"widget\" data-widget_type=\"heading.default\">\n\t\t\t\t<div class=\"elementor-widget-container\">\n\t\t\t\t\t<h2 class=\"elementor-heading-title elementor-size-default\">Em Itaja\u00ed, Ficco em Santa Catarina prende homem considerado um dos novos l\u00edderes de organiza\u00e7\u00e3o criminosa <\/h2>\t\t\t\t<\/div>\n\t\t\t\t<\/div>\n\t\t\t\t\t<\/div>\n\t\t<\/div>\n\t\t\t\t\t<\/div>\n\t\t<\/section>\n\t\t\t\t<section class=\"elementor-section elementor-top-section elementor-element elementor-element-c8b4671 elementor-section-boxed elementor-section-height-default elementor-section-height-default\" data-id=\"c8b4671\" data-element_type=\"section\">\n\t\t\t\t\t\t<div class=\"elementor-container elementor-column-gap-default\">\n\t\t\t\t\t<div class=\"elementor-column elementor-col-100 elementor-top-column elementor-element elementor-element-3098fdb\" data-id=\"3098fdb\" data-element_type=\"column\">\n\t\t\t<div class=\"elementor-widget-wrap elementor-element-populated\">\n\t\t\t\t\t\t<div class=\"elementor-element elementor-element-1eb51bf elementor-widget elementor-widget-image\" data-id=\"1eb51bf\" data-element_type=\"widget\" data-widget_type=\"image.default\">\n\t\t\t\t<div class=\"elementor-widget-container\">\n\t\t\t\t\t\t\t\t\t\t\t\t\t\t\t<img fetchpriority=\"high\" decoding=\"async\" width=\"696\" height=\"391\" src=\"https:\/\/pc.sc.gov.br\/\/wp-content\/uploads\/2024\/04\/WhatsApp-Image-2024-04-24-at-16.14.15-1.jpeg\" class=\"attachment-large size-large wp-image-19449\" alt=\"\" srcset=\"https:\/\/pc.sc.gov.br\/\/wp-content\/uploads\/2024\/04\/WhatsApp-Image-2024-04-24-at-16.14.15-1.jpeg 1000w, https:\/\/pc.sc.gov.br\/\/wp-content\/uploads\/2024\/04\/WhatsApp-Image-2024-04-24-at-16.14.15-1-300x169.jpeg 300w, https:\/\/pc.sc.gov.br\/\/wp-content\/uploads\/2024\/04\/WhatsApp-Image-2024-04-24-at-16.14.15-1-768x432.jpeg 768w\" sizes=\"(max-width: 696px) 100vw, 696px\" \/>\t\t\t\t\t\t\t\t\t\t\t\t\t\t\t<\/div>\n\t\t\t\t<\/div>\n\t\t\t\t\t<\/div>\n\t\t<\/div>\n\t\t\t\t\t<\/div>\n\t\t<\/section>\n\t\t\t\t<section class=\"elementor-section elementor-top-section elementor-element elementor-element-97c0f56 elementor-section-boxed elementor-section-height-default elementor-section-height-default\" data-id=\"97c0f56\" data-element_type=\"section\">\n\t\t\t\t\t\t<div class=\"elementor-container elementor-column-gap-default\">\n\t\t\t\t\t<div class=\"elementor-column elementor-col-100 elementor-top-column elementor-element elementor-element-c1149ce\" data-id=\"c1149ce\" data-element_type=\"column\">\n\t\t\t<div class=\"elementor-widget-wrap elementor-element-populated\">\n\t\t\t\t\t\t<div class=\"elementor-element elementor-element-5800404 elementor-widget elementor-widget-text-editor\" data-id=\"5800404\" data-element_type=\"widget\" data-widget_type=\"text-editor.default\">\n\t\t\t\t<div class=\"elementor-widget-container\">\n\t\t\t\t\t\t\t\t\t<p>Nesta quarta-feira (24), a For\u00e7a Integrada de Combate ao Crime Organizado (Ficco), a qual a Pol\u00edcia Civil de Santa Catarina faz parte, prendeu um homem que \u00e9 considerado um dos novos l\u00edderes de uma organiza\u00e7\u00e3o criminosa em Itaja\u00ed. Ele seria sobrinho de um conhecido l\u00edder da mesma fac\u00e7\u00e3o que est\u00e1 preso e condenado a mais de 300 anos de pris\u00e3o.<\/p><p>O preso na data de hoje estava morando em Itaja\u00ed e, segundo investiga\u00e7\u00f5es, gerenciava neg\u00f3cios ligados ao jogo do bicho e ao tr\u00e1fico de drogas e de armas no Cear\u00e1. Ele foi levado ao Complexo Prisional da Canhanduba, em Itaja\u00ed, e deve ser transferido para uma pris\u00e3o de seguran\u00e7a m\u00e1xima em breve.<\/p><p>A reuni\u00e3o das for\u00e7as de seguran\u00e7a do estado tem como principal objetivo intensificar o enfrentamento \u00e0s organiza\u00e7\u00f5es e associa\u00e7\u00f5es criminosas. O acordo que institui a For\u00e7a Integrada de Combate ao Crime Organizado em Santa Catarina foi firmado em novembro do ano passado. Atualmente a FICCO\/SC \u00e9 composta pela Pol\u00edcia Civil, Pol\u00edcia Federal, Pol\u00edcia Rodovi\u00e1ria Federal e Secretaria de Administra\u00e7\u00e3o Prisional e Socioeducativa do Estado de Santa Catarina.<\/p>\t\t\t\t\t\t\t\t<\/div>\n\t\t\t\t<\/div>\n\t\t\t\t\t<\/div>\n\t\t<\/div>\n\t\t\t\t\t<\/div>\n\t\t<\/section>\n\t\t\t\t<\/div>\n\t\t","protected":false},"excerpt":{"rendered":"<p>Em Itaja\u00ed, Ficco em Santa Catarina prende homem considerado um dos novos l\u00edderes de organiza\u00e7\u00e3o criminosa Nesta quarta-feira (24), a For\u00e7a Integrada de Combate ao Crime Organizado (Ficco), a qual a Pol\u00edcia Civil de Santa Catarina faz parte, prendeu um homem que \u00e9 considerado um dos novos l\u00edderes de uma organiza\u00e7\u00e3o criminosa em Itaja\u00ed. Ele [&hellip;]<\/p>\n","protected":false},"author":5,"featured_media":19449,"comment_status":"closed","ping_status":"open","sticky":false,"template":"","format":"standard","meta":{"_monsterinsights_skip_tracking":false,"_monsterinsights_sitenote_active":false,"_monsterinsights_sitenote_note":"","_monsterinsights_sitenote_category":0,"footnotes":""},"categories":[1],"tags":[],"class_list":["post-19448","post","type-post","status-publish","format-standard","has-post-thumbnail","hentry","category-sem-categoria"],"_links":{"self":[{"href":"https:\/\/pc.sc.gov.br\/index.php?rest_route=\/wp\/v2\/posts\/19448","targetHints":{"allow":["GET"]}}],"collection":[{"href":"https:\/\/pc.sc.gov.br\/index.php?rest_route=\/wp\/v2\/posts"}],"about":[{"href":"https:\/\/pc.sc.gov.br\/index.php?rest_route=\/wp\/v2\/types\/post"}],"author":[{"embeddable":true,"href":"https:\/\/pc.sc.gov.br\/index.php?rest_route=\/wp\/v2\/users\/5"}],"replies":[{"embeddable":true,"href":"https:\/\/pc.sc.gov.br\/index.php?rest_route=%2Fwp%2Fv2%2Fcomments&post=19448"}],"version-history":[{"count":4,"href":"https:\/\/pc.sc.gov.br\/index.php?rest_route=\/wp\/v2\/posts\/19448\/revisions"}],"predecessor-version":[{"id":19453,"href":"https:\/\/pc.sc.gov.br\/index.php?rest_route=\/wp\/v2\/posts\/19448\/revisions\/19453"}],"wp:featuredmedia":[{"embeddable":true,"href":"https:\/\/pc.sc.gov.br\/index.php?rest_route=\/wp\/v2\/media\/19449"}],"wp:attachment":[{"href":"https:\/\/pc.sc.gov.br\/index.php?rest_route=%2Fwp%2Fv2%2Fmedia&parent=19448"}],"wp:term":[{"taxonomy":"category","embeddable":true,"href":"https:\/\/pc.sc.gov.br\/index.php?rest_route=%2Fwp%2Fv2%2Fcategories&post=19448"},{"taxonomy":"post_tag","embeddable":true,"href":"https:\/\/pc.sc.gov.br\/index.php?rest_route=%2Fwp%2Fv2%2Ftags&post=19448"}],"curies":[{"name":"wp","href":"https:\/\/api.w.org\/{rel}","templated":true}]}}