{"id":19460,"date":"2024-04-24T18:33:21","date_gmt":"2024-04-24T21:33:21","guid":{"rendered":"https:\/\/pc.sc.gov.br\/?p=19460"},"modified":"2024-04-24T18:34:29","modified_gmt":"2024-04-24T21:34:29","slug":"policia-civil-de-mondai-cumpre-mandado-de-prisao-preventiva","status":"publish","type":"post","link":"https:\/\/pc.sc.gov.br\/?p=19460","title":{"rendered":"Pol\u00edcia Civil de Monda\u00ed cumpre mandado de pris\u00e3o preventiva"},"content":{"rendered":"\t\t<div data-elementor-type=\"wp-post\" data-elementor-id=\"19460\" class=\"elementor elementor-19460\" data-elementor-post-type=\"post\">\n\t\t\t\t\t\t<section class=\"elementor-section elementor-top-section elementor-element elementor-element-1454275 elementor-section-boxed elementor-section-height-default elementor-section-height-default\" data-id=\"1454275\" data-element_type=\"section\">\n\t\t\t\t\t\t<div class=\"elementor-container elementor-column-gap-default\">\n\t\t\t\t\t<div class=\"elementor-column elementor-col-100 elementor-top-column elementor-element elementor-element-abeb4f4\" data-id=\"abeb4f4\" data-element_type=\"column\">\n\t\t\t<div class=\"elementor-widget-wrap elementor-element-populated\">\n\t\t\t\t\t\t<div class=\"elementor-element elementor-element-a1d00f6 elementor-widget elementor-widget-heading\" data-id=\"a1d00f6\" data-element_type=\"widget\" data-widget_type=\"heading.default\">\n\t\t\t\t<div class=\"elementor-widget-container\">\n\t\t\t\t\t<h2 class=\"elementor-heading-title elementor-size-default\">Pol\u00edcia Civil de Monda\u00ed cumpre mandado de pris\u00e3o preventiva<\/h2>\t\t\t\t<\/div>\n\t\t\t\t<\/div>\n\t\t\t\t\t<\/div>\n\t\t<\/div>\n\t\t\t\t\t<\/div>\n\t\t<\/section>\n\t\t\t\t<section class=\"elementor-section elementor-top-section elementor-element elementor-element-651b209 elementor-section-boxed elementor-section-height-default elementor-section-height-default\" data-id=\"651b209\" data-element_type=\"section\">\n\t\t\t\t\t\t<div class=\"elementor-container elementor-column-gap-default\">\n\t\t\t\t\t<div class=\"elementor-column elementor-col-100 elementor-top-column elementor-element elementor-element-2811c98\" data-id=\"2811c98\" data-element_type=\"column\">\n\t\t\t<div class=\"elementor-widget-wrap elementor-element-populated\">\n\t\t\t\t\t\t<div class=\"elementor-element elementor-element-52f6e34 elementor-widget elementor-widget-image\" data-id=\"52f6e34\" data-element_type=\"widget\" data-widget_type=\"image.default\">\n\t\t\t\t<div class=\"elementor-widget-container\">\n\t\t\t\t\t\t\t\t\t\t\t\t\t\t\t<img fetchpriority=\"high\" decoding=\"async\" width=\"696\" height=\"522\" src=\"https:\/\/pc.sc.gov.br\/\/wp-content\/uploads\/2024\/04\/WhatsApp-Image-2024-04-24-at-18.21.56-1024x768.jpeg\" class=\"attachment-large size-large wp-image-19461\" alt=\"\" srcset=\"https:\/\/pc.sc.gov.br\/\/wp-content\/uploads\/2024\/04\/WhatsApp-Image-2024-04-24-at-18.21.56-1024x768.jpeg 1024w, https:\/\/pc.sc.gov.br\/\/wp-content\/uploads\/2024\/04\/WhatsApp-Image-2024-04-24-at-18.21.56-300x225.jpeg 300w, https:\/\/pc.sc.gov.br\/\/wp-content\/uploads\/2024\/04\/WhatsApp-Image-2024-04-24-at-18.21.56-768x576.jpeg 768w, https:\/\/pc.sc.gov.br\/\/wp-content\/uploads\/2024\/04\/WhatsApp-Image-2024-04-24-at-18.21.56-1536x1152.jpeg 1536w, https:\/\/pc.sc.gov.br\/\/wp-content\/uploads\/2024\/04\/WhatsApp-Image-2024-04-24-at-18.21.56.jpeg 1600w\" sizes=\"(max-width: 696px) 100vw, 696px\" \/>\t\t\t\t\t\t\t\t\t\t\t\t\t\t\t<\/div>\n\t\t\t\t<\/div>\n\t\t\t\t\t<\/div>\n\t\t<\/div>\n\t\t\t\t\t<\/div>\n\t\t<\/section>\n\t\t\t\t<section class=\"elementor-section elementor-top-section elementor-element elementor-element-e3ef51d elementor-section-boxed elementor-section-height-default elementor-section-height-default\" data-id=\"e3ef51d\" data-element_type=\"section\">\n\t\t\t\t\t\t<div class=\"elementor-container elementor-column-gap-default\">\n\t\t\t\t\t<div class=\"elementor-column elementor-col-100 elementor-top-column elementor-element elementor-element-76c72ae\" data-id=\"76c72ae\" data-element_type=\"column\">\n\t\t\t<div class=\"elementor-widget-wrap elementor-element-populated\">\n\t\t\t\t\t\t<div class=\"elementor-element elementor-element-f4c9c28 elementor-widget elementor-widget-text-editor\" data-id=\"f4c9c28\" data-element_type=\"widget\" data-widget_type=\"text-editor.default\">\n\t\t\t\t<div class=\"elementor-widget-container\">\n\t\t\t\t\t\t\t\t\t<p>A Pol\u00edcia Civil de Santa Catarina, por meio da Delegacia de Monda\u00ed, prendeu nesta quarta-feira (24) uma mulher na cidade de Monda\u00ed. A expedi\u00e7\u00e3o do Mandado de Pris\u00e3o ocorreu em decorr\u00eancia de investiga\u00e7\u00f5es relacionadas ao tr\u00e1fico de drogas.<\/p><p>Com as informa\u00e7\u00f5es apuradas, a Autoridade Policial representou pela Pris\u00e3o Preventiva e com o parecer favor\u00e1vel do Minist\u00e9rio P\u00fablico, foi prontamente deferido pelo Poder Judici\u00e1rio local.\u00a0<\/p><p>A dilig\u00eancia faz parte de um conjunto de a\u00e7\u00f5es empreendidas pela Pol\u00edcia Civil de Monda\u00ed visando ao combate do tr\u00e1fico de drogas e subst\u00e2ncias afins. A pessoa presa foi encaminhada para a Unidade Prisional Avan\u00e7ada de S\u00e3o Miguel do Oeste.\u00a0<\/p>\t\t\t\t\t\t\t\t<\/div>\n\t\t\t\t<\/div>\n\t\t\t\t\t<\/div>\n\t\t<\/div>\n\t\t\t\t\t<\/div>\n\t\t<\/section>\n\t\t\t\t<\/div>\n\t\t","protected":false},"excerpt":{"rendered":"<p>Pol\u00edcia Civil de Monda\u00ed cumpre mandado de pris\u00e3o preventiva A Pol\u00edcia Civil de Santa Catarina, por meio da Delegacia de Monda\u00ed, prendeu nesta quarta-feira (24) uma mulher na cidade de Monda\u00ed. A expedi\u00e7\u00e3o do Mandado de Pris\u00e3o ocorreu em decorr\u00eancia de investiga\u00e7\u00f5es relacionadas ao tr\u00e1fico de drogas. Com as informa\u00e7\u00f5es apuradas, a Autoridade Policial representou [&hellip;]<\/p>\n","protected":false},"author":5,"featured_media":19461,"comment_status":"closed","ping_status":"open","sticky":false,"template":"","format":"standard","meta":{"_monsterinsights_skip_tracking":false,"_monsterinsights_sitenote_active":false,"_monsterinsights_sitenote_note":"","_monsterinsights_sitenote_category":0,"footnotes":""},"categories":[1],"tags":[],"class_list":["post-19460","post","type-post","status-publish","format-standard","has-post-thumbnail","hentry","category-sem-categoria"],"_links":{"self":[{"href":"https:\/\/pc.sc.gov.br\/index.php?rest_route=\/wp\/v2\/posts\/19460","targetHints":{"allow":["GET"]}}],"collection":[{"href":"https:\/\/pc.sc.gov.br\/index.php?rest_route=\/wp\/v2\/posts"}],"about":[{"href":"https:\/\/pc.sc.gov.br\/index.php?rest_route=\/wp\/v2\/types\/post"}],"author":[{"embeddable":true,"href":"https:\/\/pc.sc.gov.br\/index.php?rest_route=\/wp\/v2\/users\/5"}],"replies":[{"embeddable":true,"href":"https:\/\/pc.sc.gov.br\/index.php?rest_route=%2Fwp%2Fv2%2Fcomments&post=19460"}],"version-history":[{"count":4,"href":"https:\/\/pc.sc.gov.br\/index.php?rest_route=\/wp\/v2\/posts\/19460\/revisions"}],"predecessor-version":[{"id":19465,"href":"https:\/\/pc.sc.gov.br\/index.php?rest_route=\/wp\/v2\/posts\/19460\/revisions\/19465"}],"wp:featuredmedia":[{"embeddable":true,"href":"https:\/\/pc.sc.gov.br\/index.php?rest_route=\/wp\/v2\/media\/19461"}],"wp:attachment":[{"href":"https:\/\/pc.sc.gov.br\/index.php?rest_route=%2Fwp%2Fv2%2Fmedia&parent=19460"}],"wp:term":[{"taxonomy":"category","embeddable":true,"href":"https:\/\/pc.sc.gov.br\/index.php?rest_route=%2Fwp%2Fv2%2Fcategories&post=19460"},{"taxonomy":"post_tag","embeddable":true,"href":"https:\/\/pc.sc.gov.br\/index.php?rest_route=%2Fwp%2Fv2%2Ftags&post=19460"}],"curies":[{"name":"wp","href":"https:\/\/api.w.org\/{rel}","templated":true}]}}