{"id":19471,"date":"2024-04-25T14:07:24","date_gmt":"2024-04-25T17:07:24","guid":{"rendered":"https:\/\/pc.sc.gov.br\/?p=19471"},"modified":"2024-04-25T14:21:50","modified_gmt":"2024-04-25T17:21:50","slug":"dfrc-deic-identifica-grupo-criminoso-responsavel-por-subtracao-de-carga-de-no-parana","status":"publish","type":"post","link":"https:\/\/pc.sc.gov.br\/?p=19471","title":{"rendered":"DFRC\/DEIC identifica grupo criminoso respons\u00e1vel por subtra\u00e7\u00e3o de carga de no Paran\u00e1"},"content":{"rendered":"\t\t<div data-elementor-type=\"wp-post\" data-elementor-id=\"19471\" class=\"elementor elementor-19471\" data-elementor-post-type=\"post\">\n\t\t\t\t\t\t<section class=\"elementor-section elementor-top-section elementor-element elementor-element-362444b elementor-section-boxed elementor-section-height-default elementor-section-height-default\" data-id=\"362444b\" data-element_type=\"section\">\n\t\t\t\t\t\t<div class=\"elementor-container elementor-column-gap-default\">\n\t\t\t\t\t<div class=\"elementor-column elementor-col-100 elementor-top-column elementor-element elementor-element-dbff9bf\" data-id=\"dbff9bf\" data-element_type=\"column\">\n\t\t\t<div class=\"elementor-widget-wrap elementor-element-populated\">\n\t\t\t\t\t\t<div class=\"elementor-element elementor-element-b59e420 elementor-widget elementor-widget-heading\" data-id=\"b59e420\" data-element_type=\"widget\" data-widget_type=\"heading.default\">\n\t\t\t\t<div class=\"elementor-widget-container\">\n\t\t\t\t\t<h2 class=\"elementor-heading-title elementor-size-default\">DFRC\/DEIC identifica grupo criminoso respons\u00e1vel por subtra\u00e7\u00e3o de carga no Paran\u00e1<\/h2>\t\t\t\t<\/div>\n\t\t\t\t<\/div>\n\t\t\t\t\t<\/div>\n\t\t<\/div>\n\t\t\t\t\t<\/div>\n\t\t<\/section>\n\t\t\t\t<section class=\"elementor-section elementor-top-section elementor-element elementor-element-0c61004 elementor-section-boxed elementor-section-height-default elementor-section-height-default\" data-id=\"0c61004\" data-element_type=\"section\">\n\t\t\t\t\t\t<div class=\"elementor-container elementor-column-gap-default\">\n\t\t\t\t\t<div class=\"elementor-column elementor-col-100 elementor-top-column elementor-element elementor-element-9bd5fc1\" data-id=\"9bd5fc1\" data-element_type=\"column\">\n\t\t\t<div class=\"elementor-widget-wrap elementor-element-populated\">\n\t\t\t\t\t\t<div class=\"elementor-element elementor-element-c2ecad7 elementor-widget elementor-widget-image\" data-id=\"c2ecad7\" data-element_type=\"widget\" data-widget_type=\"image.default\">\n\t\t\t\t<div class=\"elementor-widget-container\">\n\t\t\t\t\t\t\t\t\t\t\t\t\t\t\t<img fetchpriority=\"high\" decoding=\"async\" width=\"696\" height=\"437\" src=\"https:\/\/pc.sc.gov.br\/\/wp-content\/uploads\/2024\/04\/WhatsApp-Image-2024-04-25-at-13.53.15-1024x643.jpeg\" class=\"attachment-large size-large wp-image-19472\" alt=\"\" srcset=\"https:\/\/pc.sc.gov.br\/\/wp-content\/uploads\/2024\/04\/WhatsApp-Image-2024-04-25-at-13.53.15-1024x643.jpeg 1024w, https:\/\/pc.sc.gov.br\/\/wp-content\/uploads\/2024\/04\/WhatsApp-Image-2024-04-25-at-13.53.15-300x188.jpeg 300w, https:\/\/pc.sc.gov.br\/\/wp-content\/uploads\/2024\/04\/WhatsApp-Image-2024-04-25-at-13.53.15-768x482.jpeg 768w, https:\/\/pc.sc.gov.br\/\/wp-content\/uploads\/2024\/04\/WhatsApp-Image-2024-04-25-at-13.53.15.jpeg 1290w\" sizes=\"(max-width: 696px) 100vw, 696px\" \/>\t\t\t\t\t\t\t\t\t\t\t\t\t\t\t<\/div>\n\t\t\t\t<\/div>\n\t\t\t\t\t<\/div>\n\t\t<\/div>\n\t\t\t\t\t<\/div>\n\t\t<\/section>\n\t\t\t\t<section class=\"elementor-section elementor-top-section elementor-element elementor-element-2168323 elementor-section-boxed elementor-section-height-default elementor-section-height-default\" data-id=\"2168323\" data-element_type=\"section\">\n\t\t\t\t\t\t<div class=\"elementor-container elementor-column-gap-default\">\n\t\t\t\t\t<div class=\"elementor-column elementor-col-100 elementor-top-column elementor-element elementor-element-f8cd29e\" data-id=\"f8cd29e\" data-element_type=\"column\">\n\t\t\t<div class=\"elementor-widget-wrap elementor-element-populated\">\n\t\t\t\t\t\t<div class=\"elementor-element elementor-element-fc00e15 elementor-widget elementor-widget-text-editor\" data-id=\"fc00e15\" data-element_type=\"widget\" data-widget_type=\"text-editor.default\">\n\t\t\t\t<div class=\"elementor-widget-container\">\n\t\t\t\t\t\t\t\t\t<p>A Pol\u00edcia Civil de Santa Catarina, por meio da Delegacia de Furtos e Roubos de Cargas (DFRC\/DEIC) deflagra opera\u00e7\u00e3o em Londrina e Ibipor\u00e3, ambos munic\u00edpios localizados no Paran\u00e1. Foram cumpridos mandados de busca e apreens\u00e3o expedidos pela comarca de Lebon R\u00e9gis. A investiga\u00e7\u00e3o que motivou a medida cautelar apura crime de roubo de carga de soja, ocorrido em 29\/04\/2023. A carga tinha como destino Paranagu\u00e1\/PR.<\/p>\n<p>A investiga\u00e7\u00e3o coordenada pelo Delegado de Pol\u00edcia Osnei Valdir de Oliveira identificou grupo criminoso respons\u00e1vel pela subtra\u00e7\u00e3o da carga de soja. O fato foi inicialmente informado como roubo, no entanto, no decorrer das investiga\u00e7\u00f5es restou apurado que o motorista estava envolvido no crime.<\/p>\n<p>Para dar apar\u00eancia de veracidade das alega\u00e7\u00f5es apresentadas pelo motorista, foi fornecido \u00e0 v\u00edtima Boletim de Ocorr\u00eancia falso. Ap\u00f3s an\u00e1lise de documentos e dilig\u00eancias investigat\u00f3rias, a DFRC identificou os demais envolvidos no crime, resultando na opera\u00e7\u00e3o policial deesta quinta-feira (25). Para cumprimento dos Mandados a DFRC\/DEIC contou com o apoio operacional da DENARC Londrina &#8211; Pol\u00edcia Civil do Paran\u00e1.<\/p>\n<p><b>Den\u00fancias e informa\u00e7\u00f5es relacionadas a Roubo de Cargas podem ser encaminhadas para o e-mail deic-dfrc@pc.sc.gov.br da POL\u00cdCIA CIVIL, sendo garantido o anonimato.<\/b><span style=\"color: var( --e-global-color-text ); font-family: var( --e-global-typography-primary-font-family ), Sans-serif; font-size: var( --e-global-typography-primary-font-size ); font-weight: var( --e-global-typography-primary-font-weight ); letter-spacing: var( --e-global-typography-primary-letter-spacing );\">&nbsp;<\/span><\/p>\t\t\t\t\t\t\t\t<\/div>\n\t\t\t\t<\/div>\n\t\t\t\t\t<\/div>\n\t\t<\/div>\n\t\t\t\t\t<\/div>\n\t\t<\/section>\n\t\t\t\t<\/div>\n\t\t","protected":false},"excerpt":{"rendered":"<p>DFRC\/DEIC identifica grupo criminoso respons\u00e1vel por subtra\u00e7\u00e3o de carga no Paran\u00e1 A Pol\u00edcia Civil de Santa Catarina, por meio da Delegacia de Furtos e Roubos de Cargas (DFRC\/DEIC) deflagra opera\u00e7\u00e3o em Londrina e Ibipor\u00e3, ambos munic\u00edpios localizados no Paran\u00e1. Foram cumpridos mandados de busca e apreens\u00e3o expedidos pela comarca de Lebon R\u00e9gis. A investiga\u00e7\u00e3o que [&hellip;]<\/p>\n","protected":false},"author":5,"featured_media":19472,"comment_status":"closed","ping_status":"open","sticky":false,"template":"","format":"standard","meta":{"_monsterinsights_skip_tracking":false,"_monsterinsights_sitenote_active":false,"_monsterinsights_sitenote_note":"","_monsterinsights_sitenote_category":0,"footnotes":""},"categories":[1],"tags":[],"class_list":["post-19471","post","type-post","status-publish","format-standard","has-post-thumbnail","hentry","category-sem-categoria"],"_links":{"self":[{"href":"https:\/\/pc.sc.gov.br\/index.php?rest_route=\/wp\/v2\/posts\/19471","targetHints":{"allow":["GET"]}}],"collection":[{"href":"https:\/\/pc.sc.gov.br\/index.php?rest_route=\/wp\/v2\/posts"}],"about":[{"href":"https:\/\/pc.sc.gov.br\/index.php?rest_route=\/wp\/v2\/types\/post"}],"author":[{"embeddable":true,"href":"https:\/\/pc.sc.gov.br\/index.php?rest_route=\/wp\/v2\/users\/5"}],"replies":[{"embeddable":true,"href":"https:\/\/pc.sc.gov.br\/index.php?rest_route=%2Fwp%2Fv2%2Fcomments&post=19471"}],"version-history":[{"count":3,"href":"https:\/\/pc.sc.gov.br\/index.php?rest_route=\/wp\/v2\/posts\/19471\/revisions"}],"predecessor-version":[{"id":19475,"href":"https:\/\/pc.sc.gov.br\/index.php?rest_route=\/wp\/v2\/posts\/19471\/revisions\/19475"}],"wp:featuredmedia":[{"embeddable":true,"href":"https:\/\/pc.sc.gov.br\/index.php?rest_route=\/wp\/v2\/media\/19472"}],"wp:attachment":[{"href":"https:\/\/pc.sc.gov.br\/index.php?rest_route=%2Fwp%2Fv2%2Fmedia&parent=19471"}],"wp:term":[{"taxonomy":"category","embeddable":true,"href":"https:\/\/pc.sc.gov.br\/index.php?rest_route=%2Fwp%2Fv2%2Fcategories&post=19471"},{"taxonomy":"post_tag","embeddable":true,"href":"https:\/\/pc.sc.gov.br\/index.php?rest_route=%2Fwp%2Fv2%2Ftags&post=19471"}],"curies":[{"name":"wp","href":"https:\/\/api.w.org\/{rel}","templated":true}]}}