{"id":19476,"date":"2024-04-25T14:23:10","date_gmt":"2024-04-25T17:23:10","guid":{"rendered":"https:\/\/pc.sc.gov.br\/?p=19476"},"modified":"2024-04-25T14:27:45","modified_gmt":"2024-04-25T17:27:45","slug":"acadepol-sedia-1o-simposio-de-delegacias-especializadas-da-policia-civil-de-santa-catarina","status":"publish","type":"post","link":"https:\/\/pc.sc.gov.br\/?p=19476","title":{"rendered":"Acadepol sedia 1\u00ba Simp\u00f3sio de Delegacias Especializadas da Pol\u00edcia Civil de Santa Catarina"},"content":{"rendered":"\t\t<div data-elementor-type=\"wp-post\" data-elementor-id=\"19476\" class=\"elementor elementor-19476\" data-elementor-post-type=\"post\">\n\t\t\t\t\t\t<section class=\"elementor-section elementor-top-section elementor-element elementor-element-863c81a elementor-section-boxed elementor-section-height-default elementor-section-height-default\" data-id=\"863c81a\" data-element_type=\"section\">\n\t\t\t\t\t\t<div class=\"elementor-container elementor-column-gap-default\">\n\t\t\t\t\t<div class=\"elementor-column elementor-col-100 elementor-top-column elementor-element elementor-element-fa668e5\" data-id=\"fa668e5\" data-element_type=\"column\">\n\t\t\t<div class=\"elementor-widget-wrap elementor-element-populated\">\n\t\t\t\t\t\t<div class=\"elementor-element elementor-element-6a58832 elementor-widget elementor-widget-heading\" data-id=\"6a58832\" data-element_type=\"widget\" data-widget_type=\"heading.default\">\n\t\t\t\t<div class=\"elementor-widget-container\">\n\t\t\t\t\t<h2 class=\"elementor-heading-title elementor-size-default\">Acadepol sedia 1\u00ba Simp\u00f3sio de Delegacias Especializadas da Pol\u00edcia Civil de Santa Catarina<\/h2>\t\t\t\t<\/div>\n\t\t\t\t<\/div>\n\t\t\t\t\t<\/div>\n\t\t<\/div>\n\t\t\t\t\t<\/div>\n\t\t<\/section>\n\t\t\t\t<section class=\"elementor-section elementor-top-section elementor-element elementor-element-69cfeae elementor-section-boxed elementor-section-height-default elementor-section-height-default\" data-id=\"69cfeae\" data-element_type=\"section\">\n\t\t\t\t\t\t<div class=\"elementor-container elementor-column-gap-default\">\n\t\t\t\t\t<div class=\"elementor-column elementor-col-100 elementor-top-column elementor-element elementor-element-daa3e18\" data-id=\"daa3e18\" data-element_type=\"column\">\n\t\t\t<div class=\"elementor-widget-wrap elementor-element-populated\">\n\t\t\t\t\t\t<div class=\"elementor-element elementor-element-f80a32c elementor-widget elementor-widget-image\" data-id=\"f80a32c\" data-element_type=\"widget\" data-widget_type=\"image.default\">\n\t\t\t\t<div class=\"elementor-widget-container\">\n\t\t\t\t\t\t\t\t\t\t\t\t\t\t\t<img fetchpriority=\"high\" decoding=\"async\" width=\"696\" height=\"574\" src=\"https:\/\/pc.sc.gov.br\/\/wp-content\/uploads\/2024\/04\/b09744ec-9157-4ad6-917c-2b635e32b358-fotor-20240425142359-1024x844.jpg\" class=\"attachment-large size-large wp-image-19477\" alt=\"\" srcset=\"https:\/\/pc.sc.gov.br\/\/wp-content\/uploads\/2024\/04\/b09744ec-9157-4ad6-917c-2b635e32b358-fotor-20240425142359-1024x844.jpg 1024w, https:\/\/pc.sc.gov.br\/\/wp-content\/uploads\/2024\/04\/b09744ec-9157-4ad6-917c-2b635e32b358-fotor-20240425142359-300x247.jpg 300w, https:\/\/pc.sc.gov.br\/\/wp-content\/uploads\/2024\/04\/b09744ec-9157-4ad6-917c-2b635e32b358-fotor-20240425142359-768x633.jpg 768w, https:\/\/pc.sc.gov.br\/\/wp-content\/uploads\/2024\/04\/b09744ec-9157-4ad6-917c-2b635e32b358-fotor-20240425142359.jpg 1192w\" sizes=\"(max-width: 696px) 100vw, 696px\" \/>\t\t\t\t\t\t\t\t\t\t\t\t\t\t\t<\/div>\n\t\t\t\t<\/div>\n\t\t\t\t\t<\/div>\n\t\t<\/div>\n\t\t\t\t\t<\/div>\n\t\t<\/section>\n\t\t\t\t<section class=\"elementor-section elementor-top-section elementor-element elementor-element-5217b79 elementor-section-boxed elementor-section-height-default elementor-section-height-default\" data-id=\"5217b79\" data-element_type=\"section\">\n\t\t\t\t\t\t<div class=\"elementor-container elementor-column-gap-default\">\n\t\t\t\t\t<div class=\"elementor-column elementor-col-100 elementor-top-column elementor-element elementor-element-79166c4\" data-id=\"79166c4\" data-element_type=\"column\">\n\t\t\t<div class=\"elementor-widget-wrap elementor-element-populated\">\n\t\t\t\t\t\t<div class=\"elementor-element elementor-element-14190f7 elementor-widget elementor-widget-text-editor\" data-id=\"14190f7\" data-element_type=\"widget\" data-widget_type=\"text-editor.default\">\n\t\t\t\t<div class=\"elementor-widget-container\">\n\t\t\t\t\t\t\t\t\t<p>A Academia da Pol\u00edcia Civil (Acadepol) em parceria com a Ger\u00eancia de Delegacias Especializadas (GDE) realiza nesta quarta-feira (24) e quinta-feira (25), o 1\u00ba Simp\u00f3sio de Delegacias Especializadas da Pol\u00edcia Civil de Santa Catarina, em Florian\u00f3polis.&nbsp;<span style=\"font-family: var( --e-global-typography-text-font-family ), Sans-serif; font-size: var( --e-global-typography-text-font-size );\">O objetivo do evento \u00e9proporcionar a integra\u00e7\u00e3o de policiais lotados em Delegacias Especializadas, para estimular o compartilhamento de experi\u00eancias, ferramentas e m\u00e9todos, al\u00e9m de fomentar o relacionamento interpessoal. \u201c\u00c9 um evento in\u00e9dito na hist\u00f3ria da Pol\u00edcia Civil. Reunir uma consider\u00e1vel parte dos melhores profissionais de investiga\u00e7\u00e3o da institui\u00e7\u00e3o em um evento para troca de conhecimentos, experi\u00eancias e aprendizado, certamente trar\u00e1 ainda mais qualidade e efici\u00eancia nas investiga\u00e7\u00f5es. Consequentemente, quem ganha \u00e9 a popula\u00e7\u00e3o catarinense\u201d, destacou o delegado Gustavo Muniz, Gerente das Delegacias Especializadas e Coordenador Estadual das Delegacias de Combate \u00e0 Corrup\u00e7\u00e3o.<\/span><\/p>\n<p>O Simp\u00f3sio come\u00e7ou nesta quarta-feira com a palestra do delegado-geral Ulisses Gabriel. Na sequ\u00eancia o delegado Anselmo Cruz, titular da DRAS, falou sobre investiga\u00e7\u00e3o antissequestro. \u00c0 tarde, o delegado Rodrigo Schneider, a escriv\u00e3 Michele Calazans e a agente de pol\u00edcia Lorrayne Souza Galli abordaram o tema repress\u00e3o \u00e0 lavagem de dinheiro. Na sequ\u00eancia o delegado Raphael Werling discorreu sobre organiza\u00e7\u00f5es criminosas e o Delegado Jackson Guasseli Pessoa sobre Contraintelig\u00eancia e Estat\u00edstica.&nbsp;&nbsp;<\/p>\n<p><\/p>\n<p>Na programa\u00e7\u00e3o do 1\u00ba Simp\u00f3sio de Delegacias Especializadas da Pol\u00edcia Civil de Santa Catarina est\u00e3o previstas para quinta-feira (25) as seguintes atividades: Delegado Gustavo Muniz falar\u00e1 sobre a Ger\u00eancia das Delegacias Especializadas. A seguir, os delegados Walter Loyola e Diogo Gonzalez Lima (DPGF), Murilo Batalha (DIC de Joinville), Roberto Fronza (DIC Oeste), S\u00e9rgio Roberto de Souza (DIC de Lages), Yuri Miqueluzi (DIC de Crici\u00fama), Alex Bonfim Reis (DIC de Brusque), Rodrigo Raitz (DIC de Ca\u00e7ador) ir\u00e3o apresentar boas pr\u00e1ticas em casos reais das suas regi\u00f5es. O encerramento ser\u00e1 com os promotores Luiz Fernando Fernandes Pacheco e Havah Em\u00edlia Piccinini de Ara\u00fajo Mainhardt, ambos promotores da 39\u00aa Promotoria de Justi\u00e7a com atribui\u00e7\u00e3o nos procedimentos relativos a il\u00edcitos praticados por organiza\u00e7\u00f5es criminosas.&nbsp; &nbsp; &nbsp;<\/p>\t\t\t\t\t\t\t\t<\/div>\n\t\t\t\t<\/div>\n\t\t\t\t\t<\/div>\n\t\t<\/div>\n\t\t\t\t\t<\/div>\n\t\t<\/section>\n\t\t\t\t<\/div>\n\t\t","protected":false},"excerpt":{"rendered":"<p>Acadepol sedia 1\u00ba Simp\u00f3sio de Delegacias Especializadas da Pol\u00edcia Civil de Santa Catarina A Academia da Pol\u00edcia Civil (Acadepol) em parceria com a Ger\u00eancia de Delegacias Especializadas (GDE) realiza nesta quarta-feira (24) e quinta-feira (25), o 1\u00ba Simp\u00f3sio de Delegacias Especializadas da Pol\u00edcia Civil de Santa Catarina, em Florian\u00f3polis.&nbsp;O objetivo do evento \u00e9proporcionar a integra\u00e7\u00e3o [&hellip;]<\/p>\n","protected":false},"author":5,"featured_media":19477,"comment_status":"closed","ping_status":"open","sticky":false,"template":"","format":"standard","meta":{"_monsterinsights_skip_tracking":false,"_monsterinsights_sitenote_active":false,"_monsterinsights_sitenote_note":"","_monsterinsights_sitenote_category":0,"footnotes":""},"categories":[1],"tags":[],"class_list":["post-19476","post","type-post","status-publish","format-standard","has-post-thumbnail","hentry","category-sem-categoria"],"_links":{"self":[{"href":"https:\/\/pc.sc.gov.br\/index.php?rest_route=\/wp\/v2\/posts\/19476","targetHints":{"allow":["GET"]}}],"collection":[{"href":"https:\/\/pc.sc.gov.br\/index.php?rest_route=\/wp\/v2\/posts"}],"about":[{"href":"https:\/\/pc.sc.gov.br\/index.php?rest_route=\/wp\/v2\/types\/post"}],"author":[{"embeddable":true,"href":"https:\/\/pc.sc.gov.br\/index.php?rest_route=\/wp\/v2\/users\/5"}],"replies":[{"embeddable":true,"href":"https:\/\/pc.sc.gov.br\/index.php?rest_route=%2Fwp%2Fv2%2Fcomments&post=19476"}],"version-history":[{"count":3,"href":"https:\/\/pc.sc.gov.br\/index.php?rest_route=\/wp\/v2\/posts\/19476\/revisions"}],"predecessor-version":[{"id":19480,"href":"https:\/\/pc.sc.gov.br\/index.php?rest_route=\/wp\/v2\/posts\/19476\/revisions\/19480"}],"wp:featuredmedia":[{"embeddable":true,"href":"https:\/\/pc.sc.gov.br\/index.php?rest_route=\/wp\/v2\/media\/19477"}],"wp:attachment":[{"href":"https:\/\/pc.sc.gov.br\/index.php?rest_route=%2Fwp%2Fv2%2Fmedia&parent=19476"}],"wp:term":[{"taxonomy":"category","embeddable":true,"href":"https:\/\/pc.sc.gov.br\/index.php?rest_route=%2Fwp%2Fv2%2Fcategories&post=19476"},{"taxonomy":"post_tag","embeddable":true,"href":"https:\/\/pc.sc.gov.br\/index.php?rest_route=%2Fwp%2Fv2%2Ftags&post=19476"}],"curies":[{"name":"wp","href":"https:\/\/api.w.org\/{rel}","templated":true}]}}