{"id":19481,"date":"2024-04-25T14:36:06","date_gmt":"2024-04-25T17:36:06","guid":{"rendered":"https:\/\/pc.sc.gov.br\/?p=19481"},"modified":"2024-04-25T14:37:10","modified_gmt":"2024-04-25T17:37:10","slug":"dpcami-de-canoinhas-deflagra-operacao-respectus-em-combate-a-pedofilia-e-a-violencia-domestica","status":"publish","type":"post","link":"https:\/\/pc.sc.gov.br\/?p=19481","title":{"rendered":"DPCAMI de Canoinhas deflagra opera\u00e7\u00e3o \u201cRespectus\u201d em combate \u00e0 pedofilia e \u00e0 viol\u00eancia dom\u00e9stica"},"content":{"rendered":"\t\t<div data-elementor-type=\"wp-post\" data-elementor-id=\"19481\" class=\"elementor elementor-19481\" data-elementor-post-type=\"post\">\n\t\t\t\t\t\t<section class=\"elementor-section elementor-top-section elementor-element elementor-element-f2f05c9 elementor-section-boxed elementor-section-height-default elementor-section-height-default\" data-id=\"f2f05c9\" data-element_type=\"section\">\n\t\t\t\t\t\t<div class=\"elementor-container elementor-column-gap-default\">\n\t\t\t\t\t<div class=\"elementor-column elementor-col-100 elementor-top-column elementor-element elementor-element-dba03af\" data-id=\"dba03af\" data-element_type=\"column\">\n\t\t\t<div class=\"elementor-widget-wrap elementor-element-populated\">\n\t\t\t\t\t\t<div class=\"elementor-element elementor-element-4c710c8 elementor-widget elementor-widget-heading\" data-id=\"4c710c8\" data-element_type=\"widget\" data-widget_type=\"heading.default\">\n\t\t\t\t<div class=\"elementor-widget-container\">\n\t\t\t\t\t<h2 class=\"elementor-heading-title elementor-size-default\">DPCAMI de Canoinhas deflagra opera\u00e7\u00e3o \u201cRespectus\u201d em combate \u00e0 pedofilia e \u00e0 viol\u00eancia dom\u00e9stica<\/h2>\t\t\t\t<\/div>\n\t\t\t\t<\/div>\n\t\t\t\t\t<\/div>\n\t\t<\/div>\n\t\t\t\t\t<\/div>\n\t\t<\/section>\n\t\t\t\t<section class=\"elementor-section elementor-top-section elementor-element elementor-element-ea68602 elementor-section-boxed elementor-section-height-default elementor-section-height-default\" data-id=\"ea68602\" data-element_type=\"section\">\n\t\t\t\t\t\t<div class=\"elementor-container elementor-column-gap-default\">\n\t\t\t\t\t<div class=\"elementor-column elementor-col-100 elementor-top-column elementor-element elementor-element-cff9412\" data-id=\"cff9412\" data-element_type=\"column\">\n\t\t\t<div class=\"elementor-widget-wrap elementor-element-populated\">\n\t\t\t\t\t\t<div class=\"elementor-element elementor-element-897cdeb elementor-widget elementor-widget-image\" data-id=\"897cdeb\" data-element_type=\"widget\" data-widget_type=\"image.default\">\n\t\t\t\t<div class=\"elementor-widget-container\">\n\t\t\t\t\t\t\t\t\t\t\t\t\t\t\t<img fetchpriority=\"high\" decoding=\"async\" width=\"696\" height=\"522\" src=\"https:\/\/pc.sc.gov.br\/\/wp-content\/uploads\/2024\/04\/WhatsApp-Image-2024-04-24-at-19.31.19-1024x768.jpeg\" class=\"attachment-large size-large wp-image-19483\" alt=\"\" srcset=\"https:\/\/pc.sc.gov.br\/\/wp-content\/uploads\/2024\/04\/WhatsApp-Image-2024-04-24-at-19.31.19-1024x768.jpeg 1024w, https:\/\/pc.sc.gov.br\/\/wp-content\/uploads\/2024\/04\/WhatsApp-Image-2024-04-24-at-19.31.19-300x225.jpeg 300w, https:\/\/pc.sc.gov.br\/\/wp-content\/uploads\/2024\/04\/WhatsApp-Image-2024-04-24-at-19.31.19-768x576.jpeg 768w, https:\/\/pc.sc.gov.br\/\/wp-content\/uploads\/2024\/04\/WhatsApp-Image-2024-04-24-at-19.31.19-1536x1152.jpeg 1536w, https:\/\/pc.sc.gov.br\/\/wp-content\/uploads\/2024\/04\/WhatsApp-Image-2024-04-24-at-19.31.19.jpeg 1600w\" sizes=\"(max-width: 696px) 100vw, 696px\" \/>\t\t\t\t\t\t\t\t\t\t\t\t\t\t\t<\/div>\n\t\t\t\t<\/div>\n\t\t\t\t\t<\/div>\n\t\t<\/div>\n\t\t\t\t\t<\/div>\n\t\t<\/section>\n\t\t\t\t<section class=\"elementor-section elementor-top-section elementor-element elementor-element-86835f9 elementor-section-boxed elementor-section-height-default elementor-section-height-default\" data-id=\"86835f9\" data-element_type=\"section\">\n\t\t\t\t\t\t<div class=\"elementor-container elementor-column-gap-default\">\n\t\t\t\t\t<div class=\"elementor-column elementor-col-100 elementor-top-column elementor-element elementor-element-d9c0832\" data-id=\"d9c0832\" data-element_type=\"column\">\n\t\t\t<div class=\"elementor-widget-wrap elementor-element-populated\">\n\t\t\t\t\t\t<div class=\"elementor-element elementor-element-625283a elementor-widget elementor-widget-text-editor\" data-id=\"625283a\" data-element_type=\"widget\" data-widget_type=\"text-editor.default\">\n\t\t\t\t<div class=\"elementor-widget-container\">\n\t\t\t\t\t\t\t\t\t<p>Na quarta-feira (24), a Pol\u00edcia Civil de Santa Catarina, por meio da Delegacia de Prote\u00e7\u00e3o \u00e0 Crian\u00e7a, ao Adolescente, \u00e0 Mulher e ao Idoso (DPCAMI) de Canoinhas, deflagrou a opera\u00e7\u00e3o \u201cRespectus\u201d nas cidades de Canoinhas e Papanduva. \u00a0O foco das dilig\u00eancias coordenadas pela unidade especializada foi o combate \u00e0s ocorr\u00eancias graves de abuso sexual infantil (pedofilia) e de viol\u00eancia dom\u00e9stica contra a mulher. Foram cumpridas nove ordens judiciais cautelares de pris\u00e3o preventiva, busca e apreens\u00e3o e quebra de sigilo telef\u00f4nico e telem\u00e1tico.<\/p><p>Dentre as investiga\u00e7\u00f5es de que decorreram os mandados, h\u00e1 um caso de estupro de vulner\u00e1vel praticado por um professor contra uma crian\u00e7a que era sua aluna, outro em que o preso teria agredido sua ex-companheira com uma barra de ferro al\u00e9m de descumprir as medidas protetivas de urg\u00eancia que estavam em vigor.<\/p><p>H\u00e1 ainda uma apura\u00e7\u00e3o de pornografia de vingan\u00e7a (revenge porn) e de desrespeito a ordem de afastamento, no qual o agressor ciente de estar cometendo um crime ao desobedec\u00ea, desdenhou das institui\u00e7\u00f5es de seguran\u00e7a p\u00fablica ao afirmar expressamente que a v\u00edtima poderia mandar at\u00e9 a Pol\u00edcia Civil em sua resid\u00eancia que n\u00e3o existia qualquer receio e as viol\u00eancias continuariam.<\/p><p>Sete dispositivos eletr\u00f4nicos e de inform\u00e1tica foram apreendidos e passaram por per\u00edcia. Quatro homens foram presos e encaminhados ao Pres\u00eddio Regional de Canoinhas e permanecem \u00e0 disposi\u00e7\u00e3o da Justi\u00e7a.<\/p><p>A opera\u00e7\u00e3o, que j\u00e1 \u00e9 considerada a maior com essa tem\u00e1tica na regi\u00e3o, contou com o respaldo do Poder Judici\u00e1rio e do MPSC local e apoio operacional das unidades DIC, DPCo, NOC e PCI de Canoinhas, DPMu de Major Vieira e DPCo de Papanduva.<\/p>\t\t\t\t\t\t\t\t<\/div>\n\t\t\t\t<\/div>\n\t\t\t\t\t<\/div>\n\t\t<\/div>\n\t\t\t\t\t<\/div>\n\t\t<\/section>\n\t\t\t\t<section class=\"elementor-section elementor-top-section elementor-element elementor-element-0deca16 elementor-section-boxed elementor-section-height-default elementor-section-height-default\" data-id=\"0deca16\" data-element_type=\"section\">\n\t\t\t\t\t\t<div class=\"elementor-container elementor-column-gap-default\">\n\t\t\t\t\t<div class=\"elementor-column elementor-col-100 elementor-top-column elementor-element elementor-element-2a8409f\" data-id=\"2a8409f\" data-element_type=\"column\">\n\t\t\t<div class=\"elementor-widget-wrap elementor-element-populated\">\n\t\t\t\t\t\t<div class=\"elementor-element elementor-element-f451b18 elementor-widget elementor-widget-image\" data-id=\"f451b18\" data-element_type=\"widget\" data-widget_type=\"image.default\">\n\t\t\t\t<div class=\"elementor-widget-container\">\n\t\t\t\t\t\t\t\t\t\t\t\t\t\t\t<img decoding=\"async\" width=\"534\" height=\"259\" src=\"https:\/\/pc.sc.gov.br\/\/wp-content\/uploads\/2024\/04\/WhatsApp-Image-2024-04-24-at-19.31.20.jpeg\" class=\"attachment-large size-large wp-image-19482\" alt=\"\" srcset=\"https:\/\/pc.sc.gov.br\/\/wp-content\/uploads\/2024\/04\/WhatsApp-Image-2024-04-24-at-19.31.20.jpeg 534w, https:\/\/pc.sc.gov.br\/\/wp-content\/uploads\/2024\/04\/WhatsApp-Image-2024-04-24-at-19.31.20-300x146.jpeg 300w\" sizes=\"(max-width: 534px) 100vw, 534px\" \/>\t\t\t\t\t\t\t\t\t\t\t\t\t\t\t<\/div>\n\t\t\t\t<\/div>\n\t\t\t\t\t<\/div>\n\t\t<\/div>\n\t\t\t\t\t<\/div>\n\t\t<\/section>\n\t\t\t\t<\/div>\n\t\t","protected":false},"excerpt":{"rendered":"<p>DPCAMI de Canoinhas deflagra opera\u00e7\u00e3o \u201cRespectus\u201d em combate \u00e0 pedofilia e \u00e0 viol\u00eancia dom\u00e9stica Na quarta-feira (24), a Pol\u00edcia Civil de Santa Catarina, por meio da Delegacia de Prote\u00e7\u00e3o \u00e0 Crian\u00e7a, ao Adolescente, \u00e0 Mulher e ao Idoso (DPCAMI) de Canoinhas, deflagrou a opera\u00e7\u00e3o \u201cRespectus\u201d nas cidades de Canoinhas e Papanduva. \u00a0O foco das dilig\u00eancias [&hellip;]<\/p>\n","protected":false},"author":5,"featured_media":19483,"comment_status":"closed","ping_status":"open","sticky":false,"template":"","format":"standard","meta":{"_monsterinsights_skip_tracking":false,"_monsterinsights_sitenote_active":false,"_monsterinsights_sitenote_note":"","_monsterinsights_sitenote_category":0,"footnotes":""},"categories":[1],"tags":[],"class_list":["post-19481","post","type-post","status-publish","format-standard","has-post-thumbnail","hentry","category-sem-categoria"],"_links":{"self":[{"href":"https:\/\/pc.sc.gov.br\/index.php?rest_route=\/wp\/v2\/posts\/19481","targetHints":{"allow":["GET"]}}],"collection":[{"href":"https:\/\/pc.sc.gov.br\/index.php?rest_route=\/wp\/v2\/posts"}],"about":[{"href":"https:\/\/pc.sc.gov.br\/index.php?rest_route=\/wp\/v2\/types\/post"}],"author":[{"embeddable":true,"href":"https:\/\/pc.sc.gov.br\/index.php?rest_route=\/wp\/v2\/users\/5"}],"replies":[{"embeddable":true,"href":"https:\/\/pc.sc.gov.br\/index.php?rest_route=%2Fwp%2Fv2%2Fcomments&post=19481"}],"version-history":[{"count":4,"href":"https:\/\/pc.sc.gov.br\/index.php?rest_route=\/wp\/v2\/posts\/19481\/revisions"}],"predecessor-version":[{"id":19487,"href":"https:\/\/pc.sc.gov.br\/index.php?rest_route=\/wp\/v2\/posts\/19481\/revisions\/19487"}],"wp:featuredmedia":[{"embeddable":true,"href":"https:\/\/pc.sc.gov.br\/index.php?rest_route=\/wp\/v2\/media\/19483"}],"wp:attachment":[{"href":"https:\/\/pc.sc.gov.br\/index.php?rest_route=%2Fwp%2Fv2%2Fmedia&parent=19481"}],"wp:term":[{"taxonomy":"category","embeddable":true,"href":"https:\/\/pc.sc.gov.br\/index.php?rest_route=%2Fwp%2Fv2%2Fcategories&post=19481"},{"taxonomy":"post_tag","embeddable":true,"href":"https:\/\/pc.sc.gov.br\/index.php?rest_route=%2Fwp%2Fv2%2Ftags&post=19481"}],"curies":[{"name":"wp","href":"https:\/\/api.w.org\/{rel}","templated":true}]}}