{"id":19504,"date":"2024-04-25T19:10:04","date_gmt":"2024-04-25T22:10:04","guid":{"rendered":"https:\/\/pc.sc.gov.br\/?p=19504"},"modified":"2024-04-25T19:10:56","modified_gmt":"2024-04-25T22:10:56","slug":"policia-civil-prende-mais-um-homem-por-trafico-de-drogas-no-ambito-da-operacao-narke","status":"publish","type":"post","link":"https:\/\/pc.sc.gov.br\/?p=19504","title":{"rendered":"Pol\u00edcia Civil prende mais um homem por tr\u00e1fico de drogas no \u00e2mbito da opera\u00e7\u00e3o \u201cN\u00e1rke\u201d"},"content":{"rendered":"\t\t<div data-elementor-type=\"wp-post\" data-elementor-id=\"19504\" class=\"elementor elementor-19504\" data-elementor-post-type=\"post\">\n\t\t\t\t\t\t<section class=\"elementor-section elementor-top-section elementor-element elementor-element-1dc72ff elementor-section-boxed elementor-section-height-default elementor-section-height-default\" data-id=\"1dc72ff\" data-element_type=\"section\">\n\t\t\t\t\t\t<div class=\"elementor-container elementor-column-gap-default\">\n\t\t\t\t\t<div class=\"elementor-column elementor-col-100 elementor-top-column elementor-element elementor-element-ed83711\" data-id=\"ed83711\" data-element_type=\"column\">\n\t\t\t<div class=\"elementor-widget-wrap elementor-element-populated\">\n\t\t\t\t\t\t<div class=\"elementor-element elementor-element-66316cb elementor-widget elementor-widget-heading\" data-id=\"66316cb\" data-element_type=\"widget\" data-widget_type=\"heading.default\">\n\t\t\t\t<div class=\"elementor-widget-container\">\n\t\t\t\t\t<h2 class=\"elementor-heading-title elementor-size-default\">Pol\u00edcia Civil prende mais um homem por tr\u00e1fico de drogas no \u00e2mbito da opera\u00e7\u00e3o \u201cN\u00e1rke\u201d<\/h2>\t\t\t\t<\/div>\n\t\t\t\t<\/div>\n\t\t\t\t\t<\/div>\n\t\t<\/div>\n\t\t\t\t\t<\/div>\n\t\t<\/section>\n\t\t\t\t<section class=\"elementor-section elementor-top-section elementor-element elementor-element-d67590c elementor-section-boxed elementor-section-height-default elementor-section-height-default\" data-id=\"d67590c\" data-element_type=\"section\">\n\t\t\t\t\t\t<div class=\"elementor-container elementor-column-gap-default\">\n\t\t\t\t\t<div class=\"elementor-column elementor-col-100 elementor-top-column elementor-element elementor-element-564358a\" data-id=\"564358a\" data-element_type=\"column\">\n\t\t\t<div class=\"elementor-widget-wrap elementor-element-populated\">\n\t\t\t\t\t\t<div class=\"elementor-element elementor-element-8736906 elementor-widget elementor-widget-image\" data-id=\"8736906\" data-element_type=\"widget\" data-widget_type=\"image.default\">\n\t\t\t\t<div class=\"elementor-widget-container\">\n\t\t\t\t\t\t\t\t\t\t\t\t\t\t\t<img fetchpriority=\"high\" decoding=\"async\" width=\"696\" height=\"927\" src=\"https:\/\/pc.sc.gov.br\/\/wp-content\/uploads\/2024\/02\/WhatsApp-Image-2024-02-06-at-13.53.20-769x1024.jpeg\" class=\"attachment-large size-large wp-image-17181\" alt=\"\" srcset=\"https:\/\/pc.sc.gov.br\/\/wp-content\/uploads\/2024\/02\/WhatsApp-Image-2024-02-06-at-13.53.20-769x1024.jpeg 769w, https:\/\/pc.sc.gov.br\/\/wp-content\/uploads\/2024\/02\/WhatsApp-Image-2024-02-06-at-13.53.20-225x300.jpeg 225w, https:\/\/pc.sc.gov.br\/\/wp-content\/uploads\/2024\/02\/WhatsApp-Image-2024-02-06-at-13.53.20-768x1023.jpeg 768w, https:\/\/pc.sc.gov.br\/\/wp-content\/uploads\/2024\/02\/WhatsApp-Image-2024-02-06-at-13.53.20.jpeg 868w\" sizes=\"(max-width: 696px) 100vw, 696px\" \/>\t\t\t\t\t\t\t\t\t\t\t\t\t\t\t<\/div>\n\t\t\t\t<\/div>\n\t\t\t\t\t<\/div>\n\t\t<\/div>\n\t\t\t\t\t<\/div>\n\t\t<\/section>\n\t\t\t\t<section class=\"elementor-section elementor-top-section elementor-element elementor-element-caa74d2 elementor-section-boxed elementor-section-height-default elementor-section-height-default\" data-id=\"caa74d2\" data-element_type=\"section\">\n\t\t\t\t\t\t<div class=\"elementor-container elementor-column-gap-default\">\n\t\t\t\t\t<div class=\"elementor-column elementor-col-100 elementor-top-column elementor-element elementor-element-6efb290\" data-id=\"6efb290\" data-element_type=\"column\">\n\t\t\t<div class=\"elementor-widget-wrap elementor-element-populated\">\n\t\t\t\t\t\t<div class=\"elementor-element elementor-element-9718e31 elementor-widget elementor-widget-text-editor\" data-id=\"9718e31\" data-element_type=\"widget\" data-widget_type=\"text-editor.default\">\n\t\t\t\t<div class=\"elementor-widget-container\">\n\t\t\t\t\t\t\t\t\t<p>Nesta quinta-feira (25\/04), a Pol\u00edcia Civil de Santa Catarina, por meio da Delegacia de Repress\u00e3o \u00e0s Drogas da DEIC, deu cumprimento a um mandado de pris\u00e3o por senten\u00e7a condenat\u00f3ria por tr\u00e1fico de drogas, no munic\u00edpio de S\u00e3o Jos\u00e9\/SC. Um homem foi preso.<\/p><p>A a\u00e7\u00e3o da Delegacia de Repress\u00e3o \u00e0s Drogas ocorreu no \u00e2mbito da opera\u00e7\u00e3o \u201cN\u00e1rke\u201d, coordenada pela Diretoria de Opera\u00e7\u00f5es de Intelig\u00eancia &#8211; Diopi\/Senasp\/MJSP, que visa combater o tr\u00e1fico de drogas e crimes conexos, com a execu\u00e7\u00e3o de a\u00e7\u00f5es repressivas de cumprimento de mandados judiciais em todos os estados e no Distrito Federal, por meio das Unidades Especializadas de Combate ao Narcotr\u00e1fico das Pol\u00edcias Civis.<\/p>\t\t\t\t\t\t\t\t<\/div>\n\t\t\t\t<\/div>\n\t\t\t\t\t<\/div>\n\t\t<\/div>\n\t\t\t\t\t<\/div>\n\t\t<\/section>\n\t\t\t\t<\/div>\n\t\t","protected":false},"excerpt":{"rendered":"<p>Pol\u00edcia Civil prende mais um homem por tr\u00e1fico de drogas no \u00e2mbito da opera\u00e7\u00e3o \u201cN\u00e1rke\u201d Nesta quinta-feira (25\/04), a Pol\u00edcia Civil de Santa Catarina, por meio da Delegacia de Repress\u00e3o \u00e0s Drogas da DEIC, deu cumprimento a um mandado de pris\u00e3o por senten\u00e7a condenat\u00f3ria por tr\u00e1fico de drogas, no munic\u00edpio de S\u00e3o Jos\u00e9\/SC. Um homem [&hellip;]<\/p>\n","protected":false},"author":5,"featured_media":17181,"comment_status":"closed","ping_status":"open","sticky":false,"template":"","format":"standard","meta":{"_monsterinsights_skip_tracking":false,"_monsterinsights_sitenote_active":false,"_monsterinsights_sitenote_note":"","_monsterinsights_sitenote_category":0,"footnotes":""},"categories":[1],"tags":[],"class_list":["post-19504","post","type-post","status-publish","format-standard","has-post-thumbnail","hentry","category-sem-categoria"],"_links":{"self":[{"href":"https:\/\/pc.sc.gov.br\/index.php?rest_route=\/wp\/v2\/posts\/19504","targetHints":{"allow":["GET"]}}],"collection":[{"href":"https:\/\/pc.sc.gov.br\/index.php?rest_route=\/wp\/v2\/posts"}],"about":[{"href":"https:\/\/pc.sc.gov.br\/index.php?rest_route=\/wp\/v2\/types\/post"}],"author":[{"embeddable":true,"href":"https:\/\/pc.sc.gov.br\/index.php?rest_route=\/wp\/v2\/users\/5"}],"replies":[{"embeddable":true,"href":"https:\/\/pc.sc.gov.br\/index.php?rest_route=%2Fwp%2Fv2%2Fcomments&post=19504"}],"version-history":[{"count":4,"href":"https:\/\/pc.sc.gov.br\/index.php?rest_route=\/wp\/v2\/posts\/19504\/revisions"}],"predecessor-version":[{"id":19508,"href":"https:\/\/pc.sc.gov.br\/index.php?rest_route=\/wp\/v2\/posts\/19504\/revisions\/19508"}],"wp:featuredmedia":[{"embeddable":true,"href":"https:\/\/pc.sc.gov.br\/index.php?rest_route=\/wp\/v2\/media\/17181"}],"wp:attachment":[{"href":"https:\/\/pc.sc.gov.br\/index.php?rest_route=%2Fwp%2Fv2%2Fmedia&parent=19504"}],"wp:term":[{"taxonomy":"category","embeddable":true,"href":"https:\/\/pc.sc.gov.br\/index.php?rest_route=%2Fwp%2Fv2%2Fcategories&post=19504"},{"taxonomy":"post_tag","embeddable":true,"href":"https:\/\/pc.sc.gov.br\/index.php?rest_route=%2Fwp%2Fv2%2Ftags&post=19504"}],"curies":[{"name":"wp","href":"https:\/\/api.w.org\/{rel}","templated":true}]}}