{"id":19523,"date":"2024-04-26T17:17:37","date_gmt":"2024-04-26T20:17:37","guid":{"rendered":"https:\/\/pc.sc.gov.br\/?p=19523"},"modified":"2024-04-26T17:18:31","modified_gmt":"2024-04-26T20:18:31","slug":"policia-civil-de-ascurra-prende-condenado-a-mais-12-anos-de-prisao-pelo-crime-de-estupro-de-vulneravel","status":"publish","type":"post","link":"https:\/\/pc.sc.gov.br\/?p=19523","title":{"rendered":"Pol\u00edcia Civil de Ascurra prende condenado a mais 12 anos de pris\u00e3o pelo crime de estupro de vulner\u00e1vel"},"content":{"rendered":"\t\t<div data-elementor-type=\"wp-post\" data-elementor-id=\"19523\" class=\"elementor elementor-19523\" data-elementor-post-type=\"post\">\n\t\t\t\t\t\t<section class=\"elementor-section elementor-top-section elementor-element elementor-element-1aeb3d8 elementor-section-boxed elementor-section-height-default elementor-section-height-default\" data-id=\"1aeb3d8\" data-element_type=\"section\">\n\t\t\t\t\t\t<div class=\"elementor-container elementor-column-gap-default\">\n\t\t\t\t\t<div class=\"elementor-column elementor-col-100 elementor-top-column elementor-element elementor-element-3d82230\" data-id=\"3d82230\" data-element_type=\"column\">\n\t\t\t<div class=\"elementor-widget-wrap elementor-element-populated\">\n\t\t\t\t\t\t<div class=\"elementor-element elementor-element-735ca88 elementor-widget elementor-widget-heading\" data-id=\"735ca88\" data-element_type=\"widget\" data-widget_type=\"heading.default\">\n\t\t\t\t<div class=\"elementor-widget-container\">\n\t\t\t\t\t<h2 class=\"elementor-heading-title elementor-size-default\">Pol\u00edcia Civil de Ascurra prende condenado a mais 12 anos de pris\u00e3o pelo crime de estupro de vulner\u00e1vel<\/h2>\t\t\t\t<\/div>\n\t\t\t\t<\/div>\n\t\t\t\t\t<\/div>\n\t\t<\/div>\n\t\t\t\t\t<\/div>\n\t\t<\/section>\n\t\t\t\t<section class=\"elementor-section elementor-top-section elementor-element elementor-element-f7b5c7e elementor-section-boxed elementor-section-height-default elementor-section-height-default\" data-id=\"f7b5c7e\" data-element_type=\"section\">\n\t\t\t\t\t\t<div class=\"elementor-container elementor-column-gap-default\">\n\t\t\t\t\t<div class=\"elementor-column elementor-col-100 elementor-top-column elementor-element elementor-element-0325d50\" data-id=\"0325d50\" data-element_type=\"column\">\n\t\t\t<div class=\"elementor-widget-wrap elementor-element-populated\">\n\t\t\t\t\t\t<div class=\"elementor-element elementor-element-a3bfdf7 elementor-widget elementor-widget-image\" data-id=\"a3bfdf7\" data-element_type=\"widget\" data-widget_type=\"image.default\">\n\t\t\t\t<div class=\"elementor-widget-container\">\n\t\t\t\t\t\t\t\t\t\t\t\t\t\t\t<img fetchpriority=\"high\" decoding=\"async\" width=\"696\" height=\"513\" src=\"https:\/\/pc.sc.gov.br\/\/wp-content\/uploads\/2024\/04\/WhatsApp-Image-2024-04-15-at-08.55.30-fotor-20240416144718-1-1024x755.jpg\" class=\"attachment-large size-large wp-image-19524\" alt=\"\" srcset=\"https:\/\/pc.sc.gov.br\/\/wp-content\/uploads\/2024\/04\/WhatsApp-Image-2024-04-15-at-08.55.30-fotor-20240416144718-1-1024x755.jpg 1024w, https:\/\/pc.sc.gov.br\/\/wp-content\/uploads\/2024\/04\/WhatsApp-Image-2024-04-15-at-08.55.30-fotor-20240416144718-1-300x221.jpg 300w, https:\/\/pc.sc.gov.br\/\/wp-content\/uploads\/2024\/04\/WhatsApp-Image-2024-04-15-at-08.55.30-fotor-20240416144718-1-768x566.jpg 768w, https:\/\/pc.sc.gov.br\/\/wp-content\/uploads\/2024\/04\/WhatsApp-Image-2024-04-15-at-08.55.30-fotor-20240416144718-1.jpg 1186w\" sizes=\"(max-width: 696px) 100vw, 696px\" \/>\t\t\t\t\t\t\t\t\t\t\t\t\t\t\t<\/div>\n\t\t\t\t<\/div>\n\t\t\t\t\t<\/div>\n\t\t<\/div>\n\t\t\t\t\t<\/div>\n\t\t<\/section>\n\t\t\t\t<section class=\"elementor-section elementor-top-section elementor-element elementor-element-a2a61e9 elementor-section-boxed elementor-section-height-default elementor-section-height-default\" data-id=\"a2a61e9\" data-element_type=\"section\">\n\t\t\t\t\t\t<div class=\"elementor-container elementor-column-gap-default\">\n\t\t\t\t\t<div class=\"elementor-column elementor-col-100 elementor-top-column elementor-element elementor-element-44049c0\" data-id=\"44049c0\" data-element_type=\"column\">\n\t\t\t<div class=\"elementor-widget-wrap elementor-element-populated\">\n\t\t\t\t\t\t<div class=\"elementor-element elementor-element-9a743b3 elementor-widget elementor-widget-text-editor\" data-id=\"9a743b3\" data-element_type=\"widget\" data-widget_type=\"text-editor.default\">\n\t\t\t\t<div class=\"elementor-widget-container\">\n\t\t\t\t\t\t\t\t\t<p>A Pol\u00edcia Civil de Santa Catarina, por meio da Delegacia de Pol\u00edcia Civil de Ascurra, nesta sexta-feira (26) deu cumprimento a um mandado de pris\u00e3o por senten\u00e7a definitiva, expedido em desfavor de um homem, condenado pelo crime de estupro de vulner\u00e1vel, previsto no Art. 217-A do C\u00f3digo Penal.<\/p><p>A pris\u00e3o se deu ap\u00f3s policiais da Delegacia da Comarca de Ascurra realizarem diversas dilig\u00eancias com a finalidade de encontrar o conduzido. O preso foi localizado, pr\u00f3ximo \u00e0s 15h30, no interior de uma empresa no bairro Monte Alegre, no momento em que trabalhava, recebendo voz de pris\u00e3o.<\/p><p>Os fatos investigados ocorreram no ano de 2013, na oportunidade a v\u00edtima tinha apenas 13 anos de idade e, conforme apurado na instru\u00e7\u00e3o criminal, foi abusada sexualmente pelo conduzido em diversas oportunidades, inclusive com amea\u00e7as de morte.<\/p><p>O preso foi condenado a uma pena de 12 anos, cinco meses e 10 dias de reclus\u00e3o a ser cumprida inicialmente em regime fechado e foi encaminhado ao Pres\u00eddio Regional de Blumenau, onde ficar\u00e1 \u00e0 disposi\u00e7\u00e3o do Poder Judici\u00e1rio da Comarca de Ascurra, respons\u00e1vel pela expedi\u00e7\u00e3o da ordem judicial.<\/p><p>Colabore com a Pol\u00edcia Civil, por interm\u00e9dio da Delegacia de Ascurra &#8211; den\u00fancias atrav\u00e9s do (47) 9.9793-6769 &#8211; sigilo absoluto.<\/p>\t\t\t\t\t\t\t\t<\/div>\n\t\t\t\t<\/div>\n\t\t\t\t\t<\/div>\n\t\t<\/div>\n\t\t\t\t\t<\/div>\n\t\t<\/section>\n\t\t\t\t<\/div>\n\t\t","protected":false},"excerpt":{"rendered":"<p>Pol\u00edcia Civil de Ascurra prende condenado a mais 12 anos de pris\u00e3o pelo crime de estupro de vulner\u00e1vel A Pol\u00edcia Civil de Santa Catarina, por meio da Delegacia de Pol\u00edcia Civil de Ascurra, nesta sexta-feira (26) deu cumprimento a um mandado de pris\u00e3o por senten\u00e7a definitiva, expedido em desfavor de um homem, condenado pelo crime [&hellip;]<\/p>\n","protected":false},"author":5,"featured_media":19524,"comment_status":"closed","ping_status":"open","sticky":false,"template":"","format":"standard","meta":{"_monsterinsights_skip_tracking":false,"_monsterinsights_sitenote_active":false,"_monsterinsights_sitenote_note":"","_monsterinsights_sitenote_category":0,"footnotes":""},"categories":[1],"tags":[],"class_list":["post-19523","post","type-post","status-publish","format-standard","has-post-thumbnail","hentry","category-sem-categoria"],"_links":{"self":[{"href":"https:\/\/pc.sc.gov.br\/index.php?rest_route=\/wp\/v2\/posts\/19523","targetHints":{"allow":["GET"]}}],"collection":[{"href":"https:\/\/pc.sc.gov.br\/index.php?rest_route=\/wp\/v2\/posts"}],"about":[{"href":"https:\/\/pc.sc.gov.br\/index.php?rest_route=\/wp\/v2\/types\/post"}],"author":[{"embeddable":true,"href":"https:\/\/pc.sc.gov.br\/index.php?rest_route=\/wp\/v2\/users\/5"}],"replies":[{"embeddable":true,"href":"https:\/\/pc.sc.gov.br\/index.php?rest_route=%2Fwp%2Fv2%2Fcomments&post=19523"}],"version-history":[{"count":4,"href":"https:\/\/pc.sc.gov.br\/index.php?rest_route=\/wp\/v2\/posts\/19523\/revisions"}],"predecessor-version":[{"id":19528,"href":"https:\/\/pc.sc.gov.br\/index.php?rest_route=\/wp\/v2\/posts\/19523\/revisions\/19528"}],"wp:featuredmedia":[{"embeddable":true,"href":"https:\/\/pc.sc.gov.br\/index.php?rest_route=\/wp\/v2\/media\/19524"}],"wp:attachment":[{"href":"https:\/\/pc.sc.gov.br\/index.php?rest_route=%2Fwp%2Fv2%2Fmedia&parent=19523"}],"wp:term":[{"taxonomy":"category","embeddable":true,"href":"https:\/\/pc.sc.gov.br\/index.php?rest_route=%2Fwp%2Fv2%2Fcategories&post=19523"},{"taxonomy":"post_tag","embeddable":true,"href":"https:\/\/pc.sc.gov.br\/index.php?rest_route=%2Fwp%2Fv2%2Ftags&post=19523"}],"curies":[{"name":"wp","href":"https:\/\/api.w.org\/{rel}","templated":true}]}}