{"id":19529,"date":"2024-04-26T17:48:50","date_gmt":"2024-04-26T20:48:50","guid":{"rendered":"https:\/\/pc.sc.gov.br\/?p=19529"},"modified":"2024-04-26T17:50:23","modified_gmt":"2024-04-26T20:50:23","slug":"dpmu-de-morro-da-fumaca-inaugura-nova-sede-na-regiao-central-do-municipio","status":"publish","type":"post","link":"https:\/\/pc.sc.gov.br\/?p=19529","title":{"rendered":"DPMu de Morro da Fuma\u00e7a inaugura nova sede na regi\u00e3o central do munic\u00edpio"},"content":{"rendered":"\t\t<div data-elementor-type=\"wp-post\" data-elementor-id=\"19529\" class=\"elementor elementor-19529\" data-elementor-post-type=\"post\">\n\t\t\t\t\t\t<section class=\"elementor-section elementor-top-section elementor-element elementor-element-a8cf723 elementor-section-boxed elementor-section-height-default elementor-section-height-default\" data-id=\"a8cf723\" data-element_type=\"section\">\n\t\t\t\t\t\t<div class=\"elementor-container elementor-column-gap-default\">\n\t\t\t\t\t<div class=\"elementor-column elementor-col-100 elementor-top-column elementor-element elementor-element-2b345f1\" data-id=\"2b345f1\" data-element_type=\"column\">\n\t\t\t<div class=\"elementor-widget-wrap elementor-element-populated\">\n\t\t\t\t\t\t<div class=\"elementor-element elementor-element-4213b8b elementor-widget elementor-widget-heading\" data-id=\"4213b8b\" data-element_type=\"widget\" data-widget_type=\"heading.default\">\n\t\t\t\t<div class=\"elementor-widget-container\">\n\t\t\t\t\t<h2 class=\"elementor-heading-title elementor-size-default\">DPMu de Morro da Fuma\u00e7a ganha nova sede na regi\u00e3o central do munic\u00edpio<\/h2>\t\t\t\t<\/div>\n\t\t\t\t<\/div>\n\t\t\t\t\t<\/div>\n\t\t<\/div>\n\t\t\t\t\t<\/div>\n\t\t<\/section>\n\t\t\t\t<section class=\"elementor-section elementor-top-section elementor-element elementor-element-d216291 elementor-section-boxed elementor-section-height-default elementor-section-height-default\" data-id=\"d216291\" data-element_type=\"section\">\n\t\t\t\t\t\t<div class=\"elementor-container elementor-column-gap-default\">\n\t\t\t\t\t<div class=\"elementor-column elementor-col-100 elementor-top-column elementor-element elementor-element-075a039\" data-id=\"075a039\" data-element_type=\"column\">\n\t\t\t<div class=\"elementor-widget-wrap elementor-element-populated\">\n\t\t\t\t\t\t<div class=\"elementor-element elementor-element-e03f6a7 elementor-widget elementor-widget-image\" data-id=\"e03f6a7\" data-element_type=\"widget\" data-widget_type=\"image.default\">\n\t\t\t\t<div class=\"elementor-widget-container\">\n\t\t\t\t\t\t\t\t\t\t\t\t\t\t\t<img fetchpriority=\"high\" decoding=\"async\" width=\"696\" height=\"522\" src=\"https:\/\/pc.sc.gov.br\/\/wp-content\/uploads\/2024\/04\/WhatsApp-Image-2024-04-25-at-18.00.34-1024x768.jpeg\" class=\"attachment-large size-large wp-image-19530\" alt=\"\" srcset=\"https:\/\/pc.sc.gov.br\/\/wp-content\/uploads\/2024\/04\/WhatsApp-Image-2024-04-25-at-18.00.34-1024x768.jpeg 1024w, https:\/\/pc.sc.gov.br\/\/wp-content\/uploads\/2024\/04\/WhatsApp-Image-2024-04-25-at-18.00.34-300x225.jpeg 300w, https:\/\/pc.sc.gov.br\/\/wp-content\/uploads\/2024\/04\/WhatsApp-Image-2024-04-25-at-18.00.34-768x576.jpeg 768w, https:\/\/pc.sc.gov.br\/\/wp-content\/uploads\/2024\/04\/WhatsApp-Image-2024-04-25-at-18.00.34-1536x1152.jpeg 1536w, https:\/\/pc.sc.gov.br\/\/wp-content\/uploads\/2024\/04\/WhatsApp-Image-2024-04-25-at-18.00.34.jpeg 1600w\" sizes=\"(max-width: 696px) 100vw, 696px\" \/>\t\t\t\t\t\t\t\t\t\t\t\t\t\t\t<\/div>\n\t\t\t\t<\/div>\n\t\t\t\t\t<\/div>\n\t\t<\/div>\n\t\t\t\t\t<\/div>\n\t\t<\/section>\n\t\t\t\t<section class=\"elementor-section elementor-top-section elementor-element elementor-element-87fe68c elementor-section-boxed elementor-section-height-default elementor-section-height-default\" data-id=\"87fe68c\" data-element_type=\"section\">\n\t\t\t\t\t\t<div class=\"elementor-container elementor-column-gap-default\">\n\t\t\t\t\t<div class=\"elementor-column elementor-col-100 elementor-top-column elementor-element elementor-element-5474719\" data-id=\"5474719\" data-element_type=\"column\">\n\t\t\t<div class=\"elementor-widget-wrap elementor-element-populated\">\n\t\t\t\t\t\t<div class=\"elementor-element elementor-element-5429725 elementor-widget elementor-widget-text-editor\" data-id=\"5429725\" data-element_type=\"widget\" data-widget_type=\"text-editor.default\">\n\t\t\t\t<div class=\"elementor-widget-container\">\n\t\t\t\t\t\t\t\t\t<p>A Pol\u00edcia Civil de Santa Catarina inaugurou nesta sexta-feira (26), a nova sede da Delegacia de Pol\u00edcia do Munic\u00edpio (DPMu) de Morro da Fuma\u00e7a. A solenidade contou com a presen\u00e7a do governador Jorginho Mello, do delegado-geral da PCSC, Ulisses Gabriel, o Diretor de Pol\u00edcia do Litoral, delegado F\u00e1bio Moreira Os\u00f3rio, a delegada Raquel Freire entre outras autoridades.<\/p>\n<p>Localizada na regi\u00e3o central do munic\u00edpio, a delegacia ocupa um espa\u00e7o de 200 metros quadrados e tem uma arquitetura voltada para dar agilidade no atendimento das ocorr\u00eancias policiais.&nbsp;<span style=\"font-family: var( --e-global-typography-text-font-family ), Sans-serif; font-size: var( --e-global-typography-text-font-size );\">Na DPMu s\u00e3o feitos diversos atendimentos ao p\u00fablico como registros de Boletim de Ocorr\u00eancias, pedidos de medida protetiva de urg\u00eancia, lavratura de procedimentos, toda a investiga\u00e7\u00e3o de crimes ocorridos na cidade, emiss\u00e3o de alvar\u00e1s e licen\u00e7as.<\/span><\/p>\n<p>A Delegacia de Pol\u00edcia do Munic\u00edpio (DPMu) possui equipamentos modernos que possibilitam aprimorar o atendimento aos cidad\u00e3os, facilitando o acesso e criando condi\u00e7\u00f5es de trabalho melhores para os agentes.O local tamb\u00e9m tem uma \u00e1rea reservada para dar o primeiro atendimento a casos mais sens\u00edveis como, por exemplo, os que envolvem viol\u00eancia dom\u00e9stica.&nbsp;<\/p>\n<p>Conforme a agente de pol\u00edcia, Luiza Brunato Weber, respons\u00e1vel pelo expediente da delegacia, a nova unidade \u00e9 mais um refor\u00e7o para garantir a seguran\u00e7a e a tranquilidade da comunidade.&nbsp;<\/p>\n<p>Tamb\u00e9m participaram da solenidade, o A nova sede da DPMU est\u00e1 localizada na rua Primo \u00cdtalo Naspolini, 30, Centro de Morro da Fuma\u00e7a.<\/p>\t\t\t\t\t\t\t\t<\/div>\n\t\t\t\t<\/div>\n\t\t\t\t\t<\/div>\n\t\t<\/div>\n\t\t\t\t\t<\/div>\n\t\t<\/section>\n\t\t\t\t<\/div>\n\t\t","protected":false},"excerpt":{"rendered":"<p>DPMu de Morro da Fuma\u00e7a ganha nova sede na regi\u00e3o central do munic\u00edpio A Pol\u00edcia Civil de Santa Catarina inaugurou nesta sexta-feira (26), a nova sede da Delegacia de Pol\u00edcia do Munic\u00edpio (DPMu) de Morro da Fuma\u00e7a. A solenidade contou com a presen\u00e7a do governador Jorginho Mello, do delegado-geral da PCSC, Ulisses Gabriel, o Diretor [&hellip;]<\/p>\n","protected":false},"author":5,"featured_media":19530,"comment_status":"closed","ping_status":"open","sticky":false,"template":"","format":"standard","meta":{"_monsterinsights_skip_tracking":false,"_monsterinsights_sitenote_active":false,"_monsterinsights_sitenote_note":"","_monsterinsights_sitenote_category":0,"footnotes":""},"categories":[1],"tags":[],"class_list":["post-19529","post","type-post","status-publish","format-standard","has-post-thumbnail","hentry","category-sem-categoria"],"_links":{"self":[{"href":"https:\/\/pc.sc.gov.br\/index.php?rest_route=\/wp\/v2\/posts\/19529","targetHints":{"allow":["GET"]}}],"collection":[{"href":"https:\/\/pc.sc.gov.br\/index.php?rest_route=\/wp\/v2\/posts"}],"about":[{"href":"https:\/\/pc.sc.gov.br\/index.php?rest_route=\/wp\/v2\/types\/post"}],"author":[{"embeddable":true,"href":"https:\/\/pc.sc.gov.br\/index.php?rest_route=\/wp\/v2\/users\/5"}],"replies":[{"embeddable":true,"href":"https:\/\/pc.sc.gov.br\/index.php?rest_route=%2Fwp%2Fv2%2Fcomments&post=19529"}],"version-history":[{"count":4,"href":"https:\/\/pc.sc.gov.br\/index.php?rest_route=\/wp\/v2\/posts\/19529\/revisions"}],"predecessor-version":[{"id":19534,"href":"https:\/\/pc.sc.gov.br\/index.php?rest_route=\/wp\/v2\/posts\/19529\/revisions\/19534"}],"wp:featuredmedia":[{"embeddable":true,"href":"https:\/\/pc.sc.gov.br\/index.php?rest_route=\/wp\/v2\/media\/19530"}],"wp:attachment":[{"href":"https:\/\/pc.sc.gov.br\/index.php?rest_route=%2Fwp%2Fv2%2Fmedia&parent=19529"}],"wp:term":[{"taxonomy":"category","embeddable":true,"href":"https:\/\/pc.sc.gov.br\/index.php?rest_route=%2Fwp%2Fv2%2Fcategories&post=19529"},{"taxonomy":"post_tag","embeddable":true,"href":"https:\/\/pc.sc.gov.br\/index.php?rest_route=%2Fwp%2Fv2%2Ftags&post=19529"}],"curies":[{"name":"wp","href":"https:\/\/api.w.org\/{rel}","templated":true}]}}