{"id":19571,"date":"2024-04-29T15:17:17","date_gmt":"2024-04-29T18:17:17","guid":{"rendered":"https:\/\/pc.sc.gov.br\/?p=19571"},"modified":"2024-04-29T15:17:55","modified_gmt":"2024-04-29T18:17:55","slug":"estado-tem-projeto-inovador-para-garantir-qualidade-de-comunicacao-mais-seguranca-e-agilidade-nos-atendimentos-da-policia-civil","status":"publish","type":"post","link":"https:\/\/pc.sc.gov.br\/?p=19571","title":{"rendered":"Estado tem projeto inovador para garantir qualidade de comunica\u00e7\u00e3o, mais seguran\u00e7a e agilidade nos atendimentos da Pol\u00edcia Civil"},"content":{"rendered":"\t\t<div data-elementor-type=\"wp-post\" data-elementor-id=\"19571\" class=\"elementor elementor-19571\" data-elementor-post-type=\"post\">\n\t\t\t\t\t\t<section class=\"elementor-section elementor-top-section elementor-element elementor-element-5d84f40 elementor-section-boxed elementor-section-height-default elementor-section-height-default\" data-id=\"5d84f40\" data-element_type=\"section\">\n\t\t\t\t\t\t<div class=\"elementor-container elementor-column-gap-default\">\n\t\t\t\t\t<div class=\"elementor-column elementor-col-100 elementor-top-column elementor-element elementor-element-eeb0cf9\" data-id=\"eeb0cf9\" data-element_type=\"column\">\n\t\t\t<div class=\"elementor-widget-wrap elementor-element-populated\">\n\t\t\t\t\t\t\t<\/div>\n\t\t<\/div>\n\t\t\t\t\t<\/div>\n\t\t<\/section>\n\t\t\t\t<section class=\"elementor-section elementor-top-section elementor-element elementor-element-567a4c1 elementor-section-boxed elementor-section-height-default elementor-section-height-default\" data-id=\"567a4c1\" data-element_type=\"section\">\n\t\t\t\t\t\t<div class=\"elementor-container elementor-column-gap-default\">\n\t\t\t\t\t<div class=\"elementor-column elementor-col-100 elementor-top-column elementor-element elementor-element-a2286eb\" data-id=\"a2286eb\" data-element_type=\"column\">\n\t\t\t<div class=\"elementor-widget-wrap elementor-element-populated\">\n\t\t\t\t\t\t<div class=\"elementor-element elementor-element-ab10c46 elementor-widget elementor-widget-heading\" data-id=\"ab10c46\" data-element_type=\"widget\" data-widget_type=\"heading.default\">\n\t\t\t\t<div class=\"elementor-widget-container\">\n\t\t\t\t\t<h2 class=\"elementor-heading-title elementor-size-default\">Estado tem projeto inovador para garantir qualidade de comunica\u00e7\u00e3o, mais seguran\u00e7a e agilidade nos atendimentos da Pol\u00edcia Civil<\/h2>\t\t\t\t<\/div>\n\t\t\t\t<\/div>\n\t\t\t\t\t<\/div>\n\t\t<\/div>\n\t\t\t\t\t<\/div>\n\t\t<\/section>\n\t\t\t\t<section class=\"elementor-section elementor-top-section elementor-element elementor-element-e5c514a elementor-section-boxed elementor-section-height-default elementor-section-height-default\" data-id=\"e5c514a\" data-element_type=\"section\">\n\t\t\t\t\t\t<div class=\"elementor-container elementor-column-gap-default\">\n\t\t\t\t\t<div class=\"elementor-column elementor-col-100 elementor-top-column elementor-element elementor-element-a1d060b\" data-id=\"a1d060b\" data-element_type=\"column\">\n\t\t\t<div class=\"elementor-widget-wrap elementor-element-populated\">\n\t\t\t\t\t\t<div class=\"elementor-element elementor-element-ef25486 elementor-widget elementor-widget-image\" data-id=\"ef25486\" data-element_type=\"widget\" data-widget_type=\"image.default\">\n\t\t\t\t<div class=\"elementor-widget-container\">\n\t\t\t\t\t\t\t\t\t\t\t\t\t\t\t<img fetchpriority=\"high\" decoding=\"async\" width=\"696\" height=\"464\" src=\"https:\/\/pc.sc.gov.br\/\/wp-content\/uploads\/2024\/04\/SAER-SCTI-1024x682.jpeg\" class=\"attachment-large size-large wp-image-19572\" alt=\"\" srcset=\"https:\/\/pc.sc.gov.br\/\/wp-content\/uploads\/2024\/04\/SAER-SCTI-1024x682.jpeg 1024w, https:\/\/pc.sc.gov.br\/\/wp-content\/uploads\/2024\/04\/SAER-SCTI-300x200.jpeg 300w, https:\/\/pc.sc.gov.br\/\/wp-content\/uploads\/2024\/04\/SAER-SCTI-768x512.jpeg 768w, https:\/\/pc.sc.gov.br\/\/wp-content\/uploads\/2024\/04\/SAER-SCTI.jpeg 1280w\" sizes=\"(max-width: 696px) 100vw, 696px\" \/>\t\t\t\t\t\t\t\t\t\t\t\t\t\t\t<\/div>\n\t\t\t\t<\/div>\n\t\t\t\t\t<\/div>\n\t\t<\/div>\n\t\t\t\t\t<\/div>\n\t\t<\/section>\n\t\t\t\t<section class=\"elementor-section elementor-top-section elementor-element elementor-element-138e7e1 elementor-section-boxed elementor-section-height-default elementor-section-height-default\" data-id=\"138e7e1\" data-element_type=\"section\">\n\t\t\t\t\t\t<div class=\"elementor-container elementor-column-gap-default\">\n\t\t\t\t\t<div class=\"elementor-column elementor-col-100 elementor-top-column elementor-element elementor-element-768e1e6\" data-id=\"768e1e6\" data-element_type=\"column\">\n\t\t\t<div class=\"elementor-widget-wrap elementor-element-populated\">\n\t\t\t\t\t\t<div class=\"elementor-element elementor-element-96d8ecf elementor-widget elementor-widget-text-editor\" data-id=\"96d8ecf\" data-element_type=\"widget\" data-widget_type=\"text-editor.default\">\n\t\t\t\t<div class=\"elementor-widget-container\">\n\t\t\t\t\t\t\t\t\t<p>O Governo do Estado tem investido cada vez mais em inova\u00e7\u00e3o e tecnologia para melhorar os servi\u00e7os prestados aos cidad\u00e3os que moram em Santa Catarina. Viaturas e aeronaves da Pol\u00edcia Civil ganharam internet via sat\u00e9lite para garantir a comunica\u00e7\u00e3o entre a corpora\u00e7\u00e3o nas atividades em regi\u00f5es mais remotas ou nas chamadas \u00e1reas de sombra. O projeto, em fase experimental, foi liderado pela Secretaria de Estado da Ci\u00eancia, Tecnologia e Inova\u00e7\u00e3o, em parceria com a Pol\u00edcIa Civil e apresentado ao governador Jorginho Mello, durante ato em Morro da Fuma\u00e7a, na sexta-feira (26) durante a inaugura\u00e7\u00e3o da sede da nova delegacia.<\/p>\n<p>\u201cEssas iniciativas enchem a gente de orgulho, porque estamos cumprindo a miss\u00e3o de cuidar das pessoas com essa capacidade inovadora que Santa Catarina tem. Eu sempre digo que a tecnologia t\u00e1 a\u00ed pra facilitar a vida do cidad\u00e3o, melhorar o atendimento que o Estado oferece pra popula\u00e7\u00e3o. Essa \u00e9 mais uma a\u00e7\u00e3o que mostra o nosso trabalho para aprimorar a Seguran\u00e7a P\u00fablica catarinense, que \u00e9 um exemplo para o Brasil\u201d, disse o governador Jorginho Mello.<\/p><p style=\"letter-spacing: -0.2px;\">Ao longo da semana, foram instaladas antenas que garantem a conectividade na base do Servi\u00e7o Aeropolicial (Saer) de Crici\u00fama. A partir do uso, os resultados ser\u00e3o avaliados para saber se os equipamentos atendem \u00e0s necessidades da Pol\u00edcia Civil ou se h\u00e1 quest\u00f5es t\u00e9cnicas a serem ajustadas. E tamb\u00e9m ser\u00e3o realizados estudos de viabilidade financeira e investimentos para aquisi\u00e7\u00e3o. O helic\u00f3ptero que opera em Chapec\u00f3 tamb\u00e9m receber\u00e1 a internet via sat\u00e9lite. Os equipamentos s\u00e3o os mais atuais dispon\u00edveis no mercado.<\/p><p style=\"letter-spacing: -0.2px;\"><br><\/p>\t\t\t\t\t\t\t\t<\/div>\n\t\t\t\t<\/div>\n\t\t\t\t\t<\/div>\n\t\t<\/div>\n\t\t\t\t\t<\/div>\n\t\t<\/section>\n\t\t\t\t<section class=\"elementor-section elementor-top-section elementor-element elementor-element-d770de0 elementor-section-boxed elementor-section-height-default elementor-section-height-default\" data-id=\"d770de0\" data-element_type=\"section\">\n\t\t\t\t\t\t<div class=\"elementor-container elementor-column-gap-default\">\n\t\t\t\t\t<div class=\"elementor-column elementor-col-100 elementor-top-column elementor-element elementor-element-ef7cb59\" data-id=\"ef7cb59\" data-element_type=\"column\">\n\t\t\t<div class=\"elementor-widget-wrap elementor-element-populated\">\n\t\t\t\t\t\t<div class=\"elementor-element elementor-element-7fa2eaf elementor-widget elementor-widget-image\" data-id=\"7fa2eaf\" data-element_type=\"widget\" data-widget_type=\"image.default\">\n\t\t\t\t<div class=\"elementor-widget-container\">\n\t\t\t\t\t\t\t\t\t\t\t\t\t\t\t<img decoding=\"async\" width=\"696\" height=\"464\" src=\"https:\/\/pc.sc.gov.br\/\/wp-content\/uploads\/2024\/04\/SAER-SCTI-MONDINI-1024x683.jpg\" class=\"attachment-large size-large wp-image-19573\" alt=\"\" srcset=\"https:\/\/pc.sc.gov.br\/\/wp-content\/uploads\/2024\/04\/SAER-SCTI-MONDINI-1024x683.jpg 1024w, https:\/\/pc.sc.gov.br\/\/wp-content\/uploads\/2024\/04\/SAER-SCTI-MONDINI-300x200.jpg 300w, https:\/\/pc.sc.gov.br\/\/wp-content\/uploads\/2024\/04\/SAER-SCTI-MONDINI-768x512.jpg 768w, https:\/\/pc.sc.gov.br\/\/wp-content\/uploads\/2024\/04\/SAER-SCTI-MONDINI-1536x1024.jpg 1536w, https:\/\/pc.sc.gov.br\/\/wp-content\/uploads\/2024\/04\/SAER-SCTI-MONDINI.jpg 1800w\" sizes=\"(max-width: 696px) 100vw, 696px\" \/>\t\t\t\t\t\t\t\t\t\t\t\t\t\t\t<\/div>\n\t\t\t\t<\/div>\n\t\t\t\t\t<\/div>\n\t\t<\/div>\n\t\t\t\t\t<\/div>\n\t\t<\/section>\n\t\t\t\t<section class=\"elementor-section elementor-top-section elementor-element elementor-element-d2afd7b elementor-section-boxed elementor-section-height-default elementor-section-height-default\" data-id=\"d2afd7b\" data-element_type=\"section\">\n\t\t\t\t\t\t<div class=\"elementor-container elementor-column-gap-default\">\n\t\t\t\t\t<div class=\"elementor-column elementor-col-100 elementor-top-column elementor-element elementor-element-c9ce6db\" data-id=\"c9ce6db\" data-element_type=\"column\">\n\t\t\t<div class=\"elementor-widget-wrap elementor-element-populated\">\n\t\t\t\t\t\t<div class=\"elementor-element elementor-element-9c8e388 elementor-widget elementor-widget-text-editor\" data-id=\"9c8e388\" data-element_type=\"widget\" data-widget_type=\"text-editor.default\">\n\t\t\t\t<div class=\"elementor-widget-container\">\n\t\t\t\t\t\t\t\t\t<p style=\"font-weight: 400; letter-spacing: -0.2px;\">O uso da internet via sat\u00e9lite \u00e9 uma tecnologia revolucion\u00e1ria porque o r\u00e1dio n\u00e3o precisar\u00e1 mais fazer o uso de um chip que depende de servi\u00e7o de internet, a exemplo de um telefone celular. O sat\u00e9lite de baixa \u00f3rbita, usado no projeto, possui uma constela\u00e7\u00e3o de v\u00e1rios sat\u00e9lites orbitando na Terra que garante a cobertura 24 horas do servi\u00e7o.<\/p><p style=\"font-weight: 400; letter-spacing: -0.2px;\">Entre os benef\u00edcios est\u00e3o a conectividade mais est\u00e1vel, possibilidade de transmiss\u00e3o de dados mais pesados como imagens (fotos e v\u00eddeos), al\u00e9m de possibilidade de conex\u00e3o ao vivo. A antena presente no helic\u00f3ptero tamb\u00e9m poder\u00e1 servir de suporte para conex\u00e3o com a base terrestre, como uma viatura, por exemplo.<\/p><p style=\"font-weight: 400; letter-spacing: -0.2px;\">A segunda fase do projeto ocorrer\u00e1 ap\u00f3s avalia\u00e7\u00e3o dos resultados da primeira etapa e prev\u00ea a chamada conectividade smash: incluir a conectividade com o policial civil. Se o policial precisar sair da viatura e entrar em uma mata fechada, por exemplo, ele ter\u00e1 conex\u00e3o com o r\u00e1dio comunicador e ainda poder\u00e1 passar a localiza\u00e7\u00e3o exata de onde est\u00e1 (georeferencial) proporcionando mais seguran\u00e7a para o profissional.<\/p><p style=\"font-weight: 400; letter-spacing: -0.2px;\">A iniciativa foi planejada e executada pela Secretaria da Ci\u00eancia, Tecnologia e Inova\u00e7\u00e3o (SCTI), em parceria com a Pol\u00edcia Civil. \u201cGovernar \u00e9 gerar conex\u00e3o. E este tipo de conectividade transforma e salva vidas, al\u00e9m de dar mais qualidade e seguran\u00e7a para quem est\u00e1 trabalhando. Atrav\u00e9s da comunica\u00e7\u00e3o via sat\u00e9lite, possibilitamos mais agilidade e confian\u00e7a nos servi\u00e7os prestados\u201d, afirmou o secret\u00e1rio da SCTI, Marcelo Fett.<\/p><p style=\"font-weight: 400; letter-spacing: -0.2px;\">O delegado-geral, Ulisses Gabriel, explica que a PCSC investe em tecnologia, na valoriza\u00e7\u00e3o dos policiais civis e na infraestrutura. \u201cEssa nova funcionalidade vai permitir que o Saer e Pol\u00edcia Civil de modo geral melhorem ainda mais a qualidade da presta\u00e7\u00e3o dos seus servi\u00e7os \u00e0 popula\u00e7\u00e3o\u201d, assinalou.<\/p><p style=\"font-weight: 400; letter-spacing: -0.2px;\">Ulisses Gabriel acrescenta que todos os investimentos feitos pelo governador Jorginho Mello e o apoio que tem dado \u00e0 institui\u00e7\u00e3o tem resultado no aumento da produtividade da Pol\u00edcia Civil. \u201cAlcan\u00e7amos a marca hist\u00f3ria de ter 80% dos homic\u00eddios elucidados. Em 2024 tamb\u00e9m tivemos 441 pris\u00f5es em flagrante; 2.435 mandados de busca e apreens\u00e3o cumpridos e outros 1.920 mandados de pris\u00e3o cumpridos. Os n\u00fameros revelam o alto desempenho da PCSC, que junto com as demais for\u00e7as de seguran\u00e7a trabalham para que Santa Catarina permane\u00e7a como o estado mais seguro do Brasil\u201d, observou.<\/p><p style=\"font-weight: 400; letter-spacing: -0.2px;\">Para o delegado do Saer Gilberto Crepaldi Mondini, essa nova tecnologia, que a PCSC est\u00e1 sendo pioneira de implanta\u00e7\u00e3o, tanto no sinal wi-fi, quanto na radiocomunica\u00e7\u00e3o, ser\u00e1 de grande diferencial para a opera\u00e7\u00e3o das aeronaves da Pol\u00edcia Civil dentro do Servi\u00e7o Aeropolicial (Saer).<\/p><p style=\"font-weight: 400; letter-spacing: -0.2px;\">\u201cSem d\u00favida nenhuma ir\u00e1 otimizar muito o trabalho policial com o contato da aeronave com os policiais que est\u00e3o em terra, quer seja por radiocomunica\u00e7\u00e3o, quer seja por comunica\u00e7\u00e3o via mensagens e WhatsApp e outros aplicativos. Al\u00e9m disso temos as opera\u00e7\u00f5es aerom\u00e9dicas, j\u00e1 que as duas aeronaves da PCSC fazem esse tipo de atividade. O m\u00e9dico podendo previamente ter as informa\u00e7\u00f5es do seu paciente utilizando o sinal da aeronave durante o deslocamento para um atendimento, at\u00e9 mesmo depois numa transfer\u00eancia, j\u00e1 transmitindo todas as informa\u00e7\u00f5es do paciente que est\u00e1 em voo\u201d, disse o delegado Gilberto Crepaldi Mondini.<span style=\"color: var( --e-global-color-text ); font-family: var( --e-global-typography-primary-font-family ), Sans-serif; font-size: var( --e-global-typography-primary-font-size ); font-weight: var( --e-global-typography-primary-font-weight ); letter-spacing: var( --e-global-typography-primary-letter-spacing );\">\u00a0<\/span><\/p>\t\t\t\t\t\t\t\t<\/div>\n\t\t\t\t<\/div>\n\t\t\t\t\t<\/div>\n\t\t<\/div>\n\t\t\t\t\t<\/div>\n\t\t<\/section>\n\t\t\t\t<\/div>\n\t\t","protected":false},"excerpt":{"rendered":"<p>Estado tem projeto inovador para garantir qualidade de comunica\u00e7\u00e3o, mais seguran\u00e7a e agilidade nos atendimentos da Pol\u00edcia Civil O Governo do Estado tem investido cada vez mais em inova\u00e7\u00e3o e tecnologia para melhorar os servi\u00e7os prestados aos cidad\u00e3os que moram em Santa Catarina. Viaturas e aeronaves da Pol\u00edcia Civil ganharam internet via sat\u00e9lite para garantir [&hellip;]<\/p>\n","protected":false},"author":5,"featured_media":19572,"comment_status":"closed","ping_status":"open","sticky":false,"template":"","format":"standard","meta":{"_monsterinsights_skip_tracking":false,"_monsterinsights_sitenote_active":false,"_monsterinsights_sitenote_note":"","_monsterinsights_sitenote_category":0,"footnotes":""},"categories":[1],"tags":[],"class_list":["post-19571","post","type-post","status-publish","format-standard","has-post-thumbnail","hentry","category-sem-categoria"],"_links":{"self":[{"href":"https:\/\/pc.sc.gov.br\/index.php?rest_route=\/wp\/v2\/posts\/19571","targetHints":{"allow":["GET"]}}],"collection":[{"href":"https:\/\/pc.sc.gov.br\/index.php?rest_route=\/wp\/v2\/posts"}],"about":[{"href":"https:\/\/pc.sc.gov.br\/index.php?rest_route=\/wp\/v2\/types\/post"}],"author":[{"embeddable":true,"href":"https:\/\/pc.sc.gov.br\/index.php?rest_route=\/wp\/v2\/users\/5"}],"replies":[{"embeddable":true,"href":"https:\/\/pc.sc.gov.br\/index.php?rest_route=%2Fwp%2Fv2%2Fcomments&post=19571"}],"version-history":[{"count":3,"href":"https:\/\/pc.sc.gov.br\/index.php?rest_route=\/wp\/v2\/posts\/19571\/revisions"}],"predecessor-version":[{"id":19576,"href":"https:\/\/pc.sc.gov.br\/index.php?rest_route=\/wp\/v2\/posts\/19571\/revisions\/19576"}],"wp:featuredmedia":[{"embeddable":true,"href":"https:\/\/pc.sc.gov.br\/index.php?rest_route=\/wp\/v2\/media\/19572"}],"wp:attachment":[{"href":"https:\/\/pc.sc.gov.br\/index.php?rest_route=%2Fwp%2Fv2%2Fmedia&parent=19571"}],"wp:term":[{"taxonomy":"category","embeddable":true,"href":"https:\/\/pc.sc.gov.br\/index.php?rest_route=%2Fwp%2Fv2%2Fcategories&post=19571"},{"taxonomy":"post_tag","embeddable":true,"href":"https:\/\/pc.sc.gov.br\/index.php?rest_route=%2Fwp%2Fv2%2Ftags&post=19571"}],"curies":[{"name":"wp","href":"https:\/\/api.w.org\/{rel}","templated":true}]}}