{"id":19580,"date":"2024-04-29T15:55:52","date_gmt":"2024-04-29T18:55:52","guid":{"rendered":"https:\/\/pc.sc.gov.br\/?p=19580"},"modified":"2024-04-29T15:58:28","modified_gmt":"2024-04-29T18:58:28","slug":"em-indaial-policia-civil-prende-homem-condenado-a-33-anos-por-crimes-de-homicidio-no-vale-do-itajai","status":"publish","type":"post","link":"https:\/\/pc.sc.gov.br\/?p=19580","title":{"rendered":"Em Indaial, Pol\u00edcia Civil prende homem condenado a 33 anos por crimes de homic\u00eddio no Vale do Itaja\u00ed"},"content":{"rendered":"\t\t<div data-elementor-type=\"wp-post\" data-elementor-id=\"19580\" class=\"elementor elementor-19580\" data-elementor-post-type=\"post\">\n\t\t\t\t\t\t<section class=\"elementor-section elementor-top-section elementor-element elementor-element-c0f7436 elementor-section-boxed elementor-section-height-default elementor-section-height-default\" data-id=\"c0f7436\" data-element_type=\"section\">\n\t\t\t\t\t\t<div class=\"elementor-container elementor-column-gap-default\">\n\t\t\t\t\t<div class=\"elementor-column elementor-col-100 elementor-top-column elementor-element elementor-element-de89b55\" data-id=\"de89b55\" data-element_type=\"column\">\n\t\t\t<div class=\"elementor-widget-wrap elementor-element-populated\">\n\t\t\t\t\t\t<div class=\"elementor-element elementor-element-09c88f3 elementor-widget elementor-widget-heading\" data-id=\"09c88f3\" data-element_type=\"widget\" data-widget_type=\"heading.default\">\n\t\t\t\t<div class=\"elementor-widget-container\">\n\t\t\t\t\t<h2 class=\"elementor-heading-title elementor-size-default\">Em Indaial, Pol\u00edcia Civil prende homem condenado a 33 anos por crimes de homic\u00eddio no Vale do Itaja\u00ed<\/h2>\t\t\t\t<\/div>\n\t\t\t\t<\/div>\n\t\t\t\t\t<\/div>\n\t\t<\/div>\n\t\t\t\t\t<\/div>\n\t\t<\/section>\n\t\t\t\t<section class=\"elementor-section elementor-top-section elementor-element elementor-element-4cfb600 elementor-section-boxed elementor-section-height-default elementor-section-height-default\" data-id=\"4cfb600\" data-element_type=\"section\">\n\t\t\t\t\t\t<div class=\"elementor-container elementor-column-gap-default\">\n\t\t\t\t\t<div class=\"elementor-column elementor-col-100 elementor-top-column elementor-element elementor-element-b676b57\" data-id=\"b676b57\" data-element_type=\"column\">\n\t\t\t<div class=\"elementor-widget-wrap elementor-element-populated\">\n\t\t\t\t\t\t<div class=\"elementor-element elementor-element-ce75406 elementor-widget elementor-widget-image\" data-id=\"ce75406\" data-element_type=\"widget\" data-widget_type=\"image.default\">\n\t\t\t\t<div class=\"elementor-widget-container\">\n\t\t\t\t\t\t\t\t\t\t\t\t\t\t\t<img fetchpriority=\"high\" decoding=\"async\" width=\"696\" height=\"584\" src=\"https:\/\/pc.sc.gov.br\/\/wp-content\/uploads\/2024\/04\/WhatsApp-Image-2024-03-14-at-1.40.07-PM-1-fotor-20240418163818-1.jpg\" class=\"attachment-large size-large wp-image-19582\" alt=\"\" srcset=\"https:\/\/pc.sc.gov.br\/\/wp-content\/uploads\/2024\/04\/WhatsApp-Image-2024-03-14-at-1.40.07-PM-1-fotor-20240418163818-1.jpg 717w, https:\/\/pc.sc.gov.br\/\/wp-content\/uploads\/2024\/04\/WhatsApp-Image-2024-03-14-at-1.40.07-PM-1-fotor-20240418163818-1-300x252.jpg 300w\" sizes=\"(max-width: 696px) 100vw, 696px\" \/>\t\t\t\t\t\t\t\t\t\t\t\t\t\t\t<\/div>\n\t\t\t\t<\/div>\n\t\t\t\t\t<\/div>\n\t\t<\/div>\n\t\t\t\t\t<\/div>\n\t\t<\/section>\n\t\t\t\t<section class=\"elementor-section elementor-top-section elementor-element elementor-element-a9d5458 elementor-section-boxed elementor-section-height-default elementor-section-height-default\" data-id=\"a9d5458\" data-element_type=\"section\">\n\t\t\t\t\t\t<div class=\"elementor-container elementor-column-gap-default\">\n\t\t\t\t\t<div class=\"elementor-column elementor-col-100 elementor-top-column elementor-element elementor-element-e4b6864\" data-id=\"e4b6864\" data-element_type=\"column\">\n\t\t\t<div class=\"elementor-widget-wrap elementor-element-populated\">\n\t\t\t\t\t\t<div class=\"elementor-element elementor-element-198ea64 elementor-widget elementor-widget-text-editor\" data-id=\"198ea64\" data-element_type=\"widget\" data-widget_type=\"text-editor.default\">\n\t\t\t\t<div class=\"elementor-widget-container\">\n\t\t\t\t\t\t\t\t\t<p>A Pol\u00edcia Civil de Santa Catarina, por meio da Delegacia da Comarca de Indaial, realizou nesta segunda-feira (29) o cumprimento do mandado de pris\u00e3o em desfavor de um homem condenado a 33 anos e 4 meses a pena de reclus\u00e3o, pelos crimes de homic\u00eddio qualificado consumado e tentativa de homic\u00eddio qualificado \u2013 artigo 121, \u00a7 2\u00ba, inciso II, c\/c o artigo 14, inciso II, ambos do C\u00f3digo Penal, e no artigo 121, \u00a7 2\u00ba, incisos II e III, do C\u00f3digo Penal.<\/p>\n<p>O alvo da opera\u00e7\u00e3o deflagrada hoje (29) foi condenado pelo Tribunal do J\u00fari em raz\u00e3o de ter matado uma pessoa e ter quase matado outra em uma briga de bar em Doutor Pedrinho, cidade vizinha de Timb\u00f3, no Vale do Itaja\u00ed, no ano de 2014.<\/p>\n<p>A pris\u00e3o foi efetuada pelo Setor de Investiga\u00e7\u00e3o e Capturas da Delegacia de Indaial, na resid\u00eancia do homem, no bairro Warnow, cidade de Indaial. Por fim, o preso foi encaminhado ao pres\u00eddio e ser\u00e1 submetido \u00e0 audi\u00eancia de cust\u00f3dia nas pr\u00f3ximas 24 horas, ficando, desta forma, \u00e0 disposi\u00e7\u00e3o do Poder Judici\u00e1rio.<span style=\"color: var( --e-global-color-text ); font-family: var( --e-global-typography-primary-font-family ), Sans-serif; font-size: var( --e-global-typography-primary-font-size ); font-weight: var( --e-global-typography-primary-font-weight ); letter-spacing: var( --e-global-typography-primary-letter-spacing );\">&nbsp;<\/span><\/p>\t\t\t\t\t\t\t\t<\/div>\n\t\t\t\t<\/div>\n\t\t\t\t\t<\/div>\n\t\t<\/div>\n\t\t\t\t\t<\/div>\n\t\t<\/section>\n\t\t\t\t<\/div>\n\t\t","protected":false},"excerpt":{"rendered":"<p>Em Indaial, Pol\u00edcia Civil prende homem condenado a 33 anos por crimes de homic\u00eddio no Vale do Itaja\u00ed A Pol\u00edcia Civil de Santa Catarina, por meio da Delegacia da Comarca de Indaial, realizou nesta segunda-feira (29) o cumprimento do mandado de pris\u00e3o em desfavor de um homem condenado a 33 anos e 4 meses a [&hellip;]<\/p>\n","protected":false},"author":5,"featured_media":19292,"comment_status":"closed","ping_status":"open","sticky":false,"template":"","format":"standard","meta":{"_monsterinsights_skip_tracking":false,"_monsterinsights_sitenote_active":false,"_monsterinsights_sitenote_note":"","_monsterinsights_sitenote_category":0,"footnotes":""},"categories":[1],"tags":[],"class_list":["post-19580","post","type-post","status-publish","format-standard","has-post-thumbnail","hentry","category-sem-categoria"],"_links":{"self":[{"href":"https:\/\/pc.sc.gov.br\/index.php?rest_route=\/wp\/v2\/posts\/19580","targetHints":{"allow":["GET"]}}],"collection":[{"href":"https:\/\/pc.sc.gov.br\/index.php?rest_route=\/wp\/v2\/posts"}],"about":[{"href":"https:\/\/pc.sc.gov.br\/index.php?rest_route=\/wp\/v2\/types\/post"}],"author":[{"embeddable":true,"href":"https:\/\/pc.sc.gov.br\/index.php?rest_route=\/wp\/v2\/users\/5"}],"replies":[{"embeddable":true,"href":"https:\/\/pc.sc.gov.br\/index.php?rest_route=%2Fwp%2Fv2%2Fcomments&post=19580"}],"version-history":[{"count":7,"href":"https:\/\/pc.sc.gov.br\/index.php?rest_route=\/wp\/v2\/posts\/19580\/revisions"}],"predecessor-version":[{"id":19588,"href":"https:\/\/pc.sc.gov.br\/index.php?rest_route=\/wp\/v2\/posts\/19580\/revisions\/19588"}],"wp:featuredmedia":[{"embeddable":true,"href":"https:\/\/pc.sc.gov.br\/index.php?rest_route=\/wp\/v2\/media\/19292"}],"wp:attachment":[{"href":"https:\/\/pc.sc.gov.br\/index.php?rest_route=%2Fwp%2Fv2%2Fmedia&parent=19580"}],"wp:term":[{"taxonomy":"category","embeddable":true,"href":"https:\/\/pc.sc.gov.br\/index.php?rest_route=%2Fwp%2Fv2%2Fcategories&post=19580"},{"taxonomy":"post_tag","embeddable":true,"href":"https:\/\/pc.sc.gov.br\/index.php?rest_route=%2Fwp%2Fv2%2Ftags&post=19580"}],"curies":[{"name":"wp","href":"https:\/\/api.w.org\/{rel}","templated":true}]}}